{"id":20709,"date":"2022-02-18T10:39:30","date_gmt":"2022-02-18T09:39:30","guid":{"rendered":"https:\/\/agora.xtec.cat\/ceip-lesferreries-palafolls\/?p=20709"},"modified":"2022-02-18T10:39:30","modified_gmt":"2022-02-18T09:39:30","slug":"prego-del-rei-carnestoltes","status":"publish","type":"post","link":"https:\/\/agora.xtec.cat\/ceip-lesferreries-palafolls\/general\/prego-del-rei-carnestoltes\/","title":{"rendered":"Preg\u00f3 del rei Carnestoltes"},"content":{"rendered":"<p>Ahir a la tarda, a les classes van rebre un correu electr\u00f2nic molt especial i misteri\u00f3s que contenia el seg\u00fcent v\u00eddeo:<\/p>\n<p style=\"text-align: center;\"><iframe loading=\"lazy\" title=\"YouTube video player\" src=\"https:\/\/www.youtube.com\/embed\/5Iu7H0gCAsA\" width=\"560\" height=\"315\" frameborder=\"0\" allowfullscreen=\"allowfullscreen\"><\/iframe><\/p>\n<p>Aix\u00ed doncs, i seguint el que ens ha dit el rei Carnestoltes, les consignes s\u00f3n les seg\u00fcents:<\/p>\n<p>&#8211; Dilluns 21 de febrer: El dilluns un lla\u00e7 o una corbata portar\u00e0s i molt b\u00e9 t&#8217;ho passar\u00e0s! Busca que buscar\u00e0s: al cap, a la cintura o al peu ho portar\u00e0s!<\/p>\n<p>&#8211; Dimarts 22 de febrer: Dimarts anirem ben equipats com si a la neu o la muntanya an\u00e9ssim a passejar!<\/p>\n<p>&#8211; Dimecres 23 de febrer: Tothom s&#8217;ha de vestir&#8230; com si el llit an\u00e9s a dormir!<\/p>\n<p>&#8211; Dijous 24 de febrer: Dijous porta el cap tapat, si no vols agafar un bon refredat!<br \/>\nA LA TARDA, tota l&#8217;escola, celebrarem el dijous llarder. Cal portar un petit entrep\u00e0 i aigua en una motxilla petita.<\/p>\n<p>&#8211; TARDA Divendres 25 de febrer: Tothom disfressat anir\u00e0 i quina il\u00b7lusi\u00f3 ens far\u00e0! (L&#8217;alumnat nom\u00e9s vindr\u00e0 disfressat a la tarda) . Celebrarem de manera interna el carnaval a l&#8217;escola.<\/p>\n<p>&#8211; Dilluns 28 DE FEBRER: Festiu de lliure disposici\u00f3.<\/p>\n<p>&#8211; Dimecres 2 de mar\u00e7: L&#8217;alumnat d&#8217;Educaci\u00f3 Infantil a la tarda celebraran el funeral i l&#8217;enterrament de la sardina. Els nens i nenes han de venir vestits de negre.<\/p>\n<p>Moltes gr\u00e0cies per la vostra col\u00b7laboraci\u00f3 i visca el Carnestoltes!<\/p>\n","protected":false},"excerpt":{"rendered":"<p>Ahir a la tarda, a les classes van rebre un correu electr\u00f2nic molt especial i misteri\u00f3s que contenia el seg\u00fcent v\u00eddeo: Aix\u00ed doncs, i seguint el que ens ha dit el rei Carnestoltes, les consignes s\u00f3n les seg\u00fcents: &#8211; Dilluns 21 de febrer: El dilluns un lla\u00e7 o una corbata portar\u00e0s i molt b\u00e9 t&#8217;ho [&hellip;]<\/p>\n","protected":false},"author":65,"featured_media":20710,"comment_status":"open","ping_status":"closed","sticky":false,"template":"","format":"standard","meta":{"_bbp_topic_count":0,"_bbp_reply_count":0,"_bbp_total_topic_count":0,"_bbp_total_reply_count":0,"_bbp_voice_count":0,"_bbp_anonymous_reply_count":0,"_bbp_topic_count_hidden":0,"_bbp_reply_count_hidden":0,"_bbp_forum_subforum_count":0,"site-sidebar-layout":"default","site-content-layout":"","ast-site-content-layout":"","site-content-style":"default","site-sidebar-style":"default","ast-global-header-display":"","ast-banner-title-visibility":"","ast-main-header-display":"","ast-hfb-above-header-display":"","ast-hfb-below-header-display":"","ast-hfb-mobile-header-display":"","site-post-title":"","ast-breadcrumbs-content":"","ast-featured-img":"","footer-sml-layout":"","theme-transparent-header-meta":"","adv-header-id-meta":"","stick-header-meta":"","header-above-stick-meta":"","header-main-stick-meta":"","header-below-stick-meta":"","astra-migrate-meta-layouts":"default","ast-page-background-enabled":"default","ast-page-background-meta":{"desktop":{"background-color":"var(--ast-global-color-4)","background-image":"","background-repeat":"repeat","background-position":"center center","background-size":"auto","background-attachment":"scroll","background-type":"","background-media":"","overlay-type":"","overlay-color":"","overlay-opacity":"","overlay-gradient":""},"tablet":{"background-color":"","background-image":"","background-repeat":"repeat","background-position":"center center","background-size":"auto","background-attachment":"scroll","background-type":"","background-media":"","overlay-type":"","overlay-color":"","overlay-opacity":"","overlay-gradient":""},"mobile":{"background-color":"","background-image":"","background-repeat":"repeat","background-position":"center center","background-size":"auto","background-attachment":"scroll","background-type":"","background-media":"","overlay-type":"","overlay-color":"","overlay-opacity":"","overlay-gradient":""}},"ast-content-background-meta":{"desktop":{"background-color":"var(--ast-global-color-5)","background-image":"","background-repeat":"repeat","background-position":"center center","background-size":"auto","background-attachment":"scroll","background-type":"","background-media":"","overlay-type":"","overlay-color":"","overlay-opacity":"","overlay-gradient":""},"tablet":{"background-color":"var(--ast-global-color-5)","background-image":"","background-repeat":"repeat","background-position":"center center","background-size":"auto","background-attachment":"scroll","background-type":"","background-media":"","overlay-type":"","overlay-color":"","overlay-opacity":"","overlay-gradient":""},"mobile":{"background-color":"var(--ast-global-color-5)","background-image":"","background-repeat":"repeat","background-position":"center center","background-size":"auto","background-attachment":"scroll","background-type":"","background-media":"","overlay-type":"","overlay-color":"","overlay-opacity":"","overlay-gradient":""}},"footnotes":""},"categories":[22,34,1,4],"tags":[193,191,605],"class_list":["post-20709","post","type-post","status-publish","format-standard","has-post-thumbnail","hentry","category-activitats","category-festes-populars","category-general","category-portada","tag-carnaval","tag-carnestoltes","tag-prego"],"post_mailing_queue_ids":[],"_links":{"self":[{"href":"https:\/\/agora.xtec.cat\/ceip-lesferreries-palafolls\/wp-json\/wp\/v2\/posts\/20709","targetHints":{"allow":["GET"]}}],"collection":[{"href":"https:\/\/agora.xtec.cat\/ceip-lesferreries-palafolls\/wp-json\/wp\/v2\/posts"}],"about":[{"href":"https:\/\/agora.xtec.cat\/ceip-lesferreries-palafolls\/wp-json\/wp\/v2\/types\/post"}],"author":[{"embeddable":true,"href":"https:\/\/agora.xtec.cat\/ceip-lesferreries-palafolls\/wp-json\/wp\/v2\/users\/65"}],"replies":[{"embeddable":true,"href":"https:\/\/agora.xtec.cat\/ceip-lesferreries-palafolls\/wp-json\/wp\/v2\/comments?post=20709"}],"version-history":[{"count":1,"href":"https:\/\/agora.xtec.cat\/ceip-lesferreries-palafolls\/wp-json\/wp\/v2\/posts\/20709\/revisions"}],"predecessor-version":[{"id":20711,"href":"https:\/\/agora.xtec.cat\/ceip-lesferreries-palafolls\/wp-json\/wp\/v2\/posts\/20709\/revisions\/20711"}],"wp:featuredmedia":[{"embeddable":true,"href":"https:\/\/agora.xtec.cat\/ceip-lesferreries-palafolls\/wp-json\/wp\/v2\/media\/20710"}],"wp:attachment":[{"href":"https:\/\/agora.xtec.cat\/ceip-lesferreries-palafolls\/wp-json\/wp\/v2\/media?parent=20709"}],"wp:term":[{"taxonomy":"category","embeddable":true,"href":"https:\/\/agora.xtec.cat\/ceip-lesferreries-palafolls\/wp-json\/wp\/v2\/categories?post=20709"},{"taxonomy":"post_tag","embeddable":true,"href":"https:\/\/agora.xtec.cat\/ceip-lesferreries-palafolls\/wp-json\/wp\/v2\/tags?post=20709"}],"curies":[{"name":"wp","href":"https:\/\/api.w.org\/{rel}","templated":true}]}}