{"id":20537,"date":"2021-12-22T20:45:16","date_gmt":"2021-12-22T19:45:16","guid":{"rendered":"https:\/\/agora.xtec.cat\/ceip-lesferreries-palafolls\/?p=20537"},"modified":"2025-10-21T10:14:33","modified_gmt":"2025-10-21T08:14:33","slug":"celebrem-el-nadal-a-ei5","status":"publish","type":"post","link":"https:\/\/agora.xtec.cat\/ceip-lesferreries-palafolls\/general\/celebrem-el-nadal-a-ei5\/","title":{"rendered":"Celebrem el nadal a EI5"},"content":{"rendered":"<p>Durant aquest dies de desembre hem realitzat diferents activitats relacionades amb aquesta festa tradicional. L\u20191 de desembre vam inaugurar el nostre calendari d\u2019advent. Tots i totes l\u2019esper\u00e0vem amb alegria. Cada dia apareixia un nou repte: endevinalles, embarbussaments, dites, poemes, can\u00e7ons i enigmes per poder obtenir la dol\u00e7a sorpresa. El dia 10 vam sortir a buscar els nostres tions. Per\u00f2 aquest any ens van fer suar de valent per conv\u00e8nce\u2019ls que amb nosaltres estarien la mar de b\u00e9. Ens van proposar fer una petita gimcana on vam netejar el bosc (el seu estimat h\u00e0bitat), buscar els seus amics, els animals i trobar diferents aliments silvestres amb els que s\u2019alimenten. Ens ho vam passar pipa, vam aprendre molt i\u2026 vam aconseguir dos tions!!<\/p>\n<p>Els \u00faltims dies vam celebrar el festival i l\u2019arribada del patges amb un gust agredol\u00e7 ja que no est\u00e0vem tots i totes.\u00a0Us vam trobar a faltar, per\u00f2 igualment us vam dur al nostre cor.<\/p>\n<p>Esperem que aquestes festes gaudiu de les petites coses de la vida, que realment s\u00f3n les m\u00e9s importants!<\/p>\n<p>Bon Nadal!<\/p>\n<p>Cliqueu a l\u2019enlla\u00e7 per veure les fotografies<\/p>\n<p><a href=\"https:\/\/photos.app.goo.gl\/Ed1TUdrX18atXbdn7\">https:\/\/photos.app.goo.gl\/Ed1TUdrX18atXbdn7<\/a><\/p>\n","protected":false},"excerpt":{"rendered":"<p>Durant aquest dies de desembre hem realitzat diferents activitats relacionades amb aquesta festa tradicional. L\u20191 de desembre vam inaugurar el nostre calendari d\u2019advent. Tots i totes l\u2019esper\u00e0vem amb alegria. Cada dia apareixia un nou repte: endevinalles, embarbussaments, dites, poemes, can\u00e7ons i enigmes per poder obtenir la dol\u00e7a sorpresa. El dia 10 vam sortir a buscar [&hellip;]<\/p>\n","protected":false},"author":113,"featured_media":20539,"comment_status":"open","ping_status":"closed","sticky":false,"template":"","format":"standard","meta":{"_bbp_topic_count":0,"_bbp_reply_count":0,"_bbp_total_topic_count":0,"_bbp_total_reply_count":0,"_bbp_voice_count":0,"_bbp_anonymous_reply_count":0,"_bbp_topic_count_hidden":0,"_bbp_reply_count_hidden":0,"_bbp_forum_subforum_count":0,"site-sidebar-layout":"default","site-content-layout":"","ast-site-content-layout":"","site-content-style":"default","site-sidebar-style":"default","ast-global-header-display":"","ast-banner-title-visibility":"","ast-main-header-display":"","ast-hfb-above-header-display":"","ast-hfb-below-header-display":"","ast-hfb-mobile-header-display":"","site-post-title":"","ast-breadcrumbs-content":"","ast-featured-img":"","footer-sml-layout":"","theme-transparent-header-meta":"","adv-header-id-meta":"","stick-header-meta":"","header-above-stick-meta":"","header-main-stick-meta":"","header-below-stick-meta":"","astra-migrate-meta-layouts":"default","ast-page-background-enabled":"default","ast-page-background-meta":{"desktop":{"background-color":"var(--ast-global-color-4)","background-image":"","background-repeat":"repeat","background-position":"center center","background-size":"auto","background-attachment":"scroll","background-type":"","background-media":"","overlay-type":"","overlay-color":"","overlay-opacity":"","overlay-gradient":""},"tablet":{"background-color":"","background-image":"","background-repeat":"repeat","background-position":"center center","background-size":"auto","background-attachment":"scroll","background-type":"","background-media":"","overlay-type":"","overlay-color":"","overlay-opacity":"","overlay-gradient":""},"mobile":{"background-color":"","background-image":"","background-repeat":"repeat","background-position":"center center","background-size":"auto","background-attachment":"scroll","background-type":"","background-media":"","overlay-type":"","overlay-color":"","overlay-opacity":"","overlay-gradient":""}},"ast-content-background-meta":{"desktop":{"background-color":"var(--ast-global-color-5)","background-image":"","background-repeat":"repeat","background-position":"center center","background-size":"auto","background-attachment":"scroll","background-type":"","background-media":"","overlay-type":"","overlay-color":"","overlay-opacity":"","overlay-gradient":""},"tablet":{"background-color":"var(--ast-global-color-5)","background-image":"","background-repeat":"repeat","background-position":"center center","background-size":"auto","background-attachment":"scroll","background-type":"","background-media":"","overlay-type":"","overlay-color":"","overlay-opacity":"","overlay-gradient":""},"mobile":{"background-color":"var(--ast-global-color-5)","background-image":"","background-repeat":"repeat","background-position":"center center","background-size":"auto","background-attachment":"scroll","background-type":"","background-media":"","overlay-type":"","overlay-color":"","overlay-opacity":"","overlay-gradient":""}},"footnotes":""},"categories":[668,669,1086,36,1,4],"tags":[],"class_list":["post-20537","post","type-post","status-publish","format-standard","has-post-thumbnail","hentry","category-2019-2028-grup-a","category-2019-2028-grup-b","category-cicle-mitja","category-galeria","category-general","category-portada"],"post_mailing_queue_ids":[],"_links":{"self":[{"href":"https:\/\/agora.xtec.cat\/ceip-lesferreries-palafolls\/wp-json\/wp\/v2\/posts\/20537","targetHints":{"allow":["GET"]}}],"collection":[{"href":"https:\/\/agora.xtec.cat\/ceip-lesferreries-palafolls\/wp-json\/wp\/v2\/posts"}],"about":[{"href":"https:\/\/agora.xtec.cat\/ceip-lesferreries-palafolls\/wp-json\/wp\/v2\/types\/post"}],"author":[{"embeddable":true,"href":"https:\/\/agora.xtec.cat\/ceip-lesferreries-palafolls\/wp-json\/wp\/v2\/users\/113"}],"replies":[{"embeddable":true,"href":"https:\/\/agora.xtec.cat\/ceip-lesferreries-palafolls\/wp-json\/wp\/v2\/comments?post=20537"}],"version-history":[{"count":3,"href":"https:\/\/agora.xtec.cat\/ceip-lesferreries-palafolls\/wp-json\/wp\/v2\/posts\/20537\/revisions"}],"predecessor-version":[{"id":20542,"href":"https:\/\/agora.xtec.cat\/ceip-lesferreries-palafolls\/wp-json\/wp\/v2\/posts\/20537\/revisions\/20542"}],"wp:featuredmedia":[{"embeddable":true,"href":"https:\/\/agora.xtec.cat\/ceip-lesferreries-palafolls\/wp-json\/wp\/v2\/media\/20539"}],"wp:attachment":[{"href":"https:\/\/agora.xtec.cat\/ceip-lesferreries-palafolls\/wp-json\/wp\/v2\/media?parent=20537"}],"wp:term":[{"taxonomy":"category","embeddable":true,"href":"https:\/\/agora.xtec.cat\/ceip-lesferreries-palafolls\/wp-json\/wp\/v2\/categories?post=20537"},{"taxonomy":"post_tag","embeddable":true,"href":"https:\/\/agora.xtec.cat\/ceip-lesferreries-palafolls\/wp-json\/wp\/v2\/tags?post=20537"}],"curies":[{"name":"wp","href":"https:\/\/api.w.org\/{rel}","templated":true}]}}