{"id":20507,"date":"2021-12-14T16:08:29","date_gmt":"2021-12-14T15:08:29","guid":{"rendered":"https:\/\/agora.xtec.cat\/ceip-lesferreries-palafolls\/?p=20507"},"modified":"2021-12-14T16:08:29","modified_gmt":"2021-12-14T15:08:29","slug":"fruita-a-lescola-curs-21-22","status":"publish","type":"post","link":"https:\/\/agora.xtec.cat\/ceip-lesferreries-palafolls\/general\/fruita-a-lescola-curs-21-22\/","title":{"rendered":"FRUITA A L&#8217;ESCOLA CURS 21-22"},"content":{"rendered":"<p><span style=\"font-size: 14px;\">Aquest curs l\u2019escola torna a participar del programa escolar de fruita promogut pel departament d\u2019Agricultura, Ramaderia, Pesca i Alimentaci\u00f3. <a href=\"https:\/\/agora.xtec.cat\/ceip-lesferreries-palafolls\/wp-content\/uploads\/usu670\/2021\/12\/triptic-programa-consum-fruita-hortalisses-escoles-unio-europea.pdf\" target=\"_blank\" rel=\"noopener\">Tr\u00edptic programa consum fruita hortalisses escoles uni\u00f3 europea<\/a><\/span><\/p>\n<p><span style=\"font-size: 14px;\">En relaci\u00f3 amb el Programa Escolar de Fruita del curs escolar 2021\/21, us informem que l\u2019escola rebrem <b>entregues mensuals<\/b>, de desembre a juny de 2021, amb un total de 3 o 4 peces\/racions de fruites i\/o hortalisses fresques per a cada nen\/a\u00a0<strong>d\u2019educaci\u00f3 infantil i prim\u00e0ria<\/strong>, en total \u00a0durant el curs es distribuiran 25 peces\/racions per nen.<\/span><\/p>\n<ul>\n<li><span style=\"color: #000000; font-family: tahoma, sans-serif; font-size: 14px;\"><b>Desembre 2022.<\/b> Del dimarts 14 fins el divendres 17: mandarina i ra\u00efm.<\/span><\/li>\n<li><span style=\"color: #000000; font-family: tahoma, sans-serif; font-size: 14px;\"><strong>Gener<\/strong><b> 2022.<\/b>\u00a0Mandarina IGP (150 g\/alumne), Pera DOP (200 g\/alumne), Poma IGP (200 g\/alumne)<\/span><\/li>\n<li><span style=\"color: #000000; font-family: tahoma, sans-serif; font-size: 14px;\"><b>Febrer 2022.<\/b>\u00a0Taronja IGP (210 g\/alumne), Pl\u00e0tan IGP (200 g\/alumne), Pera DOP (200 g\/alumne)<\/span><\/li>\n<li><span style=\"color: #000000; font-family: tahoma, sans-serif; font-size: 14px;\"><b><b>Mar\u00e7 2022<\/b><span style=\"font-weight: normal;\">. Taronja IGP (210 g\/alumne), Pl\u00e0tan IGP addicional aportat per AFRUCAT (200 g\/alumne), Pera DOP addiconal aportada per AFRUCAT (200 g\/alumne)<\/span><\/b><\/span><\/li>\n<li><span style=\"color: #000000; font-family: tahoma, sans-serif; font-size: 14px;\"><b>Abril 2022.<\/b>\u00a0No hi ha repartiment<\/span><\/li>\n<li><span style=\"color: #000000; font-family: tahoma, sans-serif; font-size: 14px;\"><b>Maig 2022.<\/b>\u00a0Tom\u00e0quet Cherry (80 g\/alumne), Albercoc (120 g\/alumne)<\/span><\/li>\n<li><span style=\"font-size: 14px;\"><span style=\"color: #000000; font-family: tahoma, sans-serif;\"><b>Juny 2022.<\/b> Nectarina (180 g\/alumne), Pr\u00e9ssec (180 g\/alumne), Cirera (120 g\/alumne)<\/span><\/span><\/li>\n<\/ul>\n<p><span style=\"font-size: 14px;\"><span style=\"color: #000000; font-family: inherit;\">Hi pot haver canvis de fruita entre els mesos del trimestre, sempre amb la finalitat d&#8217;aportar la m\u00e0xima qualitat en les fruites que es reparteixen cada mes.<\/span><\/span><\/p>\n<p><span style=\"font-size: 14px;\">Trobareu m\u00e9s informaci\u00f3 al respecte a:\u00a0<a href=\"http:\/\/agricultura.gencat.cat\/ca\/ambits\/alimentacio\/promocio-agroalimentaria\/fruita-llet-escoles\/fruita-escoles\/\" target=\"_blank\" rel=\"noopener noreferrer\">http:\/\/agricultura.gencat.cat\/ca\/ambits\/alimentacio\/promocio-agroalimentaria\/fruita-llet-escoles\/fruita-escoles\/<\/a>\u00a0 i concursos, activitats i receptes a:\u00a0<a href=\"http:\/\/fruita.cat\/\" target=\"_blank\" rel=\"noopener noreferrer\">http:\/\/fruita.cat\/<\/a><\/span><\/p>\n<p><span style=\"font-size: 14px;\"><a href=\"https:\/\/agora.xtec.cat\/ceip-lesferreries-palafolls\/wp-content\/uploads\/usu670\/2018\/11\/cartell-programa-consum-fruita-hortalisses-escoles-unio-europea.pdf\" target=\"_blank\" rel=\"noopener\">cartell-programa-consum-fruita-hortalisses-escoles-unio-europea<\/a><\/span><\/p>\n","protected":false},"excerpt":{"rendered":"<p>Aquest curs l\u2019escola torna a participar del programa escolar de fruita promogut pel departament d\u2019Agricultura, Ramaderia, Pesca i Alimentaci\u00f3. Tr\u00edptic programa consum fruita hortalisses escoles uni\u00f3 europea En relaci\u00f3 amb el Programa Escolar de Fruita del curs escolar 2021\/21, us informem que l\u2019escola rebrem entregues mensuals, de desembre a juny de 2021, amb un total [&hellip;]<\/p>\n","protected":false},"author":65,"featured_media":20509,"comment_status":"open","ping_status":"closed","sticky":false,"template":"","format":"standard","meta":{"_bbp_topic_count":0,"_bbp_reply_count":0,"_bbp_total_topic_count":0,"_bbp_total_reply_count":0,"_bbp_voice_count":0,"_bbp_anonymous_reply_count":0,"_bbp_topic_count_hidden":0,"_bbp_reply_count_hidden":0,"_bbp_forum_subforum_count":0,"site-sidebar-layout":"default","site-content-layout":"","ast-site-content-layout":"","site-content-style":"default","site-sidebar-style":"default","ast-global-header-display":"","ast-banner-title-visibility":"","ast-main-header-display":"","ast-hfb-above-header-display":"","ast-hfb-below-header-display":"","ast-hfb-mobile-header-display":"","site-post-title":"","ast-breadcrumbs-content":"","ast-featured-img":"","footer-sml-layout":"","theme-transparent-header-meta":"","adv-header-id-meta":"","stick-header-meta":"","header-above-stick-meta":"","header-main-stick-meta":"","header-below-stick-meta":"","astra-migrate-meta-layouts":"default","ast-page-background-enabled":"default","ast-page-background-meta":{"desktop":{"background-color":"var(--ast-global-color-4)","background-image":"","background-repeat":"repeat","background-position":"center center","background-size":"auto","background-attachment":"scroll","background-type":"","background-media":"","overlay-type":"","overlay-color":"","overlay-opacity":"","overlay-gradient":""},"tablet":{"background-color":"","background-image":"","background-repeat":"repeat","background-position":"center center","background-size":"auto","background-attachment":"scroll","background-type":"","background-media":"","overlay-type":"","overlay-color":"","overlay-opacity":"","overlay-gradient":""},"mobile":{"background-color":"","background-image":"","background-repeat":"repeat","background-position":"center center","background-size":"auto","background-attachment":"scroll","background-type":"","background-media":"","overlay-type":"","overlay-color":"","overlay-opacity":"","overlay-gradient":""}},"ast-content-background-meta":{"desktop":{"background-color":"var(--ast-global-color-5)","background-image":"","background-repeat":"repeat","background-position":"center center","background-size":"auto","background-attachment":"scroll","background-type":"","background-media":"","overlay-type":"","overlay-color":"","overlay-opacity":"","overlay-gradient":""},"tablet":{"background-color":"var(--ast-global-color-5)","background-image":"","background-repeat":"repeat","background-position":"center center","background-size":"auto","background-attachment":"scroll","background-type":"","background-media":"","overlay-type":"","overlay-color":"","overlay-opacity":"","overlay-gradient":""},"mobile":{"background-color":"var(--ast-global-color-5)","background-image":"","background-repeat":"repeat","background-position":"center center","background-size":"auto","background-attachment":"scroll","background-type":"","background-media":"","overlay-type":"","overlay-color":"","overlay-opacity":"","overlay-gradient":""}},"footnotes":""},"categories":[1,4],"tags":[795,706],"class_list":["post-20507","post","type-post","status-publish","format-standard","has-post-thumbnail","hentry","category-general","category-portada","tag-fruita","tag-fruita-a-lescola"],"post_mailing_queue_ids":[],"_links":{"self":[{"href":"https:\/\/agora.xtec.cat\/ceip-lesferreries-palafolls\/wp-json\/wp\/v2\/posts\/20507","targetHints":{"allow":["GET"]}}],"collection":[{"href":"https:\/\/agora.xtec.cat\/ceip-lesferreries-palafolls\/wp-json\/wp\/v2\/posts"}],"about":[{"href":"https:\/\/agora.xtec.cat\/ceip-lesferreries-palafolls\/wp-json\/wp\/v2\/types\/post"}],"author":[{"embeddable":true,"href":"https:\/\/agora.xtec.cat\/ceip-lesferreries-palafolls\/wp-json\/wp\/v2\/users\/65"}],"replies":[{"embeddable":true,"href":"https:\/\/agora.xtec.cat\/ceip-lesferreries-palafolls\/wp-json\/wp\/v2\/comments?post=20507"}],"version-history":[{"count":1,"href":"https:\/\/agora.xtec.cat\/ceip-lesferreries-palafolls\/wp-json\/wp\/v2\/posts\/20507\/revisions"}],"predecessor-version":[{"id":20511,"href":"https:\/\/agora.xtec.cat\/ceip-lesferreries-palafolls\/wp-json\/wp\/v2\/posts\/20507\/revisions\/20511"}],"wp:featuredmedia":[{"embeddable":true,"href":"https:\/\/agora.xtec.cat\/ceip-lesferreries-palafolls\/wp-json\/wp\/v2\/media\/20509"}],"wp:attachment":[{"href":"https:\/\/agora.xtec.cat\/ceip-lesferreries-palafolls\/wp-json\/wp\/v2\/media?parent=20507"}],"wp:term":[{"taxonomy":"category","embeddable":true,"href":"https:\/\/agora.xtec.cat\/ceip-lesferreries-palafolls\/wp-json\/wp\/v2\/categories?post=20507"},{"taxonomy":"post_tag","embeddable":true,"href":"https:\/\/agora.xtec.cat\/ceip-lesferreries-palafolls\/wp-json\/wp\/v2\/tags?post=20507"}],"curies":[{"name":"wp","href":"https:\/\/api.w.org\/{rel}","templated":true}]}}