{"id":20503,"date":"2021-12-21T17:22:25","date_gmt":"2021-12-21T16:22:25","guid":{"rendered":"https:\/\/agora.xtec.cat\/ceip-lesferreries-palafolls\/?p=20503"},"modified":"2025-10-21T10:12:08","modified_gmt":"2025-10-21T08:12:08","slug":"activitats-a-ei%c2%b73","status":"publish","type":"post","link":"https:\/\/agora.xtec.cat\/ceip-lesferreries-palafolls\/general\/activitats-a-ei%c2%b73\/","title":{"rendered":"Activitats a  EI\u00b73"},"content":{"rendered":"<p>Hola fam\u00edlies!<br \/>\nEl primer trimestre dels m\u00e9s petits de l&#8217;escola ha acabat uns dies abans del que tocava&#8230; Esperem que tothom  es trobi b\u00e9 i que pugueu gaudir de les vacances en fam\u00edlia tant com sigui possible.<br \/>\nDurant aquests primers mesos, els infants han  dut a terme un munt d&#8217;activitats de tot tipus. Us convidem a mirar les fotografies i compartir tots plegats els moments viscuts a l&#8217;escola.<br \/>\nBones festes! Ens veiem a la tornada!<br \/>\n<a href=\"https:\/\/photos.app.goo.gl\/44jLLyzKayEcAZ5w9\">SOM LA CLASSE DE&#8230;<\/a><br \/>\n<a href=\"https:\/\/photos.app.goo.gl\/vG7vDAR6HjCWxFxi6\">LA TARDOR<\/a><br \/>\n<a href=\"https:\/\/photos.app.goo.gl\/uVj9zHDxY4dKMg617\">EL TREBALL\/JOC ALS RACONS<\/a><br \/>\n<a href=\"https:\/\/photos.app.goo.gl\/MdZeJN6pUsPSktJW7\">M\u00daSICA<\/a><br \/>\n<a href=\"https:\/\/photos.app.goo.gl\/ZEDxNLQWhUEpCjaA7\">JOC SIMB\u00d2LIC<\/a><br \/>\n<a href=\"https:\/\/photos.app.goo.gl\/2BeVXnwcMpB5XwMX9\">PSICOMOTRICITAT<\/a><br \/>\n<a href=\"https:\/\/photos.app.goo.gl\/iL1i82iWePqeXBtP6\">JUGUEM I APRENEM<\/a><br \/>\n<a href=\"https:\/\/photos.app.goo.gl\/hsBoa3fWx99gHYvP7\">TREBALL A L&#8217;AULA<\/a><br \/>\n<a href=\"https:\/\/photos.app.goo.gl\/Y27xGNqEGBaqLci29\">PL\u00c0STICA I EXPERIMENTACI\u00d3<\/a><br \/>\n<a href=\"https:\/\/photos.app.goo.gl\/bQxSrYH2xhy66uKDA\">EL NADAL<\/a><br \/>\n<a href=\"https:\/\/photos.app.goo.gl\/YKNdkW9ZW5gPQ1ki8\">ANIVERSARIS PRIMER TRIMESTRE<\/a><\/p>\n","protected":false},"excerpt":{"rendered":"<p>Hola fam\u00edlies! El primer trimestre dels m\u00e9s petits de l&#8217;escola ha acabat uns dies abans del que tocava&#8230; Esperem que tothom es trobi b\u00e9 i que pugueu gaudir de les vacances en fam\u00edlia tant com sigui possible. Durant aquests primers mesos, els infants han dut a terme un munt d&#8217;activitats de tot tipus. Us convidem [&hellip;]<\/p>\n","protected":false},"author":103,"featured_media":18983,"comment_status":"open","ping_status":"closed","sticky":false,"template":"","format":"standard","meta":{"_bbp_topic_count":0,"_bbp_reply_count":0,"_bbp_total_topic_count":0,"_bbp_total_reply_count":0,"_bbp_voice_count":0,"_bbp_anonymous_reply_count":0,"_bbp_topic_count_hidden":0,"_bbp_reply_count_hidden":0,"_bbp_forum_subforum_count":0,"site-sidebar-layout":"default","site-content-layout":"","ast-site-content-layout":"","site-content-style":"default","site-sidebar-style":"default","ast-global-header-display":"","ast-banner-title-visibility":"","ast-main-header-display":"","ast-hfb-above-header-display":"","ast-hfb-below-header-display":"","ast-hfb-mobile-header-display":"","site-post-title":"","ast-breadcrumbs-content":"","ast-featured-img":"","footer-sml-layout":"","theme-transparent-header-meta":"","adv-header-id-meta":"","stick-header-meta":"","header-above-stick-meta":"","header-main-stick-meta":"","header-below-stick-meta":"","astra-migrate-meta-layouts":"default","ast-page-background-enabled":"default","ast-page-background-meta":{"desktop":{"background-color":"var(--ast-global-color-4)","background-image":"","background-repeat":"repeat","background-position":"center center","background-size":"auto","background-attachment":"scroll","background-type":"","background-media":"","overlay-type":"","overlay-color":"","overlay-opacity":"","overlay-gradient":""},"tablet":{"background-color":"","background-image":"","background-repeat":"repeat","background-position":"center center","background-size":"auto","background-attachment":"scroll","background-type":"","background-media":"","overlay-type":"","overlay-color":"","overlay-opacity":"","overlay-gradient":""},"mobile":{"background-color":"","background-image":"","background-repeat":"repeat","background-position":"center center","background-size":"auto","background-attachment":"scroll","background-type":"","background-media":"","overlay-type":"","overlay-color":"","overlay-opacity":"","overlay-gradient":""}},"ast-content-background-meta":{"desktop":{"background-color":"var(--ast-global-color-5)","background-image":"","background-repeat":"repeat","background-position":"center center","background-size":"auto","background-attachment":"scroll","background-type":"","background-media":"","overlay-type":"","overlay-color":"","overlay-opacity":"","overlay-gradient":""},"tablet":{"background-color":"var(--ast-global-color-5)","background-image":"","background-repeat":"repeat","background-position":"center center","background-size":"auto","background-attachment":"scroll","background-type":"","background-media":"","overlay-type":"","overlay-color":"","overlay-opacity":"","overlay-gradient":""},"mobile":{"background-color":"var(--ast-global-color-5)","background-image":"","background-repeat":"repeat","background-position":"center center","background-size":"auto","background-attachment":"scroll","background-type":"","background-media":"","overlay-type":"","overlay-color":"","overlay-opacity":"","overlay-gradient":""}},"footnotes":""},"categories":[830,831,1085,33,36,1,4],"tags":[],"class_list":["post-20503","post","type-post","status-publish","format-standard","has-post-thumbnail","hentry","category-2021-2030-grup-a","category-2021-2030-grup-b","category-cicle-inicial","category-educacio-infantil","category-galeria","category-general","category-portada"],"post_mailing_queue_ids":[],"_links":{"self":[{"href":"https:\/\/agora.xtec.cat\/ceip-lesferreries-palafolls\/wp-json\/wp\/v2\/posts\/20503","targetHints":{"allow":["GET"]}}],"collection":[{"href":"https:\/\/agora.xtec.cat\/ceip-lesferreries-palafolls\/wp-json\/wp\/v2\/posts"}],"about":[{"href":"https:\/\/agora.xtec.cat\/ceip-lesferreries-palafolls\/wp-json\/wp\/v2\/types\/post"}],"author":[{"embeddable":true,"href":"https:\/\/agora.xtec.cat\/ceip-lesferreries-palafolls\/wp-json\/wp\/v2\/users\/103"}],"replies":[{"embeddable":true,"href":"https:\/\/agora.xtec.cat\/ceip-lesferreries-palafolls\/wp-json\/wp\/v2\/comments?post=20503"}],"version-history":[{"count":3,"href":"https:\/\/agora.xtec.cat\/ceip-lesferreries-palafolls\/wp-json\/wp\/v2\/posts\/20503\/revisions"}],"predecessor-version":[{"id":20524,"href":"https:\/\/agora.xtec.cat\/ceip-lesferreries-palafolls\/wp-json\/wp\/v2\/posts\/20503\/revisions\/20524"}],"wp:featuredmedia":[{"embeddable":true,"href":"https:\/\/agora.xtec.cat\/ceip-lesferreries-palafolls\/wp-json\/wp\/v2\/media\/18983"}],"wp:attachment":[{"href":"https:\/\/agora.xtec.cat\/ceip-lesferreries-palafolls\/wp-json\/wp\/v2\/media?parent=20503"}],"wp:term":[{"taxonomy":"category","embeddable":true,"href":"https:\/\/agora.xtec.cat\/ceip-lesferreries-palafolls\/wp-json\/wp\/v2\/categories?post=20503"},{"taxonomy":"post_tag","embeddable":true,"href":"https:\/\/agora.xtec.cat\/ceip-lesferreries-palafolls\/wp-json\/wp\/v2\/tags?post=20503"}],"curies":[{"name":"wp","href":"https:\/\/api.w.org\/{rel}","templated":true}]}}