{"id":20488,"date":"2021-11-26T12:11:28","date_gmt":"2021-11-26T11:11:28","guid":{"rendered":"https:\/\/agora.xtec.cat\/ceip-lesferreries-palafolls\/?p=20488"},"modified":"2025-10-21T10:10:44","modified_gmt":"2025-10-21T08:10:44","slug":"visita-a-la-biblioteca-2n-b","status":"publish","type":"post","link":"https:\/\/agora.xtec.cat\/ceip-lesferreries-palafolls\/general\/visita-a-la-biblioteca-2n-b\/","title":{"rendered":"VISITA A LA BIBLIOTECA 2n B"},"content":{"rendered":"<p>El passat 18 de novembre els alumnes de 2n B vam anar a visitar la biblioteca.<\/p>\n<p>Pr\u00e8viament, vam rebre un tr\u00edptic on animava als SOLS a fer-se el carnet. Tots els pares i mares van tornar el document signat per poder fer-se el carnet el dia de la visita.<\/p>\n<p>Aix\u00ed que vam anar caminant, vam esmorzar al parc i abans d\u2019entrar ens vam dividir en dos grups de dos colors diferents: els guanyadors i les fulles de la tardor, cadasc\u00fa amb el seu capit\u00e0 o capitana.<\/p>\n<p>Quan vam entrar, la Sabina ens va explicar que estan fent un projecte molt interessant perqu\u00e8 els nens i nenes del poble s\u2019animin a llegir. Van fer un joc de pistes on vam trobar paraules. Van inventar-se un conte i despr\u00e9s el van representar.<\/p>\n<p>Ens ho vam passar d\u2019all\u00f2 m\u00e9s b\u00e9!!<\/p>\n<p>Ens vam quedar amb les ganes de tornar-hi per poder fer lectura i triar llibres\u2026 aix\u00ed que de ben segur que tornarem !!<\/p>\n<p>Abans de marxar ens van fer entrega de tots els carnets i aix\u00ed podem tornar amb les nostres fam\u00edlies a agafar llibres.<\/p>\n<p>Us deixo l\u2019enlla\u00e7 de les fotografies que vam fer.<\/p>\n<p><a href=\"https:\/\/photos.app.goo.gl\/3wcAJo8ZVCixHVmp9\">https:\/\/photos.app.goo.gl\/3wcAJo8ZVCixHVmp9<\/a><\/p>\n<p>&nbsp;<\/p>\n","protected":false},"excerpt":{"rendered":"<p>El passat 18 de novembre els alumnes de 2n B vam anar a visitar la biblioteca. Pr\u00e8viament, vam rebre un tr\u00edptic on animava als SOLS a fer-se el carnet. Tots els pares i mares van tornar el document signat per poder fer-se el carnet el dia de la visita. Aix\u00ed que vam anar caminant, vam [&hellip;]<\/p>\n","protected":false},"author":110,"featured_media":20470,"comment_status":"open","ping_status":"closed","sticky":false,"template":"","format":"standard","meta":{"_bbp_topic_count":0,"_bbp_reply_count":0,"_bbp_total_topic_count":0,"_bbp_total_reply_count":0,"_bbp_voice_count":0,"_bbp_anonymous_reply_count":0,"_bbp_topic_count_hidden":0,"_bbp_reply_count_hidden":0,"_bbp_forum_subforum_count":0,"site-sidebar-layout":"default","site-content-layout":"","ast-site-content-layout":"","site-content-style":"default","site-sidebar-style":"default","ast-global-header-display":"","ast-banner-title-visibility":"","ast-main-header-display":"","ast-hfb-above-header-display":"","ast-hfb-below-header-display":"","ast-hfb-mobile-header-display":"","site-post-title":"","ast-breadcrumbs-content":"","ast-featured-img":"","footer-sml-layout":"","theme-transparent-header-meta":"","adv-header-id-meta":"","stick-header-meta":"","header-above-stick-meta":"","header-main-stick-meta":"","header-below-stick-meta":"","astra-migrate-meta-layouts":"default","ast-page-background-enabled":"default","ast-page-background-meta":{"desktop":{"background-color":"var(--ast-global-color-4)","background-image":"","background-repeat":"repeat","background-position":"center center","background-size":"auto","background-attachment":"scroll","background-type":"","background-media":"","overlay-type":"","overlay-color":"","overlay-opacity":"","overlay-gradient":""},"tablet":{"background-color":"","background-image":"","background-repeat":"repeat","background-position":"center center","background-size":"auto","background-attachment":"scroll","background-type":"","background-media":"","overlay-type":"","overlay-color":"","overlay-opacity":"","overlay-gradient":""},"mobile":{"background-color":"","background-image":"","background-repeat":"repeat","background-position":"center center","background-size":"auto","background-attachment":"scroll","background-type":"","background-media":"","overlay-type":"","overlay-color":"","overlay-opacity":"","overlay-gradient":""}},"ast-content-background-meta":{"desktop":{"background-color":"var(--ast-global-color-5)","background-image":"","background-repeat":"repeat","background-position":"center center","background-size":"auto","background-attachment":"scroll","background-type":"","background-media":"","overlay-type":"","overlay-color":"","overlay-opacity":"","overlay-gradient":""},"tablet":{"background-color":"var(--ast-global-color-5)","background-image":"","background-repeat":"repeat","background-position":"center center","background-size":"auto","background-attachment":"scroll","background-type":"","background-media":"","overlay-type":"","overlay-color":"","overlay-opacity":"","overlay-gradient":""},"mobile":{"background-color":"var(--ast-global-color-5)","background-image":"","background-repeat":"repeat","background-position":"center center","background-size":"auto","background-attachment":"scroll","background-type":"","background-media":"","overlay-type":"","overlay-color":"","overlay-opacity":"","overlay-gradient":""}},"footnotes":""},"categories":[503,1087,36,1,4],"tags":[],"class_list":["post-20488","post","type-post","status-publish","format-standard","has-post-thumbnail","hentry","category-gr02","category-cicle-superior","category-galeria","category-general","category-portada"],"post_mailing_queue_ids":[],"_links":{"self":[{"href":"https:\/\/agora.xtec.cat\/ceip-lesferreries-palafolls\/wp-json\/wp\/v2\/posts\/20488","targetHints":{"allow":["GET"]}}],"collection":[{"href":"https:\/\/agora.xtec.cat\/ceip-lesferreries-palafolls\/wp-json\/wp\/v2\/posts"}],"about":[{"href":"https:\/\/agora.xtec.cat\/ceip-lesferreries-palafolls\/wp-json\/wp\/v2\/types\/post"}],"author":[{"embeddable":true,"href":"https:\/\/agora.xtec.cat\/ceip-lesferreries-palafolls\/wp-json\/wp\/v2\/users\/110"}],"replies":[{"embeddable":true,"href":"https:\/\/agora.xtec.cat\/ceip-lesferreries-palafolls\/wp-json\/wp\/v2\/comments?post=20488"}],"version-history":[{"count":2,"href":"https:\/\/agora.xtec.cat\/ceip-lesferreries-palafolls\/wp-json\/wp\/v2\/posts\/20488\/revisions"}],"predecessor-version":[{"id":20490,"href":"https:\/\/agora.xtec.cat\/ceip-lesferreries-palafolls\/wp-json\/wp\/v2\/posts\/20488\/revisions\/20490"}],"wp:featuredmedia":[{"embeddable":true,"href":"https:\/\/agora.xtec.cat\/ceip-lesferreries-palafolls\/wp-json\/wp\/v2\/media\/20470"}],"wp:attachment":[{"href":"https:\/\/agora.xtec.cat\/ceip-lesferreries-palafolls\/wp-json\/wp\/v2\/media?parent=20488"}],"wp:term":[{"taxonomy":"category","embeddable":true,"href":"https:\/\/agora.xtec.cat\/ceip-lesferreries-palafolls\/wp-json\/wp\/v2\/categories?post=20488"},{"taxonomy":"post_tag","embeddable":true,"href":"https:\/\/agora.xtec.cat\/ceip-lesferreries-palafolls\/wp-json\/wp\/v2\/tags?post=20488"}],"curies":[{"name":"wp","href":"https:\/\/api.w.org\/{rel}","templated":true}]}}