{"id":19817,"date":"2021-09-07T09:14:58","date_gmt":"2021-09-07T07:14:58","guid":{"rendered":"https:\/\/agora.xtec.cat\/ceip-lesferreries-palafolls\/?p=19817"},"modified":"2021-10-14T09:05:22","modified_gmt":"2021-10-14T07:05:22","slug":"informacions-importants-pel-curs-2021-22","status":"publish","type":"post","link":"https:\/\/agora.xtec.cat\/ceip-lesferreries-palafolls\/general\/informacions-importants-pel-curs-2021-22\/","title":{"rendered":"Informacions importants pel curs 2021-22"},"content":{"rendered":"<p>Benvolgudes fam\u00edlies,<\/p>\n<p>El pr\u00f2xim <strong>dilluns 13 de setembre<\/strong> comen\u00e7a el nou curs escolar 2021-22. Per aquest motiu, us adjuntem en aquest comunicat una presentaci\u00f3 amb la informaci\u00f3 m\u00e9s important per tenir present:<\/p>\n<p>&#8211; Abans de venir a l&#8217;escola.<br \/>\n&#8211; Entrades i accessos a l&#8217;escola.<br \/>\n&#8211; Pacificaci\u00f3 de la zona escolar.<br \/>\n&#8211; Dins de l&#8217;escola, les aules dels grups estables.<br \/>\n&#8211; Calendari escolar.<br \/>\n&#8211; Reunions d&#8217;inici de curs.<br \/>\n&#8211; I gesti\u00f3 de casos de COVID.<\/p>\n<p>La presentaci\u00f3 amb tota aquesta informaci\u00f3 la trobareu clicant el seg\u00fcent enlla\u00e7: <a href=\"https:\/\/view.genial.ly\/6135f1e4908f5e0dae9bbca2\/presentation-copia-reunio-inici-de-curs\" target=\"_blank\" rel=\"noopener\">Informacions curs 2021-22<\/a><\/p>\n<p>Aprofitem l&#8217;avinentesa, per recordar-vos que <strong>en l&#8217;apartat de Documents de la nostra app s&#8217;han de signar els seg\u00fcents documents: declaraci\u00f3 responsable COVID, autoritzaci\u00f3 de sortides, excursions i\/o col\u00f2nies, autoritzaci\u00f3 correu electr\u00f2nic per l&#8217;alumne\/a (nom\u00e9s l&#8217;alumnat de 1r de prim\u00e0ria) i declaraci\u00f3 responsable per a acompanyants en sortides<\/strong> (nom\u00e9s aquells familiars que vulguin fer d&#8217;acompanyant i siguin membres de l&#8217;AMPA)<\/p>\n<p>Qualsevol dubte restem a la vostra disposici\u00f3 i us desitgem un bon inici de curs.<\/p>\n","protected":false},"excerpt":{"rendered":"<p>Benvolgudes fam\u00edlies, El pr\u00f2xim dilluns 13 de setembre comen\u00e7a el nou curs escolar 2021-22. Per aquest motiu, us adjuntem en aquest comunicat una presentaci\u00f3 amb la informaci\u00f3 m\u00e9s important per tenir present: &#8211; Abans de venir a l&#8217;escola. &#8211; Entrades i accessos a l&#8217;escola. &#8211; Pacificaci\u00f3 de la zona escolar. &#8211; Dins de l&#8217;escola, les [&hellip;]<\/p>\n","protected":false},"author":65,"featured_media":19821,"comment_status":"open","ping_status":"closed","sticky":false,"template":"","format":"standard","meta":{"_bbp_topic_count":0,"_bbp_reply_count":0,"_bbp_total_topic_count":0,"_bbp_total_reply_count":0,"_bbp_voice_count":0,"_bbp_anonymous_reply_count":0,"_bbp_topic_count_hidden":0,"_bbp_reply_count_hidden":0,"_bbp_forum_subforum_count":0,"site-sidebar-layout":"default","site-content-layout":"","ast-site-content-layout":"","site-content-style":"default","site-sidebar-style":"default","ast-global-header-display":"","ast-banner-title-visibility":"","ast-main-header-display":"","ast-hfb-above-header-display":"","ast-hfb-below-header-display":"","ast-hfb-mobile-header-display":"","site-post-title":"","ast-breadcrumbs-content":"","ast-featured-img":"","footer-sml-layout":"","theme-transparent-header-meta":"","adv-header-id-meta":"","stick-header-meta":"","header-above-stick-meta":"","header-main-stick-meta":"","header-below-stick-meta":"","astra-migrate-meta-layouts":"default","ast-page-background-enabled":"default","ast-page-background-meta":{"desktop":{"background-color":"var(--ast-global-color-4)","background-image":"","background-repeat":"repeat","background-position":"center center","background-size":"auto","background-attachment":"scroll","background-type":"","background-media":"","overlay-type":"","overlay-color":"","overlay-opacity":"","overlay-gradient":""},"tablet":{"background-color":"","background-image":"","background-repeat":"repeat","background-position":"center center","background-size":"auto","background-attachment":"scroll","background-type":"","background-media":"","overlay-type":"","overlay-color":"","overlay-opacity":"","overlay-gradient":""},"mobile":{"background-color":"","background-image":"","background-repeat":"repeat","background-position":"center center","background-size":"auto","background-attachment":"scroll","background-type":"","background-media":"","overlay-type":"","overlay-color":"","overlay-opacity":"","overlay-gradient":""}},"ast-content-background-meta":{"desktop":{"background-color":"var(--ast-global-color-5)","background-image":"","background-repeat":"repeat","background-position":"center center","background-size":"auto","background-attachment":"scroll","background-type":"","background-media":"","overlay-type":"","overlay-color":"","overlay-opacity":"","overlay-gradient":""},"tablet":{"background-color":"var(--ast-global-color-5)","background-image":"","background-repeat":"repeat","background-position":"center center","background-size":"auto","background-attachment":"scroll","background-type":"","background-media":"","overlay-type":"","overlay-color":"","overlay-opacity":"","overlay-gradient":""},"mobile":{"background-color":"var(--ast-global-color-5)","background-image":"","background-repeat":"repeat","background-position":"center center","background-size":"auto","background-attachment":"scroll","background-type":"","background-media":"","overlay-type":"","overlay-color":"","overlay-opacity":"","overlay-gradient":""}},"footnotes":""},"categories":[1,4],"tags":[828,827,829],"class_list":["post-19817","post","type-post","status-publish","format-standard","has-post-thumbnail","hentry","category-general","category-portada","tag-importants","tag-informacions","tag-inici-curs"],"post_mailing_queue_ids":[],"_links":{"self":[{"href":"https:\/\/agora.xtec.cat\/ceip-lesferreries-palafolls\/wp-json\/wp\/v2\/posts\/19817","targetHints":{"allow":["GET"]}}],"collection":[{"href":"https:\/\/agora.xtec.cat\/ceip-lesferreries-palafolls\/wp-json\/wp\/v2\/posts"}],"about":[{"href":"https:\/\/agora.xtec.cat\/ceip-lesferreries-palafolls\/wp-json\/wp\/v2\/types\/post"}],"author":[{"embeddable":true,"href":"https:\/\/agora.xtec.cat\/ceip-lesferreries-palafolls\/wp-json\/wp\/v2\/users\/65"}],"replies":[{"embeddable":true,"href":"https:\/\/agora.xtec.cat\/ceip-lesferreries-palafolls\/wp-json\/wp\/v2\/comments?post=19817"}],"version-history":[{"count":3,"href":"https:\/\/agora.xtec.cat\/ceip-lesferreries-palafolls\/wp-json\/wp\/v2\/posts\/19817\/revisions"}],"predecessor-version":[{"id":19823,"href":"https:\/\/agora.xtec.cat\/ceip-lesferreries-palafolls\/wp-json\/wp\/v2\/posts\/19817\/revisions\/19823"}],"wp:featuredmedia":[{"embeddable":true,"href":"https:\/\/agora.xtec.cat\/ceip-lesferreries-palafolls\/wp-json\/wp\/v2\/media\/19821"}],"wp:attachment":[{"href":"https:\/\/agora.xtec.cat\/ceip-lesferreries-palafolls\/wp-json\/wp\/v2\/media?parent=19817"}],"wp:term":[{"taxonomy":"category","embeddable":true,"href":"https:\/\/agora.xtec.cat\/ceip-lesferreries-palafolls\/wp-json\/wp\/v2\/categories?post=19817"},{"taxonomy":"post_tag","embeddable":true,"href":"https:\/\/agora.xtec.cat\/ceip-lesferreries-palafolls\/wp-json\/wp\/v2\/tags?post=19817"}],"curies":[{"name":"wp","href":"https:\/\/api.w.org\/{rel}","templated":true}]}}