{"id":19658,"date":"2021-06-18T10:48:59","date_gmt":"2021-06-18T08:48:59","guid":{"rendered":"http:\/\/agora.xtec.cat\/ceip-lesferreries-palafolls\/?p=19658"},"modified":"2021-06-18T10:48:59","modified_gmt":"2021-06-18T08:48:59","slug":"guanya-un-estiu-lector","status":"publish","type":"post","link":"https:\/\/agora.xtec.cat\/ceip-lesferreries-palafolls\/general\/guanya-un-estiu-lector\/","title":{"rendered":"GUANYA UN ESTIU LECTOR"},"content":{"rendered":"<p>Palafolls\u00a0s&#8217;adhereix a la Campanya\u00a0&#8220;Guanyem un estiu lector&#8221;.<\/p>\n<p>En el marc del programa\u00a0<span class=\"hiddenSpellError\">Lecxit<\/span>\u00a0de la Fundaci\u00f3 Bofill, la Biblioteca Enric Miralles vol promoure aquest estiu el gust per la lectura, entre les fam\u00edlies amb nens i nenes a <strong>4t, 5\u00e8 i 6\u00e8 de prim\u00e0ria<\/strong>,<\/p>\n<p><img loading=\"lazy\" decoding=\"async\" class=\"wp-image-19660 alignright\" src=\"https:\/\/agora.xtec.cat\/ceip-lesferreries-palafolls\/wp-content\/uploads\/usu670\/2021\/06\/estiu-lector-Palafolls-triptic-1024x724.jpg\" alt=\"\" width=\"562\" height=\"397\" srcset=\"https:\/\/agora.xtec.cat\/ceip-lesferreries-palafolls\/wp-content\/uploads\/usu670\/2021\/06\/estiu-lector-Palafolls-triptic-1024x724.jpg 1024w, https:\/\/agora.xtec.cat\/ceip-lesferreries-palafolls\/wp-content\/uploads\/usu670\/2021\/06\/estiu-lector-Palafolls-triptic-300x212.jpg 300w, https:\/\/agora.xtec.cat\/ceip-lesferreries-palafolls\/wp-content\/uploads\/usu670\/2021\/06\/estiu-lector-Palafolls-triptic-768x543.jpg 768w, https:\/\/agora.xtec.cat\/ceip-lesferreries-palafolls\/wp-content\/uploads\/usu670\/2021\/06\/estiu-lector-Palafolls-triptic.jpg 1754w\" sizes=\"auto, (max-width: 562px) 100vw, 562px\" \/><\/p>\n<p>lliurant fins a 75\u00a0<span class=\"hiddenSpellError\">kits<\/span>\u00a0lectors.<\/p>\n<p>&nbsp;<\/p>\n<p>Com puc aconseguir el\u00a0<span class=\"hiddenSpellError\">kit<\/span>\u00a0lector?<br \/>\n1. Les fam\u00edlies interessades heu d&#8217;enviar un correu a b.palafolls.em@diba.cat abans del 27 de juny, sol\u00b7licitant poder-hi participar (les places s\u00f3n limitades).<br \/>\n2. Ens trobarem el dimecres 30 de juny a les\u00a018:30\u00a0a\u00a0l&#8217;exterior de la Biblioteca i de la m\u00e0 de\u00a0<span class=\"hiddenGrammarError\">la<\/span>\u00a0<span class=\"hiddenGrammarError\" style=\"padding-bottom: 2px; background-image: url('..\/..\/..\/..\/..\/images\/squiggle.png'); background-repeat: repeat-x; background-position: left bottom; cursor: default; color: #000000; font-family: 'Open Sans', Helvetica, Arial, sans-serif; font-size: 16px; font-style: normal; font-variant-ligatures: normal; font-variant-caps: normal; font-weight: 300; letter-spacing: normal; orphans: 2; text-align: start; text-indent: 0px; text-transform: none; white-space: normal; widows: 2; word-spacing: 0px; -webkit-text-stroke-width: 0px; text-decoration-thickness: initial; text-decoration-style: initial; text-decoration-color: initial;\">Mon<\/span> Mas, us explicarem amb m\u00e9s detall (i d&#8217;una manera una mica esbojarrada) en qu\u00e8 consisteix tot plegat. De segur que aquest\u00a0videomissatge\u00a0que ens ha preparat\u00a0<span class=\"hiddenGrammarError\">la<\/span>\u00a0<span class=\"hiddenGrammarError\" style=\"padding-bottom: 2px; background-image: url('..\/..\/..\/..\/..\/images\/squiggle.png'); background-repeat: repeat-x; background-position: left bottom; cursor: default; color: #000000; font-family: 'Open Sans', Helvetica, Arial, sans-serif; font-size: 16px; font-style: normal; font-variant-ligatures: normal; font-variant-caps: normal; font-weight: 300; letter-spacing: normal; orphans: 2; text-align: start; text-indent: 0px; text-transform: none; white-space: normal; widows: 2; word-spacing: 0px; -webkit-text-stroke-width: 0px; text-decoration-thickness: initial; text-decoration-style: initial; text-decoration-color: initial;\">Mon<\/span>\u00a0Mas captar\u00e0\u00a0l&#8217;atenci\u00f3 de petits i grans: <a href=\"https:\/\/drive.google.com\/file\/d\/12upv9MR-Zs2P4QfLmG3xDpEiIcdmfPkx\/view?usp=sharing\" target=\"_blank\" rel=\"noopener noreferrer\">Videomissatge<\/a>. Qu\u00e8 us ha semblat! Animeu-vos!<br \/>\n3. Al final de\u00a0l&#8217;acte se us entregar\u00e0 el vostre\u00a0<span class=\"hiddenSpellError\">kit<\/span>\u00a0lector i uns men\u00fas lectors amb les propostes de lectura m\u00e9s apetitoses que tenim a la biblioteca.<\/p>\n<p>Al llarg de\u00a0l&#8217;estiu us deixarem en pr\u00e9stec les lectures que m\u00e9s us agradin i entre tots aquells que al final de\u00a0l&#8217;estiu h\u00e0giu aconseguit omplir el vostre carnet viatger amb un m\u00ednim de 5, estareu convidats a celebrar-ho amb una festa dinamitzada per la mateixa\u00a0<span class=\"hiddenGrammarError\" style=\"padding-bottom: 2px; background-image: url('..\/..\/..\/..\/..\/images\/squiggle.png'); background-repeat: repeat-x; background-position: left bottom; cursor: default; color: #000000; font-family: 'Open Sans', Helvetica, Arial, sans-serif; font-size: 16px; font-style: normal; font-variant-ligatures: normal; font-variant-caps: normal; font-weight: 300; letter-spacing: normal; orphans: 2; text-align: start; text-indent: 0px; text-transform: none; white-space: normal; widows: 2; word-spacing: 0px; -webkit-text-stroke-width: 0px; text-decoration-thickness: initial; text-decoration-style: initial; text-decoration-color: initial;\">Mon<\/span>\u00a0Mas on se us far\u00e0\u00a0l&#8217;entrega del diploma i un obsequi que ja descobrireu.<\/p>\n<p>Us adjuntem el <a href=\"https:\/\/agora.xtec.cat\/ceip-lesferreries-palafolls\/wp-content\/uploads\/usu670\/2021\/06\/Estiu-lector.pdf\">Estiu lector!<\/a> i el tr\u00edptic amb tota la informaci\u00f3.<br \/>\nUs hi esperem i us desitgem molta\u00a0&#8220;lectura i imaginaci\u00f3&#8221;!<br \/>\n\u00c0rea\u00a0d&#8217;Educaci\u00f3 \u2013 Biblioteca Enric Miralles de Palafolls<br \/>\nAjuntament de\u00a0Palafolls<\/p>\n","protected":false},"excerpt":{"rendered":"<p>Palafolls\u00a0s&#8217;adhereix a la Campanya\u00a0&#8220;Guanyem un estiu lector&#8221;. En el marc del programa\u00a0Lecxit\u00a0de la Fundaci\u00f3 Bofill, la Biblioteca Enric Miralles vol promoure aquest estiu el gust per la lectura, entre les fam\u00edlies amb nens i nenes a 4t, 5\u00e8 i 6\u00e8 de prim\u00e0ria, lliurant fins a 75\u00a0kits\u00a0lectors. &nbsp; Com puc aconseguir el\u00a0kit\u00a0lector? 1. Les fam\u00edlies interessades [&hellip;]<\/p>\n","protected":false},"author":65,"featured_media":19661,"comment_status":"open","ping_status":"closed","sticky":false,"template":"","format":"standard","meta":{"_bbp_topic_count":0,"_bbp_reply_count":0,"_bbp_total_topic_count":0,"_bbp_total_reply_count":0,"_bbp_voice_count":0,"_bbp_anonymous_reply_count":0,"_bbp_topic_count_hidden":0,"_bbp_reply_count_hidden":0,"_bbp_forum_subforum_count":0,"site-sidebar-layout":"default","site-content-layout":"","ast-site-content-layout":"","site-content-style":"default","site-sidebar-style":"default","ast-global-header-display":"","ast-banner-title-visibility":"","ast-main-header-display":"","ast-hfb-above-header-display":"","ast-hfb-below-header-display":"","ast-hfb-mobile-header-display":"","site-post-title":"","ast-breadcrumbs-content":"","ast-featured-img":"","footer-sml-layout":"","theme-transparent-header-meta":"","adv-header-id-meta":"","stick-header-meta":"","header-above-stick-meta":"","header-main-stick-meta":"","header-below-stick-meta":"","astra-migrate-meta-layouts":"default","ast-page-background-enabled":"default","ast-page-background-meta":{"desktop":{"background-color":"var(--ast-global-color-4)","background-image":"","background-repeat":"repeat","background-position":"center center","background-size":"auto","background-attachment":"scroll","background-type":"","background-media":"","overlay-type":"","overlay-color":"","overlay-opacity":"","overlay-gradient":""},"tablet":{"background-color":"","background-image":"","background-repeat":"repeat","background-position":"center center","background-size":"auto","background-attachment":"scroll","background-type":"","background-media":"","overlay-type":"","overlay-color":"","overlay-opacity":"","overlay-gradient":""},"mobile":{"background-color":"","background-image":"","background-repeat":"repeat","background-position":"center center","background-size":"auto","background-attachment":"scroll","background-type":"","background-media":"","overlay-type":"","overlay-color":"","overlay-opacity":"","overlay-gradient":""}},"ast-content-background-meta":{"desktop":{"background-color":"var(--ast-global-color-5)","background-image":"","background-repeat":"repeat","background-position":"center center","background-size":"auto","background-attachment":"scroll","background-type":"","background-media":"","overlay-type":"","overlay-color":"","overlay-opacity":"","overlay-gradient":""},"tablet":{"background-color":"var(--ast-global-color-5)","background-image":"","background-repeat":"repeat","background-position":"center center","background-size":"auto","background-attachment":"scroll","background-type":"","background-media":"","overlay-type":"","overlay-color":"","overlay-opacity":"","overlay-gradient":""},"mobile":{"background-color":"var(--ast-global-color-5)","background-image":"","background-repeat":"repeat","background-position":"center center","background-size":"auto","background-attachment":"scroll","background-type":"","background-media":"","overlay-type":"","overlay-color":"","overlay-opacity":"","overlay-gradient":""}},"footnotes":""},"categories":[1,4],"tags":[823],"class_list":["post-19658","post","type-post","status-publish","format-standard","has-post-thumbnail","hentry","category-general","category-portada","tag-estiu-lector"],"post_mailing_queue_ids":[],"_links":{"self":[{"href":"https:\/\/agora.xtec.cat\/ceip-lesferreries-palafolls\/wp-json\/wp\/v2\/posts\/19658","targetHints":{"allow":["GET"]}}],"collection":[{"href":"https:\/\/agora.xtec.cat\/ceip-lesferreries-palafolls\/wp-json\/wp\/v2\/posts"}],"about":[{"href":"https:\/\/agora.xtec.cat\/ceip-lesferreries-palafolls\/wp-json\/wp\/v2\/types\/post"}],"author":[{"embeddable":true,"href":"https:\/\/agora.xtec.cat\/ceip-lesferreries-palafolls\/wp-json\/wp\/v2\/users\/65"}],"replies":[{"embeddable":true,"href":"https:\/\/agora.xtec.cat\/ceip-lesferreries-palafolls\/wp-json\/wp\/v2\/comments?post=19658"}],"version-history":[{"count":1,"href":"https:\/\/agora.xtec.cat\/ceip-lesferreries-palafolls\/wp-json\/wp\/v2\/posts\/19658\/revisions"}],"predecessor-version":[{"id":19662,"href":"https:\/\/agora.xtec.cat\/ceip-lesferreries-palafolls\/wp-json\/wp\/v2\/posts\/19658\/revisions\/19662"}],"wp:featuredmedia":[{"embeddable":true,"href":"https:\/\/agora.xtec.cat\/ceip-lesferreries-palafolls\/wp-json\/wp\/v2\/media\/19661"}],"wp:attachment":[{"href":"https:\/\/agora.xtec.cat\/ceip-lesferreries-palafolls\/wp-json\/wp\/v2\/media?parent=19658"}],"wp:term":[{"taxonomy":"category","embeddable":true,"href":"https:\/\/agora.xtec.cat\/ceip-lesferreries-palafolls\/wp-json\/wp\/v2\/categories?post=19658"},{"taxonomy":"post_tag","embeddable":true,"href":"https:\/\/agora.xtec.cat\/ceip-lesferreries-palafolls\/wp-json\/wp\/v2\/tags?post=19658"}],"curies":[{"name":"wp","href":"https:\/\/api.w.org\/{rel}","templated":true}]}}