{"id":19371,"date":"2021-06-04T12:03:53","date_gmt":"2021-06-04T10:03:53","guid":{"rendered":"http:\/\/agora.xtec.cat\/ceip-lesferreries-palafolls\/?p=19371"},"modified":"2021-07-07T13:39:31","modified_gmt":"2021-07-07T11:39:31","slug":"calendari-preinscripcio-curs-2021-22","status":"publish","type":"post","link":"https:\/\/agora.xtec.cat\/ceip-lesferreries-palafolls\/general\/calendari-preinscripcio-curs-2021-22\/","title":{"rendered":"CALENDARI PREINSCRIPCI\u00d3 CURS 2021-22"},"content":{"rendered":"<section class=\"padding-xs padding-sm padding-md colorSectionOdd\">\n<article class=\"container fullcontainer-xs\">\n<div class=\"row\">\n<div id=\"center_3R\">\n<div id=\"llista_9487c12b-5a45-11eb-a3c0-005056924a59_9487c12c-5a45-11eb-a3c0-005056924a59\" class=\"fpca_llista_enllacIcones formatter_body\">\n<div class=\"wrapper_llista_enllacIcones\"><\/div>\n<\/div>\n<\/div>\n<\/div>\n<\/article>\n<\/section>\n<section class=\"padding-xs padding-sm padding-md colorSectionOdd\">\n<article class=\"container fullcontainer-xs\">\n<div class=\"row\">\n<div id=\"center_4R\">\n<div id=\"llista_5a1b3df3-5a45-11eb-a3c0-005056924a59_5a1b3df4-5a45-11eb-a3c0-005056924a59\" class=\"fpca_llista_enllacIcones formatter_body\">\n<div class=\"wrapper_llista_enllacIcones\">\n<div class=\"list-item-wrapper\">\n<div class=\"col content-col\">\n<div class=\"bloc-mobil\">\n<div class=\"descripcio\">\n<p><span style=\"font-size: 20px;\"><strong>Calendari: <\/strong><\/span><\/p>\n<p><img decoding=\"async\" style=\"font-family: inherit; font-size: 1em; text-align: justify;\" src=\"https:\/\/preinscripcio.gencat.cat\/web\/.content\/icones\/sollicitud-on.png_2044584825.png\" alt=\"\" \/> <span style=\"font-weight: bold; font-size: 20px;\">Del 15 al 24 de mar\u00e7 de 2021 (a partir de les 9 hores): presentaci\u00f3 de sol\u00b7licituds<\/span><\/p>\n<\/div>\n<\/div>\n<\/div>\n<div class=\"col content-col\">\n<div class=\"bloc-mobil\">\n<div class=\"descripcio\">\n<p><span style=\"font-size: 16px;\">\u00c9s molt important respectar les dates, perqu\u00e8 les sol\u00b7licituds que es presentin fora d&#8217;aquest termini perdran totes les prioritats que haurien pogut tenir a l&#8217;hora d&#8217;obtenir la pla\u00e7a. Els criteris de prioritat serveixen per donar una puntuaci\u00f3 a cada sol\u00b7licitud. D&#8217;aquesta manera s&#8217;estableix l&#8217;ordre d&#8217;acc\u00e9s a les places de cada centre. Cal presentar la sol\u00b7licitud i adjuntar-hi la documentaci\u00f3 d&#8217;identificaci\u00f3 o de criteris que correspongui.<\/span><\/p>\n<p><img decoding=\"async\" style=\"font-family: inherit;\" src=\"https:\/\/preinscripcio.gencat.cat\/web\/.content\/icones\/presentar-doc-on.png_2044584825.png\" alt=\"\" \/> <span style=\"font-weight: bold; font-size: 20px;\">25 i 26 de mar\u00e7 de 2021: presentaci\u00f3 de documentaci\u00f3<\/span><\/p>\n<\/div>\n<\/div>\n<\/div>\n<div class=\"col content-col\">\n<div class=\"bloc-mobil\">\n<div class=\"descripcio\">\n<p><span style=\"font-size: 16px;\">Aquests dies pots presentar documentaci\u00f3 acreditativa que no hagis pogut adjuntar durant el per\u00edode de presentaci\u00f3 de sol\u00b7licituds.<\/span><\/p>\n<p><img decoding=\"async\" style=\"font-family: inherit;\" src=\"https:\/\/preinscripcio.gencat.cat\/web\/.content\/icones\/consulta-revisa1-off.png_2044584825.png\" alt=\"\" \/> <span style=\"font-weight: bold; font-size: 20px;\">19 d&#8217;abril de 2021: llista de sol\u00b7licituds amb la puntuaci\u00f3 provisional:<\/span><span style=\"font-family: inherit;\"> clicant el seg\u00fcent enlla\u00e7 hi podreu accedir: <\/span><a style=\"font-family: inherit;\" href=\"https:\/\/agora.xtec.cat\/ceip-lesferreries-palafolls\/wp-content\/uploads\/usu670\/2021\/04\/INFORME_BAREM_PROVISIONAL_BAREM.pdf\" target=\"_blank\" rel=\"noopener noreferrer\">INFORME_BAREM_PROVISIONAL_BAREM<\/a><\/p>\n<\/div>\n<\/div>\n<\/div>\n<div class=\"col content-col\">\n<div class=\"bloc-mobil\">\n<div class=\"descripcio\">\n<p><span style=\"font-size: 16px;\">Un cop acabat el per\u00edode de presentaci\u00f3 de sol\u00b7licituds, els centres educatius estudien cadascuna de les peticions que han rebut: n&#8217;analitzen les dades, els criteris de prioritat que les fam\u00edlies demanen que es tinguin en compte, i tamb\u00e9 els documents justificatius. Tot seguit, publiquen la llista de sol\u00b7licituds amb els barems provisionals. En aquesta llista hi ha les sol\u00b7licituds ordenades alfab\u00e8ticament amb la puntuaci\u00f3 que ha rebut cada sol\u00b7licitud en aplicar-hi el barem.<\/span><\/p>\n<p><img decoding=\"async\" style=\"font-family: inherit;\" src=\"https:\/\/preinscripcio.gencat.cat\/web\/.content\/icones\/llapis-off.png_2044584825.png\" alt=\"\" \/> <span style=\"font-weight: bold; font-size: 20px;\">Del 20 al 26 d&#8217;abril de 2021: presentaci\u00f3 de reclamacions<\/span><\/p>\n<\/div>\n<\/div>\n<\/div>\n<div class=\"col content-col\">\n<div class=\"bloc-mobil\">\n<div class=\"descripcio\">\n<p><span style=\"font-size: 16px;\">Durant aquest per\u00edode, si detectes alguna errada o anomalia en el barem assignat, pots presentar una reclamaci\u00f3.<\/span><\/p>\n<p><span style=\"font-size: 16px;\"><img decoding=\"async\" src=\"https:\/\/preinscripcio.gencat.cat\/web\/.content\/icones\/consulta-revisa1-off.png_2044584825.png\" alt=\"\" \/> <span style=\"font-weight: bold; font-size: 20px;\">30 d&#8217;abril de 2021: llista de sol\u00b7licituds amb la puntuaci\u00f3 un cop resoltes les reclamacions: <\/span><\/span><a style=\"font-family: inherit;\" href=\"https:\/\/agora.xtec.cat\/ceip-lesferreries-palafolls\/wp-content\/uploads\/usu670\/2021\/04\/INFORME_BAREM_RESOLTES_BAREM.pdf\" target=\"_blank\" rel=\"noopener noreferrer\">INFORME_BAREM_RESOLTES_BAREM<\/a><\/p>\n<p><img decoding=\"async\" style=\"font-family: inherit;\" src=\"https:\/\/preinscripcio.gencat.cat\/web\/.content\/icones\/campaneta-off.png_2044584825.png\" alt=\"\" \/> <span style=\"font-weight: bold; font-size: 20px;\">5 de maig de 2021: sorteig per resoldre les sol\u00b7licituds de preinscripci\u00f3 empatades en punts. N\u00famero de desempat: 69.448<\/span><\/p>\n<\/div>\n<\/div>\n<\/div>\n<div class=\"col content-col\">\n<div class=\"bloc-mobil\">\n<div class=\"descripcio\">\n<p><span style=\"font-size: 16px;\">El nombre de places a cada centre educatiu \u00e9s limitat. Si el nombre de peticions supera el d&#8217;alumnes que l&#8217;escola pot acollir, cal aplicar un sistema de desempat entre les sol\u00b7licituds que tenen la mateixa puntuaci\u00f3. Per fer-ho, s&#8217;obt\u00e9 un n\u00famero per sorteig a partir del qual s&#8217;ordenen totes les peticions empatades en punts, tenint en compte el n\u00famero de desempat que s&#8217;ha assignat a cada sol\u00b7licitud. El sorteig tindr\u00e0 lloc a les 11 hores, als serveis centrals del Departament d\u2019Educaci\u00f3 (Via Augusta, 202, Barcelona). <\/span><\/p>\n<p><img decoding=\"async\" style=\"font-family: inherit; text-align: justify;\" src=\"https:\/\/preinscripcio.gencat.cat\/web\/.content\/icones\/consulta-revisa2-off.png_2044584825.png\" alt=\"\" \/> <span style=\"font-weight: bold; font-size: 20px;\">7 de maig de 2021: llista ordenada: <\/span><span style=\"font-size: 20px;\"><a href=\"https:\/\/agora.xtec.cat\/ceip-lesferreries-palafolls\/wp-content\/uploads\/usu670\/2021\/05\/INFORME_BAREM_DEFINITIU_BAREM.pdf\" target=\"_blank\" rel=\"noopener noreferrer\">INFORME_BAREM_DEFINITIU_BAREM<\/a><\/span><\/p>\n<p><img decoding=\"async\" style=\"font-family: inherit; text-align: justify;\" src=\"https:\/\/preinscripcio.gencat.cat\/web\/.content\/icones\/martell-off.png_2044584825.png\" alt=\"\" \/> <span style=\"font-weight: bold; font-size: 20px;\">Del 26 al 28 de maig de 2021: ampliaci\u00f3 de peticions de preinscripci\u00f3 per a alumnes sense pla\u00e7a assignada a cap centre<\/span><\/p>\n<\/div>\n<\/div>\n<\/div>\n<div class=\"col content-col\">\n<div class=\"bloc-mobil\">\n<div class=\"descripcio\">\n<p><span style=\"font-size: 16px;\">Despr\u00e9s del sorteig, s&#8217;elabora la llista de sol\u00b7licituds per a l&#8217;assignaci\u00f3 de places. Per fer aquesta llista, en primer lloc es t\u00e9 en compte l&#8217;alumnat amb necessitats educatives espec\u00edfiques; despr\u00e9s, la resta d&#8217;alumnes, tenint en compte les puntuacions de cada sol\u00b7licitud, de m\u00e9s a menys.<\/span><\/p>\n<\/div>\n<\/div>\n<\/div>\n<div class=\"col content-col\">\n<div class=\"bloc-mobil\">\n<div class=\"descripcio\">\n<p><span style=\"font-size: 16px;\">Si no s&#8217;ha obtingut cap pla\u00e7a en els centres demanats i es tracta de sol\u00b7licituds en les quals s\u2019ha marcat expressament que es vol una assignaci\u00f3 d\u2019ofici, durant aquest per\u00edode es poden ampliar les peticions originals i demanar places en centres que en tinguin de disponibles un cop fets els processos d\u2019assignaci\u00f3.<\/span><\/p>\n<p><span style=\"font-size: 16px;\">Despr\u00e9s d\u2019aquesta ampliaci\u00f3 de la sol\u00b7licitud, es fa l\u2019\u00faltim proc\u00e9s d\u2019assignaci\u00f3 tenint en compte aquestes peticions ampliades.<\/span><\/p>\n<p><img decoding=\"async\" style=\"font-family: inherit; text-align: justify;\" src=\"https:\/\/preinscripcio.gencat.cat\/web\/.content\/icones\/persona-off.png_2044584825.png\" alt=\"\" \/> <span style=\"font-weight: bold; font-size: 20px;\">4 de juny de 2021: oferta final de places escolars: <a href=\"https:\/\/agora.xtec.cat\/ceip-lesferreries-palafolls\/wp-content\/uploads\/usu670\/2021\/06\/INFORME_OFERTA_OME_INFORME_OFERTA-JUNY.pdf\" target=\"_blank\" rel=\"noopener noreferrer\">OFERTA FINAL DE PLACES JUNY<\/a><\/span><\/p>\n<\/div>\n<\/div>\n<\/div>\n<div class=\"col content-col\">\n<div class=\"bloc-mobil\">\n<div class=\"descripcio\">\n<p><span style=\"font-size: 16px;\">Publicaci\u00f3 del nombre de places escolars per centre i curs.<\/span><\/p>\n<section class=\"padding-xs padding-sm padding-md colorSectionOdd\">\n<article class=\"container fullcontainer-xs\">\n<div class=\"row\">\n<div id=\"center_3R\">\n<div id=\"llista_9487c12b-5a45-11eb-a3c0-005056924a59_9487c12c-5a45-11eb-a3c0-005056924a59\" class=\"fpca_llista_enllacIcones formatter_body\">\n<div class=\"wrapper_llista_enllacIcones\">\n<h2 class=\"header2 pd-15 pd-30\" style=\"text-align: justify;\"><span style=\"font-size: 24px;\">Durant la preparaci\u00f3, presentaci\u00f3 i seguiment de la sol\u00b7licitud de preinscripci\u00f3<\/span><\/h2>\n<div class=\"list-item-wrapper\">\n<div class=\"col icon-col\"><\/div>\n<\/div>\n<ul class=\"list-row border-filet \" style=\"text-align: justify;\">\n<li class=\"list-item col-12\">\n<div class=\"list-item-wrapper\">\n<div class=\"col icon-col\">\n<div class=\"icon\"><span style=\"font-size: 16px;\"><img decoding=\"async\" src=\"https:\/\/preinscripcio.gencat.cat\/web\/.content\/icones\/consulta-revisa1-off.png_2044584825.png\" alt=\"\" \/> <span style=\"font-weight: bold; font-size: 20px;\">7 de juny de 2021: llista d&#8217;alumnes admesos i llista d&#8217;espera:\u00a0<\/span><\/span><\/div>\n<\/div>\n<div class=\"col content-col\">\n<div class=\"bloc-mobil\">\n<div class=\"descripcio\">\n<p><span style=\"font-size: 16px;\">Finalment, es publica la llista d&#8217;alumnes admesos al centre i tamb\u00e9 la llista d&#8217;espera. <a style=\"font-family: inherit; color: #2795b6; font-size: 20px; font-weight: bold;\" href=\"https:\/\/agora.xtec.cat\/ceip-lesferreries-palafolls\/wp-content\/uploads\/usu670\/2021\/06\/INFORME_ASSIGNADES_INFORME_ASSIGNADES.pdf\" target=\"_blank\" rel=\"noopener noreferrer\">Llistat d&#8217;admesos i llista d&#8217;espera<\/a><br \/>\n<\/span><\/p>\n<\/div>\n<\/div>\n<\/div>\n<\/div>\n<\/li>\n<\/ul>\n<\/div>\n<\/div>\n<\/div>\n<\/div>\n<\/article>\n<\/section>\n<section class=\"padding-xs padding-sm padding-md colorSectionOdd\">\n<article class=\"container fullcontainer-xs\">\n<div class=\"row\">\n<div id=\"center_4R\">\n<div id=\"llista_5a1b3df3-5a45-11eb-a3c0-005056924a59_5a1b3df4-5a45-11eb-a3c0-005056924a59\" class=\"fpca_llista_enllacIcones formatter_body\">\n<div class=\"wrapper_llista_enllacIcones\">\n<h2 class=\"header2 pd-15 pd-30\" style=\"text-align: justify;\"><span style=\"font-size: 20px;\">A l&#8217;hora de formalitzar la matriculaci\u00f3<\/span><\/h2>\n<ul class=\"list-row border-filet \">\n<li class=\"list-item col-12\">\n<div class=\"list-item-wrapper\">\n<div class=\"col icon-col\" style=\"text-align: justify;\">\n<div class=\"icon\"><span style=\"font-size: 16px;\"><img decoding=\"async\" src=\"https:\/\/preinscripcio.gencat.cat\/web\/.content\/icones\/matricula-off.png_2044584825.png\" alt=\"\" \/> <span style=\"font-weight: bold; font-size: 20px;\">Del 14 al 18 de juny de 2021: matriculaci\u00f3<\/span><\/span><\/div>\n<\/div>\n<div class=\"col content-col\">\n<div class=\"bloc-mobil\">\n<div class=\"descripcio\">\n<p style=\"text-align: justify;\"><span style=\"font-size: 16px;\">Un cop s&#8217;ha publicat la llista final d&#8217;alumnes admesos en cada centre, comen\u00e7a el per\u00edode de matriculaci\u00f3 dels preinscrits amb pla\u00e7a assignada.<\/span><\/p>\n<\/div>\n<\/div>\n<\/div>\n<\/div>\n<\/li>\n<\/ul>\n<\/div>\n<\/div>\n<\/div>\n<\/div>\n<\/article>\n<\/section>\n<\/div>\n<\/div>\n<\/div>\n<\/div>\n<\/div>\n<\/div>\n<\/div>\n<\/div>\n<\/article>\n<\/section>\n","protected":false},"excerpt":{"rendered":"<p>Calendari: Del 15 al 24 de mar\u00e7 de 2021 (a partir de les 9 hores): presentaci\u00f3 de sol\u00b7licituds \u00c9s molt important respectar les dates, perqu\u00e8 les sol\u00b7licituds que es presentin fora d&#8217;aquest termini perdran totes les prioritats que haurien pogut tenir a l&#8217;hora d&#8217;obtenir la pla\u00e7a. Els criteris de prioritat serveixen per donar una puntuaci\u00f3 [&hellip;]<\/p>\n","protected":false},"author":65,"featured_media":19372,"comment_status":"open","ping_status":"closed","sticky":false,"template":"","format":"standard","meta":{"_bbp_topic_count":0,"_bbp_reply_count":0,"_bbp_total_topic_count":0,"_bbp_total_reply_count":0,"_bbp_voice_count":0,"_bbp_anonymous_reply_count":0,"_bbp_topic_count_hidden":0,"_bbp_reply_count_hidden":0,"_bbp_forum_subforum_count":0,"site-sidebar-layout":"default","site-content-layout":"","ast-site-content-layout":"","site-content-style":"default","site-sidebar-style":"default","ast-global-header-display":"","ast-banner-title-visibility":"","ast-main-header-display":"","ast-hfb-above-header-display":"","ast-hfb-below-header-display":"","ast-hfb-mobile-header-display":"","site-post-title":"","ast-breadcrumbs-content":"","ast-featured-img":"","footer-sml-layout":"","theme-transparent-header-meta":"","adv-header-id-meta":"","stick-header-meta":"","header-above-stick-meta":"","header-main-stick-meta":"","header-below-stick-meta":"","astra-migrate-meta-layouts":"default","ast-page-background-enabled":"default","ast-page-background-meta":{"desktop":{"background-color":"var(--ast-global-color-4)","background-image":"","background-repeat":"repeat","background-position":"center center","background-size":"auto","background-attachment":"scroll","background-type":"","background-media":"","overlay-type":"","overlay-color":"","overlay-opacity":"","overlay-gradient":""},"tablet":{"background-color":"","background-image":"","background-repeat":"repeat","background-position":"center center","background-size":"auto","background-attachment":"scroll","background-type":"","background-media":"","overlay-type":"","overlay-color":"","overlay-opacity":"","overlay-gradient":""},"mobile":{"background-color":"","background-image":"","background-repeat":"repeat","background-position":"center center","background-size":"auto","background-attachment":"scroll","background-type":"","background-media":"","overlay-type":"","overlay-color":"","overlay-opacity":"","overlay-gradient":""}},"ast-content-background-meta":{"desktop":{"background-color":"var(--ast-global-color-5)","background-image":"","background-repeat":"repeat","background-position":"center center","background-size":"auto","background-attachment":"scroll","background-type":"","background-media":"","overlay-type":"","overlay-color":"","overlay-opacity":"","overlay-gradient":""},"tablet":{"background-color":"var(--ast-global-color-5)","background-image":"","background-repeat":"repeat","background-position":"center center","background-size":"auto","background-attachment":"scroll","background-type":"","background-media":"","overlay-type":"","overlay-color":"","overlay-opacity":"","overlay-gradient":""},"mobile":{"background-color":"var(--ast-global-color-5)","background-image":"","background-repeat":"repeat","background-position":"center center","background-size":"auto","background-attachment":"scroll","background-type":"","background-media":"","overlay-type":"","overlay-color":"","overlay-opacity":"","overlay-gradient":""}},"footnotes":""},"categories":[1,4],"tags":[814,615,548],"class_list":["post-19371","post","type-post","status-publish","format-standard","has-post-thumbnail","hentry","category-general","category-portada","tag-calendari-preinscripcio","tag-preinscripcio","tag-preinscripcions"],"post_mailing_queue_ids":[],"_links":{"self":[{"href":"https:\/\/agora.xtec.cat\/ceip-lesferreries-palafolls\/wp-json\/wp\/v2\/posts\/19371","targetHints":{"allow":["GET"]}}],"collection":[{"href":"https:\/\/agora.xtec.cat\/ceip-lesferreries-palafolls\/wp-json\/wp\/v2\/posts"}],"about":[{"href":"https:\/\/agora.xtec.cat\/ceip-lesferreries-palafolls\/wp-json\/wp\/v2\/types\/post"}],"author":[{"embeddable":true,"href":"https:\/\/agora.xtec.cat\/ceip-lesferreries-palafolls\/wp-json\/wp\/v2\/users\/65"}],"replies":[{"embeddable":true,"href":"https:\/\/agora.xtec.cat\/ceip-lesferreries-palafolls\/wp-json\/wp\/v2\/comments?post=19371"}],"version-history":[{"count":3,"href":"https:\/\/agora.xtec.cat\/ceip-lesferreries-palafolls\/wp-json\/wp\/v2\/posts\/19371\/revisions"}],"predecessor-version":[{"id":19791,"href":"https:\/\/agora.xtec.cat\/ceip-lesferreries-palafolls\/wp-json\/wp\/v2\/posts\/19371\/revisions\/19791"}],"wp:featuredmedia":[{"embeddable":true,"href":"https:\/\/agora.xtec.cat\/ceip-lesferreries-palafolls\/wp-json\/wp\/v2\/media\/19372"}],"wp:attachment":[{"href":"https:\/\/agora.xtec.cat\/ceip-lesferreries-palafolls\/wp-json\/wp\/v2\/media?parent=19371"}],"wp:term":[{"taxonomy":"category","embeddable":true,"href":"https:\/\/agora.xtec.cat\/ceip-lesferreries-palafolls\/wp-json\/wp\/v2\/categories?post=19371"},{"taxonomy":"post_tag","embeddable":true,"href":"https:\/\/agora.xtec.cat\/ceip-lesferreries-palafolls\/wp-json\/wp\/v2\/tags?post=19371"}],"curies":[{"name":"wp","href":"https:\/\/api.w.org\/{rel}","templated":true}]}}