{"id":19323,"date":"2021-03-27T21:38:48","date_gmt":"2021-03-27T20:38:48","guid":{"rendered":"http:\/\/agora.xtec.cat\/ceip-lesferreries-palafolls\/?p=19323"},"modified":"2025-10-20T11:45:38","modified_gmt":"2025-10-20T09:45:38","slug":"projecte-de-saltarins-i-saltarines-a-p4","status":"publish","type":"post","link":"https:\/\/agora.xtec.cat\/ceip-lesferreries-palafolls\/general\/projecte-de-saltarins-i-saltarines-a-p4\/","title":{"rendered":"PROJECTE DE SALTARINS I SALTARINES A P4"},"content":{"rendered":"<p>Ja hem acabat el projecte dels saltarins i saltarines. Durant tot aquest temps hem buscat informaci\u00f3, hem pensat qu\u00e8 ens agradaria aprendre, ho hem investigat i hem saltat mooooooolt!!!!!. Aqu\u00ed podreu veure un recull de fotografies i les presentacions que hem fet servir com a resum del treball fet a la classe.<\/p>\n<p><a href=\"https:\/\/docs.google.com\/presentation\/d\/1kZqJaFbFWjLRG8iW5aVEPxOHIh_clPagdYO5GoxBX7M\/edit?usp=sharing\">https:\/\/docs.google.com\/presentation\/d\/1kZqJaFbFWjLRG8iW5aVEPxOHIh_clPagdYO5GoxBX7M\/edit?usp=sharing<\/a><\/p>\n<p><a href=\"https:\/\/docs.google.com\/presentation\/d\/1MwqDQqqvs0xiSRjVJJyEqxWwaMoOe0br-lItOoeVkec\/edit?usp=sharing\">https:\/\/docs.google.com\/presentation\/d\/1MwqDQqqvs0xiSRjVJJyEqxWwaMoOe0br-lItOoeVkec\/edit?usp=sharing<\/a><\/p>\n<p><a href=\"https:\/\/photos.app.goo.gl\/tphJAuF8pkF9jrjx7\">https:\/\/photos.app.goo.gl\/tphJAuF8pkF9jrjx7<\/a><\/p>\n<p><a href=\"https:\/\/photos.app.goo.gl\/anLZPhdhjvTYhX3s8\">https:\/\/photos.app.goo.gl\/anLZPhdhjvTYhX3s8<\/a><\/p>\n<p><a href=\"https:\/\/photos.app.goo.gl\/BUse8H4QvaTxUaA97\">https:\/\/photos.app.goo.gl\/BUse8H4QvaTxUaA97<\/a><\/p>\n<p>&nbsp;<\/p>\n","protected":false},"excerpt":{"rendered":"<p>Ja hem acabat el projecte dels saltarins i saltarines. Durant tot aquest temps hem buscat informaci\u00f3, hem pensat qu\u00e8 ens agradaria aprendre, ho hem investigat i hem saltat mooooooolt!!!!!. Aqu\u00ed podreu veure un recull de fotografies i les presentacions que hem fet servir com a resum del treball fet a la classe. https:\/\/docs.google.com\/presentation\/d\/1kZqJaFbFWjLRG8iW5aVEPxOHIh_clPagdYO5GoxBX7M\/edit?usp=sharing https:\/\/docs.google.com\/presentation\/d\/1MwqDQqqvs0xiSRjVJJyEqxWwaMoOe0br-lItOoeVkec\/edit?usp=sharing https:\/\/photos.app.goo.gl\/tphJAuF8pkF9jrjx7 [&hellip;]<\/p>\n","protected":false},"author":50,"featured_media":19324,"comment_status":"open","ping_status":"closed","sticky":false,"template":"","format":"standard","meta":{"_bbp_topic_count":0,"_bbp_reply_count":0,"_bbp_total_topic_count":0,"_bbp_total_reply_count":0,"_bbp_voice_count":0,"_bbp_anonymous_reply_count":0,"_bbp_topic_count_hidden":0,"_bbp_reply_count_hidden":0,"_bbp_forum_subforum_count":0,"site-sidebar-layout":"default","site-content-layout":"","ast-site-content-layout":"","site-content-style":"default","site-sidebar-style":"default","ast-global-header-display":"","ast-banner-title-visibility":"","ast-main-header-display":"","ast-hfb-above-header-display":"","ast-hfb-below-header-display":"","ast-hfb-mobile-header-display":"","site-post-title":"","ast-breadcrumbs-content":"","ast-featured-img":"","footer-sml-layout":"","theme-transparent-header-meta":"","adv-header-id-meta":"","stick-header-meta":"","header-above-stick-meta":"","header-main-stick-meta":"","header-below-stick-meta":"","astra-migrate-meta-layouts":"default","ast-page-background-enabled":"default","ast-page-background-meta":{"desktop":{"background-color":"var(--ast-global-color-4)","background-image":"","background-repeat":"repeat","background-position":"center center","background-size":"auto","background-attachment":"scroll","background-type":"","background-media":"","overlay-type":"","overlay-color":"","overlay-opacity":"","overlay-gradient":""},"tablet":{"background-color":"","background-image":"","background-repeat":"repeat","background-position":"center center","background-size":"auto","background-attachment":"scroll","background-type":"","background-media":"","overlay-type":"","overlay-color":"","overlay-opacity":"","overlay-gradient":""},"mobile":{"background-color":"","background-image":"","background-repeat":"repeat","background-position":"center center","background-size":"auto","background-attachment":"scroll","background-type":"","background-media":"","overlay-type":"","overlay-color":"","overlay-opacity":"","overlay-gradient":""}},"ast-content-background-meta":{"desktop":{"background-color":"var(--ast-global-color-5)","background-image":"","background-repeat":"repeat","background-position":"center center","background-size":"auto","background-attachment":"scroll","background-type":"","background-media":"","overlay-type":"","overlay-color":"","overlay-opacity":"","overlay-gradient":""},"tablet":{"background-color":"var(--ast-global-color-5)","background-image":"","background-repeat":"repeat","background-position":"center center","background-size":"auto","background-attachment":"scroll","background-type":"","background-media":"","overlay-type":"","overlay-color":"","overlay-opacity":"","overlay-gradient":""},"mobile":{"background-color":"var(--ast-global-color-5)","background-image":"","background-repeat":"repeat","background-position":"center center","background-size":"auto","background-attachment":"scroll","background-type":"","background-media":"","overlay-type":"","overlay-color":"","overlay-opacity":"","overlay-gradient":""}},"footnotes":""},"categories":[668,1086,33,36,1,4],"tags":[],"class_list":["post-19323","post","type-post","status-publish","format-standard","has-post-thumbnail","hentry","category-2019-2028-grup-a","category-cicle-mitja","category-educacio-infantil","category-galeria","category-general","category-portada"],"post_mailing_queue_ids":[],"_links":{"self":[{"href":"https:\/\/agora.xtec.cat\/ceip-lesferreries-palafolls\/wp-json\/wp\/v2\/posts\/19323","targetHints":{"allow":["GET"]}}],"collection":[{"href":"https:\/\/agora.xtec.cat\/ceip-lesferreries-palafolls\/wp-json\/wp\/v2\/posts"}],"about":[{"href":"https:\/\/agora.xtec.cat\/ceip-lesferreries-palafolls\/wp-json\/wp\/v2\/types\/post"}],"author":[{"embeddable":true,"href":"https:\/\/agora.xtec.cat\/ceip-lesferreries-palafolls\/wp-json\/wp\/v2\/users\/50"}],"replies":[{"embeddable":true,"href":"https:\/\/agora.xtec.cat\/ceip-lesferreries-palafolls\/wp-json\/wp\/v2\/comments?post=19323"}],"version-history":[{"count":1,"href":"https:\/\/agora.xtec.cat\/ceip-lesferreries-palafolls\/wp-json\/wp\/v2\/posts\/19323\/revisions"}],"predecessor-version":[{"id":19325,"href":"https:\/\/agora.xtec.cat\/ceip-lesferreries-palafolls\/wp-json\/wp\/v2\/posts\/19323\/revisions\/19325"}],"wp:featuredmedia":[{"embeddable":true,"href":"https:\/\/agora.xtec.cat\/ceip-lesferreries-palafolls\/wp-json\/wp\/v2\/media\/19324"}],"wp:attachment":[{"href":"https:\/\/agora.xtec.cat\/ceip-lesferreries-palafolls\/wp-json\/wp\/v2\/media?parent=19323"}],"wp:term":[{"taxonomy":"category","embeddable":true,"href":"https:\/\/agora.xtec.cat\/ceip-lesferreries-palafolls\/wp-json\/wp\/v2\/categories?post=19323"},{"taxonomy":"post_tag","embeddable":true,"href":"https:\/\/agora.xtec.cat\/ceip-lesferreries-palafolls\/wp-json\/wp\/v2\/tags?post=19323"}],"curies":[{"name":"wp","href":"https:\/\/api.w.org\/{rel}","templated":true}]}}