{"id":19253,"date":"2021-03-07T12:33:44","date_gmt":"2021-03-07T11:33:44","guid":{"rendered":"http:\/\/agora.xtec.cat\/ceip-lesferreries-palafolls\/?p=19253"},"modified":"2025-10-20T11:44:17","modified_gmt":"2025-10-20T09:44:17","slug":"taller-de-miro-a-p4","status":"publish","type":"post","link":"https:\/\/agora.xtec.cat\/ceip-lesferreries-palafolls\/general\/taller-de-miro-a-p4\/","title":{"rendered":"Taller de Mir\u00f3 a P4"},"content":{"rendered":"<p>El passat dilluns vam poder gaudir d\u2019un taller de Mir\u00f3. Una activitat l\u00fadica on els infants van poder treballar els colors que utilitzava Mir\u00f3 a trav\u00e9s de jocs motrius, i la t\u00e8cnica escult\u00f2rica amb fang fent \u201cDona i ocell\u201d o \u201cGos\u201d de Mir\u00f3.<\/p>\n<p><a href=\"https:\/\/agora.xtec.cat\/ceip-lesferreries-palafolls\/wp-content\/uploads\/usu670\/2021\/03\/B349BFE6-CBEC-47BB-9E5E-FBBF98919EEE.jpeg\"><img loading=\"lazy\" decoding=\"async\" class=\"alignnone wp-image-19255 size-thumbnail\" src=\"https:\/\/agora.xtec.cat\/ceip-lesferreries-palafolls\/wp-content\/uploads\/usu670\/2021\/03\/B349BFE6-CBEC-47BB-9E5E-FBBF98919EEE-150x150.jpeg\" alt=\"\" width=\"150\" height=\"150\" \/>\u00a0 \u00a0 <\/a><a href=\"https:\/\/agora.xtec.cat\/ceip-lesferreries-palafolls\/wp-content\/uploads\/usu670\/2021\/03\/B44E18DB-3024-4425-8D91-18FD19FFE3E6.jpeg\"><img loading=\"lazy\" decoding=\"async\" class=\"alignnone wp-image-19257 size-full\" src=\"https:\/\/agora.xtec.cat\/ceip-lesferreries-palafolls\/wp-content\/uploads\/usu670\/2021\/03\/B44E18DB-3024-4425-8D91-18FD19FFE3E6-e1615023412292.jpeg\" alt=\"\" width=\"200\" height=\"158\" \/><\/a><\/p>\n<p>Aqu\u00ed podeu veure algunes fotos d\u2019aquest taller.<\/p>\n<p><a href=\"https:\/\/photos.app.goo.gl\/xPCtpwyw5G8A6RRa7\">https:\/\/photos.app.goo.gl\/xPCtpwyw5G8A6RRa7<\/a><\/p>\n<p>&nbsp;<\/p>\n","protected":false},"excerpt":{"rendered":"<p>El passat dilluns vam poder gaudir d\u2019un taller de Mir\u00f3. Una activitat l\u00fadica on els infants van poder treballar els colors que utilitzava Mir\u00f3 a trav\u00e9s de jocs motrius, i la t\u00e8cnica escult\u00f2rica amb fang fent \u201cDona i ocell\u201d o \u201cGos\u201d de Mir\u00f3. \u00a0 \u00a0 Aqu\u00ed podeu veure algunes fotos d\u2019aquest taller. https:\/\/photos.app.goo.gl\/xPCtpwyw5G8A6RRa7 &nbsp;<\/p>\n","protected":false},"author":113,"featured_media":19260,"comment_status":"open","ping_status":"closed","sticky":false,"template":"","format":"standard","meta":{"_bbp_topic_count":0,"_bbp_reply_count":0,"_bbp_total_topic_count":0,"_bbp_total_reply_count":0,"_bbp_voice_count":0,"_bbp_anonymous_reply_count":0,"_bbp_topic_count_hidden":0,"_bbp_reply_count_hidden":0,"_bbp_forum_subforum_count":0,"site-sidebar-layout":"default","site-content-layout":"","ast-site-content-layout":"","site-content-style":"default","site-sidebar-style":"default","ast-global-header-display":"","ast-banner-title-visibility":"","ast-main-header-display":"","ast-hfb-above-header-display":"","ast-hfb-below-header-display":"","ast-hfb-mobile-header-display":"","site-post-title":"","ast-breadcrumbs-content":"","ast-featured-img":"","footer-sml-layout":"","theme-transparent-header-meta":"","adv-header-id-meta":"","stick-header-meta":"","header-above-stick-meta":"","header-main-stick-meta":"","header-below-stick-meta":"","astra-migrate-meta-layouts":"default","ast-page-background-enabled":"default","ast-page-background-meta":{"desktop":{"background-color":"var(--ast-global-color-4)","background-image":"","background-repeat":"repeat","background-position":"center center","background-size":"auto","background-attachment":"scroll","background-type":"","background-media":"","overlay-type":"","overlay-color":"","overlay-opacity":"","overlay-gradient":""},"tablet":{"background-color":"","background-image":"","background-repeat":"repeat","background-position":"center center","background-size":"auto","background-attachment":"scroll","background-type":"","background-media":"","overlay-type":"","overlay-color":"","overlay-opacity":"","overlay-gradient":""},"mobile":{"background-color":"","background-image":"","background-repeat":"repeat","background-position":"center center","background-size":"auto","background-attachment":"scroll","background-type":"","background-media":"","overlay-type":"","overlay-color":"","overlay-opacity":"","overlay-gradient":""}},"ast-content-background-meta":{"desktop":{"background-color":"var(--ast-global-color-5)","background-image":"","background-repeat":"repeat","background-position":"center center","background-size":"auto","background-attachment":"scroll","background-type":"","background-media":"","overlay-type":"","overlay-color":"","overlay-opacity":"","overlay-gradient":""},"tablet":{"background-color":"var(--ast-global-color-5)","background-image":"","background-repeat":"repeat","background-position":"center center","background-size":"auto","background-attachment":"scroll","background-type":"","background-media":"","overlay-type":"","overlay-color":"","overlay-opacity":"","overlay-gradient":""},"mobile":{"background-color":"var(--ast-global-color-5)","background-image":"","background-repeat":"repeat","background-position":"center center","background-size":"auto","background-attachment":"scroll","background-type":"","background-media":"","overlay-type":"","overlay-color":"","overlay-opacity":"","overlay-gradient":""}},"footnotes":""},"categories":[668,669,1086,36,1,4],"tags":[],"class_list":["post-19253","post","type-post","status-publish","format-standard","has-post-thumbnail","hentry","category-2019-2028-grup-a","category-2019-2028-grup-b","category-cicle-mitja","category-galeria","category-general","category-portada"],"post_mailing_queue_ids":[],"_links":{"self":[{"href":"https:\/\/agora.xtec.cat\/ceip-lesferreries-palafolls\/wp-json\/wp\/v2\/posts\/19253","targetHints":{"allow":["GET"]}}],"collection":[{"href":"https:\/\/agora.xtec.cat\/ceip-lesferreries-palafolls\/wp-json\/wp\/v2\/posts"}],"about":[{"href":"https:\/\/agora.xtec.cat\/ceip-lesferreries-palafolls\/wp-json\/wp\/v2\/types\/post"}],"author":[{"embeddable":true,"href":"https:\/\/agora.xtec.cat\/ceip-lesferreries-palafolls\/wp-json\/wp\/v2\/users\/113"}],"replies":[{"embeddable":true,"href":"https:\/\/agora.xtec.cat\/ceip-lesferreries-palafolls\/wp-json\/wp\/v2\/comments?post=19253"}],"version-history":[{"count":2,"href":"https:\/\/agora.xtec.cat\/ceip-lesferreries-palafolls\/wp-json\/wp\/v2\/posts\/19253\/revisions"}],"predecessor-version":[{"id":19261,"href":"https:\/\/agora.xtec.cat\/ceip-lesferreries-palafolls\/wp-json\/wp\/v2\/posts\/19253\/revisions\/19261"}],"wp:featuredmedia":[{"embeddable":true,"href":"https:\/\/agora.xtec.cat\/ceip-lesferreries-palafolls\/wp-json\/wp\/v2\/media\/19260"}],"wp:attachment":[{"href":"https:\/\/agora.xtec.cat\/ceip-lesferreries-palafolls\/wp-json\/wp\/v2\/media?parent=19253"}],"wp:term":[{"taxonomy":"category","embeddable":true,"href":"https:\/\/agora.xtec.cat\/ceip-lesferreries-palafolls\/wp-json\/wp\/v2\/categories?post=19253"},{"taxonomy":"post_tag","embeddable":true,"href":"https:\/\/agora.xtec.cat\/ceip-lesferreries-palafolls\/wp-json\/wp\/v2\/tags?post=19253"}],"curies":[{"name":"wp","href":"https:\/\/api.w.org\/{rel}","templated":true}]}}