{"id":19127,"date":"2021-02-14T19:27:28","date_gmt":"2021-02-14T18:27:28","guid":{"rendered":"http:\/\/agora.xtec.cat\/ceip-lesferreries-palafolls\/?p=19127"},"modified":"2021-02-16T17:55:29","modified_gmt":"2021-02-16T16:55:29","slug":"carnestoltes-a-p3","status":"publish","type":"post","link":"https:\/\/agora.xtec.cat\/ceip-lesferreries-palafolls\/general\/carnestoltes-a-p3\/","title":{"rendered":"Carnestoltes a P3!"},"content":{"rendered":"<p><a href=\"https:\/\/agora.xtec.cat\/ceip-lesferreries-palafolls\/wp-content\/uploads\/usu670\/2021\/02\/portada-carnestoltes.jpg\"><img loading=\"lazy\" decoding=\"async\" class=\"alignnone size-large wp-image-19135\" src=\"https:\/\/agora.xtec.cat\/ceip-lesferreries-palafolls\/wp-content\/uploads\/usu670\/2021\/02\/portada-carnestoltes-967x1024.jpg\" alt=\"\" width=\"967\" height=\"1024\" srcset=\"https:\/\/agora.xtec.cat\/ceip-lesferreries-palafolls\/wp-content\/uploads\/usu670\/2021\/02\/portada-carnestoltes-967x1024.jpg 967w, https:\/\/agora.xtec.cat\/ceip-lesferreries-palafolls\/wp-content\/uploads\/usu670\/2021\/02\/portada-carnestoltes-283x300.jpg 283w, https:\/\/agora.xtec.cat\/ceip-lesferreries-palafolls\/wp-content\/uploads\/usu670\/2021\/02\/portada-carnestoltes-768x813.jpg 768w, https:\/\/agora.xtec.cat\/ceip-lesferreries-palafolls\/wp-content\/uploads\/usu670\/2021\/02\/portada-carnestoltes.jpg 1333w\" sizes=\"auto, (max-width: 967px) 100vw, 967px\" \/><\/a><\/p>\n<p>Arriba el Carnestoltes i &#8230;&#8230; a P3 gaudim d&#8217;una setmana molt divertida!! Pentinats bojos plens de colors, pijames amb mil personatges diferents, corbates i faldilles que ens feien anar molt elegants&#8230;una setmana ben diferent plena d&#8217;alegria i somriures. Tamb\u00e9 vam poder gaudir d&#8217;un berenar junts a l&#8217;aula dijous Llarder i per \u00faltim i com a cloenda &#8230;.. una desfilada tots disfressats!!<\/p>\n<p>Ens agradaria\u00a0 compartir amb vosaltres, les fam\u00edlies, aquests moments m\u00e0gics a trav\u00e9s d&#8217;aquest recull de fotos:<\/p>\n<p><a href=\"https:\/\/photos.app.goo.gl\/aAdw4LGNRhXPQzwe7\">_Carnestoltes P3_<\/a><\/p>\n<p>Esperem que us agradi!<\/p>\n<p>Gr\u00e0cies per la vostra col\u00b7laboraci\u00f3,<\/p>\n<p>les mestres de P3.<\/p>\n","protected":false},"excerpt":{"rendered":"<p>Arriba el Carnestoltes i &#8230;&#8230; a P3 gaudim d&#8217;una setmana molt divertida!! Pentinats bojos plens de colors, pijames amb mil personatges diferents, corbates i faldilles que ens feien anar molt elegants&#8230;una setmana ben diferent plena d&#8217;alegria i somriures. Tamb\u00e9 vam poder gaudir d&#8217;un berenar junts a l&#8217;aula dijous Llarder i per \u00faltim i com a [&hellip;]<\/p>\n","protected":false},"author":1,"featured_media":19135,"comment_status":"open","ping_status":"closed","sticky":false,"template":"","format":"standard","meta":{"_bbp_topic_count":0,"_bbp_reply_count":0,"_bbp_total_topic_count":0,"_bbp_total_reply_count":0,"_bbp_voice_count":0,"_bbp_anonymous_reply_count":0,"_bbp_topic_count_hidden":0,"_bbp_reply_count_hidden":0,"_bbp_forum_subforum_count":0,"site-sidebar-layout":"default","site-content-layout":"","ast-site-content-layout":"","site-content-style":"default","site-sidebar-style":"default","ast-global-header-display":"","ast-banner-title-visibility":"","ast-main-header-display":"","ast-hfb-above-header-display":"","ast-hfb-below-header-display":"","ast-hfb-mobile-header-display":"","site-post-title":"","ast-breadcrumbs-content":"","ast-featured-img":"","footer-sml-layout":"","theme-transparent-header-meta":"","adv-header-id-meta":"","stick-header-meta":"","header-above-stick-meta":"","header-main-stick-meta":"","header-below-stick-meta":"","astra-migrate-meta-layouts":"default","ast-page-background-enabled":"default","ast-page-background-meta":{"desktop":{"background-color":"var(--ast-global-color-4)","background-image":"","background-repeat":"repeat","background-position":"center center","background-size":"auto","background-attachment":"scroll","background-type":"","background-media":"","overlay-type":"","overlay-color":"","overlay-opacity":"","overlay-gradient":""},"tablet":{"background-color":"","background-image":"","background-repeat":"repeat","background-position":"center center","background-size":"auto","background-attachment":"scroll","background-type":"","background-media":"","overlay-type":"","overlay-color":"","overlay-opacity":"","overlay-gradient":""},"mobile":{"background-color":"","background-image":"","background-repeat":"repeat","background-position":"center center","background-size":"auto","background-attachment":"scroll","background-type":"","background-media":"","overlay-type":"","overlay-color":"","overlay-opacity":"","overlay-gradient":""}},"ast-content-background-meta":{"desktop":{"background-color":"var(--ast-global-color-5)","background-image":"","background-repeat":"repeat","background-position":"center center","background-size":"auto","background-attachment":"scroll","background-type":"","background-media":"","overlay-type":"","overlay-color":"","overlay-opacity":"","overlay-gradient":""},"tablet":{"background-color":"var(--ast-global-color-5)","background-image":"","background-repeat":"repeat","background-position":"center center","background-size":"auto","background-attachment":"scroll","background-type":"","background-media":"","overlay-type":"","overlay-color":"","overlay-opacity":"","overlay-gradient":""},"mobile":{"background-color":"var(--ast-global-color-5)","background-image":"","background-repeat":"repeat","background-position":"center center","background-size":"auto","background-attachment":"scroll","background-type":"","background-media":"","overlay-type":"","overlay-color":"","overlay-opacity":"","overlay-gradient":""}},"footnotes":""},"categories":[33,34,1,4],"tags":[],"class_list":["post-19127","post","type-post","status-publish","format-standard","has-post-thumbnail","hentry","category-educacio-infantil","category-festes-populars","category-general","category-portada"],"post_mailing_queue_ids":[],"_links":{"self":[{"href":"https:\/\/agora.xtec.cat\/ceip-lesferreries-palafolls\/wp-json\/wp\/v2\/posts\/19127","targetHints":{"allow":["GET"]}}],"collection":[{"href":"https:\/\/agora.xtec.cat\/ceip-lesferreries-palafolls\/wp-json\/wp\/v2\/posts"}],"about":[{"href":"https:\/\/agora.xtec.cat\/ceip-lesferreries-palafolls\/wp-json\/wp\/v2\/types\/post"}],"author":[{"embeddable":true,"href":"https:\/\/agora.xtec.cat\/ceip-lesferreries-palafolls\/wp-json\/wp\/v2\/users\/1"}],"replies":[{"embeddable":true,"href":"https:\/\/agora.xtec.cat\/ceip-lesferreries-palafolls\/wp-json\/wp\/v2\/comments?post=19127"}],"version-history":[{"count":4,"href":"https:\/\/agora.xtec.cat\/ceip-lesferreries-palafolls\/wp-json\/wp\/v2\/posts\/19127\/revisions"}],"predecessor-version":[{"id":19155,"href":"https:\/\/agora.xtec.cat\/ceip-lesferreries-palafolls\/wp-json\/wp\/v2\/posts\/19127\/revisions\/19155"}],"wp:featuredmedia":[{"embeddable":true,"href":"https:\/\/agora.xtec.cat\/ceip-lesferreries-palafolls\/wp-json\/wp\/v2\/media\/19135"}],"wp:attachment":[{"href":"https:\/\/agora.xtec.cat\/ceip-lesferreries-palafolls\/wp-json\/wp\/v2\/media?parent=19127"}],"wp:term":[{"taxonomy":"category","embeddable":true,"href":"https:\/\/agora.xtec.cat\/ceip-lesferreries-palafolls\/wp-json\/wp\/v2\/categories?post=19127"},{"taxonomy":"post_tag","embeddable":true,"href":"https:\/\/agora.xtec.cat\/ceip-lesferreries-palafolls\/wp-json\/wp\/v2\/tags?post=19127"}],"curies":[{"name":"wp","href":"https:\/\/api.w.org\/{rel}","templated":true}]}}