{"id":19091,"date":"2021-02-10T11:54:09","date_gmt":"2021-02-10T10:54:09","guid":{"rendered":"http:\/\/agora.xtec.cat\/ceip-lesferreries-palafolls\/?p=19091"},"modified":"2021-02-10T11:54:09","modified_gmt":"2021-02-10T10:54:09","slug":"xocolatada-solidaria-2","status":"publish","type":"post","link":"https:\/\/agora.xtec.cat\/ceip-lesferreries-palafolls\/general\/xocolatada-solidaria-2\/","title":{"rendered":"Xocolatada solid\u00e0ria"},"content":{"rendered":"<p style=\"font-weight: 400;\"><strong><em>Benvolgudes fam\u00edlies,<\/em><\/strong><\/p>\n<p style=\"font-weight: 400;\">Aquest divendres 12 de febrer a partir de les 16.20 h la comunitat educativa de Palafolls i l\u2019Ajuntament us convida a participar en la <strong><u>Xocolatada Solid\u00e0ria reinventada en un format adaptat a les restriccions sanit\u00e0ries actualment en vigor.<\/u><\/strong><\/p>\n<p style=\"font-weight: 400;\"><a href=\"https:\/\/agora.xtec.cat\/ceip-lesferreries-palafolls\/wp-content\/uploads\/usu670\/2021\/02\/image001.jpg\"><img loading=\"lazy\" decoding=\"async\" class=\"size-full wp-image-19092 alignright\" src=\"https:\/\/agora.xtec.cat\/ceip-lesferreries-palafolls\/wp-content\/uploads\/usu670\/2021\/02\/image001.jpg\" alt=\"\" width=\"480\" height=\"270\" srcset=\"https:\/\/agora.xtec.cat\/ceip-lesferreries-palafolls\/wp-content\/uploads\/usu670\/2021\/02\/image001.jpg 480w, https:\/\/agora.xtec.cat\/ceip-lesferreries-palafolls\/wp-content\/uploads\/usu670\/2021\/02\/image001-300x169.jpg 300w\" sizes=\"auto, (max-width: 480px) 100vw, 480px\" \/><\/a>L\u2019acte, coliderat per totes les AMPA de Palafolls i l\u2019Ajuntament, i amb el suport dels centres educatius, vol participar de <strong>la iniciativa ben\u00e8fica\u00a0<a href=\"http:\/\/xocolatadasolidaria.org\/\" data-saferedirecturl=\"https:\/\/www.google.com\/url?q=http:\/\/xocolatadasolidaria.org\/&amp;source=gmail&amp;ust=1613037730963000&amp;usg=AFQjCNE3udHiwOdNnjBLFEL9V3gTC870gw\">http:\/\/xocolatadasolidaria.org\/<\/a>\u00a0en benefici de l\u2019Hospital Sant Joan de D\u00e9u per la investigaci\u00f3 del c\u00e0ncer infantil.<\/strong><\/p>\n<p style=\"font-weight: 400;\">L\u2019any passat Palafolls va superar l\u2019aportaci\u00f3 de 1.000 euros i aquest any us volem proposar el repte de superar aquesta xifra.<\/p>\n<p style=\"font-weight: 400;\"><strong><em>A m\u00e9s amb aquesta activitat tancarem una setmana de Carnestoltes dibuixant un somriure a tots els nens i nenes de Palafolls i d\u2019arreu.<\/em><\/strong><\/p>\n<p style=\"font-weight: 400;\"><strong>COM ES FAR\u00c0 LA XOCOLATADA SOLID\u00c0RIA:<\/strong><\/p>\n<p style=\"font-weight: 400;\">Aquest any \u00a0la Xocolatada solid\u00e0ria consistir\u00e0 en un berenar servit en bosses individuals que es podr\u00e0 recollir en quatre punts diferents del municipi a partir de les 16.20 h. Aquests punts comptaran amb caixes amb \u201cberenars unipersonals\u201d de \u00a0\u201cpa amb xocolata\u201d que les AMPA recolliran per <strong><u>l\u2019import ben\u00e8fic de 2 euros<\/u><\/strong>\u00a0i que es dipositaran dins una \u201cguardiola solid\u00e0ria\u201d.\u00a0<strong>Demanem que porteu l\u2019import exacte de 2 euros per tal de no haver de manipular canvi.<\/strong><\/p>\n<p style=\"font-weight: 400;\"><strong>Els punts de recollida del berenar de \u201cpa i xocolata\u201d s\u00f3n:<\/strong><\/p>\n<ul>\n<li style=\"font-weight: 400;\">Pla\u00e7a F\u00f2rum Palatiolo \u2013 Un punt de recollida<\/li>\n<li style=\"font-weight: 400;\">Pla\u00e7a de Poppi \u2013 Dos punts de recollida<\/li>\n<li style=\"font-weight: 400;\">Rambla Sal\u00f3 Mas Pedrer &#8211; Un punt de recollida<\/li>\n<li style=\"font-weight: 400;\">Parc Joaquim Ruyra (gespa) &#8211; Un punt de recollida<\/li>\n<\/ul>\n<p style=\"font-weight: 400;\">Per tal de garantir el correcte desenvolupament de l\u2019activitat, \u00a0us demanem que eviteu les aglomeracions, respecteu les dist\u00e0ncies entre persones, que recolliu amb agilitat la vostra bossa de berenar i que no us concentreu en cap punt concret per menjar el \u201cpa amb xocolata\u201d.<\/p>\n<p style=\"font-weight: 400;\">Recordeu l\u2019obligaci\u00f3 de dur la mascareta i de no manipular cap bossa de menjar que no sigui la que recolliu per consumir.<\/p>\n<p style=\"font-weight: 400;\">Ara nom\u00e9s queda que participem i gaudim de la proposta entre tots plegats!!!<\/p>\n<p style=\"font-weight: 400;\">Gr\u00e0cies per la vostra participaci\u00f3!<\/p>\n<p style=\"font-weight: 400;\"><strong><em>AJUNTAMENT DE PALAFOLLS &#8211; \u00c0rea d\u2019Educaci\u00f3<\/em><\/strong><\/p>\n<p style=\"font-weight: 400;\"><strong><em>AMPA PALAFOLLETS \u2013 AMPA MAS PRATS \u2013 AMPA LES FERRERIES \u2013 AMPA INS FONT DEL FERRO \u2013 AMPA ESCOLA MUNICIPAL DE M\u00daSICA I DANSA DE PALAFOLLS<\/em><\/strong><\/p>\n","protected":false},"excerpt":{"rendered":"<p>Benvolgudes fam\u00edlies, Aquest divendres 12 de febrer a partir de les 16.20 h la comunitat educativa de Palafolls i l\u2019Ajuntament us convida a participar en la Xocolatada Solid\u00e0ria reinventada en un format adaptat a les restriccions sanit\u00e0ries actualment en vigor. L\u2019acte, coliderat per totes les AMPA de Palafolls i l\u2019Ajuntament, i amb el suport dels [&hellip;]<\/p>\n","protected":false},"author":65,"featured_media":19092,"comment_status":"open","ping_status":"closed","sticky":false,"template":"","format":"standard","meta":{"_bbp_topic_count":0,"_bbp_reply_count":0,"_bbp_total_topic_count":0,"_bbp_total_reply_count":0,"_bbp_voice_count":0,"_bbp_anonymous_reply_count":0,"_bbp_topic_count_hidden":0,"_bbp_reply_count_hidden":0,"_bbp_forum_subforum_count":0,"site-sidebar-layout":"default","site-content-layout":"","ast-site-content-layout":"","site-content-style":"default","site-sidebar-style":"default","ast-global-header-display":"","ast-banner-title-visibility":"","ast-main-header-display":"","ast-hfb-above-header-display":"","ast-hfb-below-header-display":"","ast-hfb-mobile-header-display":"","site-post-title":"","ast-breadcrumbs-content":"","ast-featured-img":"","footer-sml-layout":"","theme-transparent-header-meta":"","adv-header-id-meta":"","stick-header-meta":"","header-above-stick-meta":"","header-main-stick-meta":"","header-below-stick-meta":"","astra-migrate-meta-layouts":"default","ast-page-background-enabled":"default","ast-page-background-meta":{"desktop":{"background-color":"var(--ast-global-color-4)","background-image":"","background-repeat":"repeat","background-position":"center center","background-size":"auto","background-attachment":"scroll","background-type":"","background-media":"","overlay-type":"","overlay-color":"","overlay-opacity":"","overlay-gradient":""},"tablet":{"background-color":"","background-image":"","background-repeat":"repeat","background-position":"center center","background-size":"auto","background-attachment":"scroll","background-type":"","background-media":"","overlay-type":"","overlay-color":"","overlay-opacity":"","overlay-gradient":""},"mobile":{"background-color":"","background-image":"","background-repeat":"repeat","background-position":"center center","background-size":"auto","background-attachment":"scroll","background-type":"","background-media":"","overlay-type":"","overlay-color":"","overlay-opacity":"","overlay-gradient":""}},"ast-content-background-meta":{"desktop":{"background-color":"var(--ast-global-color-5)","background-image":"","background-repeat":"repeat","background-position":"center center","background-size":"auto","background-attachment":"scroll","background-type":"","background-media":"","overlay-type":"","overlay-color":"","overlay-opacity":"","overlay-gradient":""},"tablet":{"background-color":"var(--ast-global-color-5)","background-image":"","background-repeat":"repeat","background-position":"center center","background-size":"auto","background-attachment":"scroll","background-type":"","background-media":"","overlay-type":"","overlay-color":"","overlay-opacity":"","overlay-gradient":""},"mobile":{"background-color":"var(--ast-global-color-5)","background-image":"","background-repeat":"repeat","background-position":"center center","background-size":"auto","background-attachment":"scroll","background-type":"","background-media":"","overlay-type":"","overlay-color":"","overlay-opacity":"","overlay-gradient":""}},"footnotes":""},"categories":[1,4],"tags":[805,549],"class_list":["post-19091","post","type-post","status-publish","format-standard","has-post-thumbnail","hentry","category-general","category-portada","tag-sant-joan-de-deu","tag-xocolatada-solidaria"],"post_mailing_queue_ids":[],"_links":{"self":[{"href":"https:\/\/agora.xtec.cat\/ceip-lesferreries-palafolls\/wp-json\/wp\/v2\/posts\/19091","targetHints":{"allow":["GET"]}}],"collection":[{"href":"https:\/\/agora.xtec.cat\/ceip-lesferreries-palafolls\/wp-json\/wp\/v2\/posts"}],"about":[{"href":"https:\/\/agora.xtec.cat\/ceip-lesferreries-palafolls\/wp-json\/wp\/v2\/types\/post"}],"author":[{"embeddable":true,"href":"https:\/\/agora.xtec.cat\/ceip-lesferreries-palafolls\/wp-json\/wp\/v2\/users\/65"}],"replies":[{"embeddable":true,"href":"https:\/\/agora.xtec.cat\/ceip-lesferreries-palafolls\/wp-json\/wp\/v2\/comments?post=19091"}],"version-history":[{"count":1,"href":"https:\/\/agora.xtec.cat\/ceip-lesferreries-palafolls\/wp-json\/wp\/v2\/posts\/19091\/revisions"}],"predecessor-version":[{"id":19093,"href":"https:\/\/agora.xtec.cat\/ceip-lesferreries-palafolls\/wp-json\/wp\/v2\/posts\/19091\/revisions\/19093"}],"wp:featuredmedia":[{"embeddable":true,"href":"https:\/\/agora.xtec.cat\/ceip-lesferreries-palafolls\/wp-json\/wp\/v2\/media\/19092"}],"wp:attachment":[{"href":"https:\/\/agora.xtec.cat\/ceip-lesferreries-palafolls\/wp-json\/wp\/v2\/media?parent=19091"}],"wp:term":[{"taxonomy":"category","embeddable":true,"href":"https:\/\/agora.xtec.cat\/ceip-lesferreries-palafolls\/wp-json\/wp\/v2\/categories?post=19091"},{"taxonomy":"post_tag","embeddable":true,"href":"https:\/\/agora.xtec.cat\/ceip-lesferreries-palafolls\/wp-json\/wp\/v2\/tags?post=19091"}],"curies":[{"name":"wp","href":"https:\/\/api.w.org\/{rel}","templated":true}]}}