{"id":18902,"date":"2020-12-01T12:19:23","date_gmt":"2020-12-01T11:19:23","guid":{"rendered":"http:\/\/agora.xtec.cat\/ceip-lesferreries-palafolls\/?p=18902"},"modified":"2020-12-01T12:19:53","modified_gmt":"2020-12-01T11:19:53","slug":"palafolls-vila-educadora","status":"publish","type":"post","link":"https:\/\/agora.xtec.cat\/ceip-lesferreries-palafolls\/general\/palafolls-vila-educadora\/","title":{"rendered":"Palafolls, Vila Educadora"},"content":{"rendered":"<p>El passat divendres 27 de novembre, coincidint amb el Dia Internacional del Professorat, l&#8217;\u00c0rea d&#8217;Educaci\u00f3 de l&#8217;Ajuntament de Palafolls va estrenar un v\u00eddeo que recull els testimonis personals de diversos alumnes, docents i membres de l&#8217;equip directiu de les escoles de Les Ferreries de Palafolls, Mas Prats i de l&#8217;Institut Font del Ferro de Palafolls.<\/p>\n<p>Durant els deu minuts que dura l&#8217;audiovisual, a t\u00edtol de: &#8216;Palafolls Vila Educadora&#8217;, aquests testimonis relaten les seves viv\u00e8ncies i la tasca conjunta de la comunitat educativa de Palafolls per seguir mantenint l&#8217;escola viva en plena pand\u00e8mia, amb totes les restriccions que hi ha vinculades, fent \u00e8mfasi a les emocions.<\/p>\n<p>El v\u00eddeo posa en valor la gran tasca educativa i emocional que han realitzat docents i equips directius de centres escolars, aix\u00ed com tamb\u00e9 reconeix l&#8217;exemple de superaci\u00f3 que han donat els infants de Palafolls. Demostrant doncs que des de la col\u00b7laboraci\u00f3, l&#8217;estima i les ganes de continuar treballant per l&#8217;educaci\u00f3 del municipi es poden superar totes les adversitats.<\/p>\n<p>Per aquest motiu, el volem compartir amb tots vosaltres:<\/p>\n<p><iframe loading=\"lazy\" width=\"560\" height=\"315\" src=\"https:\/\/www.youtube.com\/embed\/E59cdjkNHOQ\" frameborder=\"0\" allow=\"accelerometer; autoplay; clipboard-write; encrypted-media; gyroscope; picture-in-picture\" allowfullscreen><\/iframe><br \/>\n&nbsp;<\/p>\n","protected":false},"excerpt":{"rendered":"<p>El passat divendres 27 de novembre, coincidint amb el Dia Internacional del Professorat, l&#8217;\u00c0rea d&#8217;Educaci\u00f3 de l&#8217;Ajuntament de Palafolls va estrenar un v\u00eddeo que recull els testimonis personals de diversos alumnes, docents i membres de l&#8217;equip directiu de les escoles de Les Ferreries de Palafolls, Mas Prats i de l&#8217;Institut Font del Ferro de Palafolls. [&hellip;]<\/p>\n","protected":false},"author":65,"featured_media":18904,"comment_status":"open","ping_status":"closed","sticky":false,"template":"","format":"standard","meta":{"_bbp_topic_count":0,"_bbp_reply_count":0,"_bbp_total_topic_count":0,"_bbp_total_reply_count":0,"_bbp_voice_count":0,"_bbp_anonymous_reply_count":0,"_bbp_topic_count_hidden":0,"_bbp_reply_count_hidden":0,"_bbp_forum_subforum_count":0,"site-sidebar-layout":"default","site-content-layout":"","ast-site-content-layout":"","site-content-style":"default","site-sidebar-style":"default","ast-global-header-display":"","ast-banner-title-visibility":"","ast-main-header-display":"","ast-hfb-above-header-display":"","ast-hfb-below-header-display":"","ast-hfb-mobile-header-display":"","site-post-title":"","ast-breadcrumbs-content":"","ast-featured-img":"","footer-sml-layout":"","theme-transparent-header-meta":"","adv-header-id-meta":"","stick-header-meta":"","header-above-stick-meta":"","header-main-stick-meta":"","header-below-stick-meta":"","astra-migrate-meta-layouts":"default","ast-page-background-enabled":"default","ast-page-background-meta":{"desktop":{"background-color":"var(--ast-global-color-4)","background-image":"","background-repeat":"repeat","background-position":"center center","background-size":"auto","background-attachment":"scroll","background-type":"","background-media":"","overlay-type":"","overlay-color":"","overlay-opacity":"","overlay-gradient":""},"tablet":{"background-color":"","background-image":"","background-repeat":"repeat","background-position":"center center","background-size":"auto","background-attachment":"scroll","background-type":"","background-media":"","overlay-type":"","overlay-color":"","overlay-opacity":"","overlay-gradient":""},"mobile":{"background-color":"","background-image":"","background-repeat":"repeat","background-position":"center center","background-size":"auto","background-attachment":"scroll","background-type":"","background-media":"","overlay-type":"","overlay-color":"","overlay-opacity":"","overlay-gradient":""}},"ast-content-background-meta":{"desktop":{"background-color":"var(--ast-global-color-5)","background-image":"","background-repeat":"repeat","background-position":"center center","background-size":"auto","background-attachment":"scroll","background-type":"","background-media":"","overlay-type":"","overlay-color":"","overlay-opacity":"","overlay-gradient":""},"tablet":{"background-color":"var(--ast-global-color-5)","background-image":"","background-repeat":"repeat","background-position":"center center","background-size":"auto","background-attachment":"scroll","background-type":"","background-media":"","overlay-type":"","overlay-color":"","overlay-opacity":"","overlay-gradient":""},"mobile":{"background-color":"var(--ast-global-color-5)","background-image":"","background-repeat":"repeat","background-position":"center center","background-size":"auto","background-attachment":"scroll","background-type":"","background-media":"","overlay-type":"","overlay-color":"","overlay-opacity":"","overlay-gradient":""}},"footnotes":""},"categories":[1,4],"tags":[797,288,796],"class_list":["post-18902","post","type-post","status-publish","format-standard","has-post-thumbnail","hentry","category-general","category-portada","tag-educadora","tag-palafolls","tag-vila"],"post_mailing_queue_ids":[],"_links":{"self":[{"href":"https:\/\/agora.xtec.cat\/ceip-lesferreries-palafolls\/wp-json\/wp\/v2\/posts\/18902","targetHints":{"allow":["GET"]}}],"collection":[{"href":"https:\/\/agora.xtec.cat\/ceip-lesferreries-palafolls\/wp-json\/wp\/v2\/posts"}],"about":[{"href":"https:\/\/agora.xtec.cat\/ceip-lesferreries-palafolls\/wp-json\/wp\/v2\/types\/post"}],"author":[{"embeddable":true,"href":"https:\/\/agora.xtec.cat\/ceip-lesferreries-palafolls\/wp-json\/wp\/v2\/users\/65"}],"replies":[{"embeddable":true,"href":"https:\/\/agora.xtec.cat\/ceip-lesferreries-palafolls\/wp-json\/wp\/v2\/comments?post=18902"}],"version-history":[{"count":1,"href":"https:\/\/agora.xtec.cat\/ceip-lesferreries-palafolls\/wp-json\/wp\/v2\/posts\/18902\/revisions"}],"predecessor-version":[{"id":18903,"href":"https:\/\/agora.xtec.cat\/ceip-lesferreries-palafolls\/wp-json\/wp\/v2\/posts\/18902\/revisions\/18903"}],"wp:featuredmedia":[{"embeddable":true,"href":"https:\/\/agora.xtec.cat\/ceip-lesferreries-palafolls\/wp-json\/wp\/v2\/media\/18904"}],"wp:attachment":[{"href":"https:\/\/agora.xtec.cat\/ceip-lesferreries-palafolls\/wp-json\/wp\/v2\/media?parent=18902"}],"wp:term":[{"taxonomy":"category","embeddable":true,"href":"https:\/\/agora.xtec.cat\/ceip-lesferreries-palafolls\/wp-json\/wp\/v2\/categories?post=18902"},{"taxonomy":"post_tag","embeddable":true,"href":"https:\/\/agora.xtec.cat\/ceip-lesferreries-palafolls\/wp-json\/wp\/v2\/tags?post=18902"}],"curies":[{"name":"wp","href":"https:\/\/api.w.org\/{rel}","templated":true}]}}