{"id":18828,"date":"2020-11-02T18:33:12","date_gmt":"2020-11-02T17:33:12","guid":{"rendered":"http:\/\/agora.xtec.cat\/ceip-lesferreries-palafolls\/?p=18828"},"modified":"2025-10-20T11:39:27","modified_gmt":"2025-10-20T09:39:27","slug":"lhora-del-conte-2","status":"publish","type":"post","link":"https:\/\/agora.xtec.cat\/ceip-lesferreries-palafolls\/portada\/lhora-del-conte-2\/","title":{"rendered":"L&#8217;HORA DEL CONTE"},"content":{"rendered":"<p>Aquest curs hem iniciat una activitat nova adaptant-nos a la &#8220;nova normalitat&#8221; a la qual ens ha dut la pand\u00e8mia. Us vam demanar a la reuni\u00f3 d&#8217;inici de curs si vol\u00edeu col.laborar telem\u00e0ticament amb nosaltres. La idea \u00e9s que expliqueu un conte, l&#8217;escenifiqueu, el llegiu, el dibuixeu o el musiqueu. Qualsevol iniciativa ser\u00e0 perfecta per passar una bona estona gaudint-la.\u00a0 JA HEM COMEN\u00c7AT!!!!!!!!\u00a0 \u00a0La Lucia i la mare de l&#8217;Efren ja s&#8217;han animat a fer-ho i, de veritat que ens ha entusiasmat!!!!!!. Moltes gr\u00e0cies!!!!!! I a veure si us animeu la resta!!!!!. De moment els contes visualitzats han estat : &#8220;El monstre de colors va a l&#8217;escola&#8221; i &#8220;El lle\u00f3 i el ratol\u00ed&#8221;. Aqu\u00ed trobareu un recull del que vam viure a classe.<\/p>\n<p>Ah!!!!!!!!!! Tamb\u00e9 veureu fotos dels vostres infants mirant contes. Recordeu que els llibres s\u00f3n la porta a milers de mons!!!!!!. Desenvolupen la imaginaci\u00f3, la creativitat&#8230;.s\u00f3n una font de coneixement real i imaginari&#8230;..ajuden a ampliar vocabulari i a aprendre estructures gramaticals, frases fetes, rodolins&#8230;.ordenen el pensament&#8230;..Podria seguir, per\u00f2 vosaltres ja ho sabeu!!!!!!\u00a0 LLegiu molt amb ells i elles i gaudiu-ne!!!!!!! Segur que ser\u00e0 un bon regal. Paraula de saltarina!.<\/p>\n<p><a href=\"https:\/\/photos.app.goo.gl\/vVxydE33Lk8tMwd79\">https:\/\/photos.app.goo.gl\/vVxydE33Lk8tMwd79<\/a><\/p>\n","protected":false},"excerpt":{"rendered":"<p>Aquest curs hem iniciat una activitat nova adaptant-nos a la &#8220;nova normalitat&#8221; a la qual ens ha dut la pand\u00e8mia. Us vam demanar a la reuni\u00f3 d&#8217;inici de curs si vol\u00edeu col.laborar telem\u00e0ticament amb nosaltres. La idea \u00e9s que expliqueu un conte, l&#8217;escenifiqueu, el llegiu, el dibuixeu o el musiqueu. Qualsevol iniciativa ser\u00e0 perfecta per [&hellip;]<\/p>\n","protected":false},"author":50,"featured_media":18829,"comment_status":"open","ping_status":"closed","sticky":false,"template":"","format":"standard","meta":{"_bbp_topic_count":0,"_bbp_reply_count":0,"_bbp_total_topic_count":0,"_bbp_total_reply_count":0,"_bbp_voice_count":0,"_bbp_anonymous_reply_count":0,"_bbp_topic_count_hidden":0,"_bbp_reply_count_hidden":0,"_bbp_forum_subforum_count":0,"site-sidebar-layout":"default","site-content-layout":"","ast-site-content-layout":"","site-content-style":"default","site-sidebar-style":"default","ast-global-header-display":"","ast-banner-title-visibility":"","ast-main-header-display":"","ast-hfb-above-header-display":"","ast-hfb-below-header-display":"","ast-hfb-mobile-header-display":"","site-post-title":"","ast-breadcrumbs-content":"","ast-featured-img":"","footer-sml-layout":"","theme-transparent-header-meta":"","adv-header-id-meta":"","stick-header-meta":"","header-above-stick-meta":"","header-main-stick-meta":"","header-below-stick-meta":"","astra-migrate-meta-layouts":"default","ast-page-background-enabled":"default","ast-page-background-meta":{"desktop":{"background-color":"var(--ast-global-color-4)","background-image":"","background-repeat":"repeat","background-position":"center center","background-size":"auto","background-attachment":"scroll","background-type":"","background-media":"","overlay-type":"","overlay-color":"","overlay-opacity":"","overlay-gradient":""},"tablet":{"background-color":"","background-image":"","background-repeat":"repeat","background-position":"center center","background-size":"auto","background-attachment":"scroll","background-type":"","background-media":"","overlay-type":"","overlay-color":"","overlay-opacity":"","overlay-gradient":""},"mobile":{"background-color":"","background-image":"","background-repeat":"repeat","background-position":"center center","background-size":"auto","background-attachment":"scroll","background-type":"","background-media":"","overlay-type":"","overlay-color":"","overlay-opacity":"","overlay-gradient":""}},"ast-content-background-meta":{"desktop":{"background-color":"var(--ast-global-color-5)","background-image":"","background-repeat":"repeat","background-position":"center center","background-size":"auto","background-attachment":"scroll","background-type":"","background-media":"","overlay-type":"","overlay-color":"","overlay-opacity":"","overlay-gradient":""},"tablet":{"background-color":"var(--ast-global-color-5)","background-image":"","background-repeat":"repeat","background-position":"center center","background-size":"auto","background-attachment":"scroll","background-type":"","background-media":"","overlay-type":"","overlay-color":"","overlay-opacity":"","overlay-gradient":""},"mobile":{"background-color":"var(--ast-global-color-5)","background-image":"","background-repeat":"repeat","background-position":"center center","background-size":"auto","background-attachment":"scroll","background-type":"","background-media":"","overlay-type":"","overlay-color":"","overlay-opacity":"","overlay-gradient":""}},"footnotes":""},"categories":[668,1086,4],"tags":[],"class_list":["post-18828","post","type-post","status-publish","format-standard","has-post-thumbnail","hentry","category-2019-2028-grup-a","category-cicle-mitja","category-portada"],"post_mailing_queue_ids":[],"_links":{"self":[{"href":"https:\/\/agora.xtec.cat\/ceip-lesferreries-palafolls\/wp-json\/wp\/v2\/posts\/18828","targetHints":{"allow":["GET"]}}],"collection":[{"href":"https:\/\/agora.xtec.cat\/ceip-lesferreries-palafolls\/wp-json\/wp\/v2\/posts"}],"about":[{"href":"https:\/\/agora.xtec.cat\/ceip-lesferreries-palafolls\/wp-json\/wp\/v2\/types\/post"}],"author":[{"embeddable":true,"href":"https:\/\/agora.xtec.cat\/ceip-lesferreries-palafolls\/wp-json\/wp\/v2\/users\/50"}],"replies":[{"embeddable":true,"href":"https:\/\/agora.xtec.cat\/ceip-lesferreries-palafolls\/wp-json\/wp\/v2\/comments?post=18828"}],"version-history":[{"count":1,"href":"https:\/\/agora.xtec.cat\/ceip-lesferreries-palafolls\/wp-json\/wp\/v2\/posts\/18828\/revisions"}],"predecessor-version":[{"id":18830,"href":"https:\/\/agora.xtec.cat\/ceip-lesferreries-palafolls\/wp-json\/wp\/v2\/posts\/18828\/revisions\/18830"}],"wp:featuredmedia":[{"embeddable":true,"href":"https:\/\/agora.xtec.cat\/ceip-lesferreries-palafolls\/wp-json\/wp\/v2\/media\/18829"}],"wp:attachment":[{"href":"https:\/\/agora.xtec.cat\/ceip-lesferreries-palafolls\/wp-json\/wp\/v2\/media?parent=18828"}],"wp:term":[{"taxonomy":"category","embeddable":true,"href":"https:\/\/agora.xtec.cat\/ceip-lesferreries-palafolls\/wp-json\/wp\/v2\/categories?post=18828"},{"taxonomy":"post_tag","embeddable":true,"href":"https:\/\/agora.xtec.cat\/ceip-lesferreries-palafolls\/wp-json\/wp\/v2\/tags?post=18828"}],"curies":[{"name":"wp","href":"https:\/\/api.w.org\/{rel}","templated":true}]}}