{"id":18647,"date":"2020-10-02T03:00:32","date_gmt":"2020-10-02T01:00:32","guid":{"rendered":"http:\/\/agora.xtec.cat\/ceip-lesferreries-palafolls\/?p=18647"},"modified":"2020-10-16T11:38:57","modified_gmt":"2020-10-16T09:38:57","slug":"mascaretes-per-tothom","status":"publish","type":"post","link":"https:\/\/agora.xtec.cat\/ceip-lesferreries-palafolls\/portada\/mascaretes-per-tothom\/","title":{"rendered":"MASCARETES AMPA"},"content":{"rendered":"<p><strong>Els membres de l&#8217;AMPA estem MOLT CONTENTS per la bona acollida que han tingut les mascaretes<\/strong> i us agra\u00efm els vostres comentaris que ens han arribat per diversos medis, tant d&#8217;alumnes, pares d&#8217;alumnes, professors, personal del centre i fins i tot persones alienes a l&#8217;escola que ens han felicitat per la nostra iniciativa.<\/p>\n<p>Us animem a compartir les vostres fotos amb les mascaretes a aquest <a href=\"https:\/\/photos.google.com\/share\/AF1QipNiFHRw7HMHV8vHfD2BG74EWOX18TZc0V6pVGIHykxw3900qRckL164Mmm409N-Mw?key=XzMyMy1hUjA2cGlmMFJvQnZkLWtOMzVPbVkxSkRn\" target=\"_blank\" rel=\"noopener noreferrer\">\u00e0lbum<\/a>.<\/p>\n<p>Un cop fet el REPARTIMENT GRATU\u00cfT de les mascaretes i bossetes, us informem que en cas de voler comprar-ne alguna m\u00e9s, ja ens les podeu encarregar a trav\u00e9s del <a href=\"https:\/\/docs.google.com\/forms\/d\/e\/1FAIpQLScbJJi47_ZEeU2SMBAxuzt1DBD79VP_AxPNfW6HnvwuIB6bfA\/viewform\" target=\"_blank\" rel=\"noopener noreferrer\">formulari de comandes<\/a>. <span style=\"text-decoration: underline;\">Us recordem que en ser un producte higi\u00e8nic no us les podrem canviar<\/span>, per\u00f2 al formulari trobareu una refer\u00e8ncia dels cursos que corresponen a cada talla.<\/p>\n<p>&nbsp;<\/p>\n","protected":false},"excerpt":{"rendered":"<p>Els membres de l&#8217;AMPA estem MOLT CONTENTS per la bona acollida que han tingut les mascaretes i us agra\u00efm els vostres comentaris que ens han arribat per diversos medis, tant d&#8217;alumnes, pares d&#8217;alumnes, professors, personal del centre i fins i tot persones alienes a l&#8217;escola que ens han felicitat per la nostra iniciativa. Us animem [&hellip;]<\/p>\n","protected":false},"author":109,"featured_media":18652,"comment_status":"open","ping_status":"closed","sticky":false,"template":"","format":"standard","meta":{"_bbp_topic_count":0,"_bbp_reply_count":0,"_bbp_total_topic_count":0,"_bbp_total_reply_count":0,"_bbp_voice_count":0,"_bbp_anonymous_reply_count":0,"_bbp_topic_count_hidden":0,"_bbp_reply_count_hidden":0,"_bbp_forum_subforum_count":0,"site-sidebar-layout":"default","site-content-layout":"","ast-site-content-layout":"","site-content-style":"default","site-sidebar-style":"default","ast-global-header-display":"","ast-banner-title-visibility":"","ast-main-header-display":"","ast-hfb-above-header-display":"","ast-hfb-below-header-display":"","ast-hfb-mobile-header-display":"","site-post-title":"","ast-breadcrumbs-content":"","ast-featured-img":"","footer-sml-layout":"","theme-transparent-header-meta":"","adv-header-id-meta":"","stick-header-meta":"","header-above-stick-meta":"","header-main-stick-meta":"","header-below-stick-meta":"","astra-migrate-meta-layouts":"default","ast-page-background-enabled":"default","ast-page-background-meta":{"desktop":{"background-color":"var(--ast-global-color-4)","background-image":"","background-repeat":"repeat","background-position":"center center","background-size":"auto","background-attachment":"scroll","background-type":"","background-media":"","overlay-type":"","overlay-color":"","overlay-opacity":"","overlay-gradient":""},"tablet":{"background-color":"","background-image":"","background-repeat":"repeat","background-position":"center center","background-size":"auto","background-attachment":"scroll","background-type":"","background-media":"","overlay-type":"","overlay-color":"","overlay-opacity":"","overlay-gradient":""},"mobile":{"background-color":"","background-image":"","background-repeat":"repeat","background-position":"center center","background-size":"auto","background-attachment":"scroll","background-type":"","background-media":"","overlay-type":"","overlay-color":"","overlay-opacity":"","overlay-gradient":""}},"ast-content-background-meta":{"desktop":{"background-color":"var(--ast-global-color-5)","background-image":"","background-repeat":"repeat","background-position":"center center","background-size":"auto","background-attachment":"scroll","background-type":"","background-media":"","overlay-type":"","overlay-color":"","overlay-opacity":"","overlay-gradient":""},"tablet":{"background-color":"var(--ast-global-color-5)","background-image":"","background-repeat":"repeat","background-position":"center center","background-size":"auto","background-attachment":"scroll","background-type":"","background-media":"","overlay-type":"","overlay-color":"","overlay-opacity":"","overlay-gradient":""},"mobile":{"background-color":"var(--ast-global-color-5)","background-image":"","background-repeat":"repeat","background-position":"center center","background-size":"auto","background-attachment":"scroll","background-type":"","background-media":"","overlay-type":"","overlay-color":"","overlay-opacity":"","overlay-gradient":""}},"footnotes":""},"categories":[7,4],"tags":[134,715,776],"class_list":["post-18647","post","type-post","status-publish","format-standard","has-post-thumbnail","hentry","category-afa","category-portada","tag-ampa","tag-covid-19","tag-mascaretes"],"post_mailing_queue_ids":[],"_links":{"self":[{"href":"https:\/\/agora.xtec.cat\/ceip-lesferreries-palafolls\/wp-json\/wp\/v2\/posts\/18647","targetHints":{"allow":["GET"]}}],"collection":[{"href":"https:\/\/agora.xtec.cat\/ceip-lesferreries-palafolls\/wp-json\/wp\/v2\/posts"}],"about":[{"href":"https:\/\/agora.xtec.cat\/ceip-lesferreries-palafolls\/wp-json\/wp\/v2\/types\/post"}],"author":[{"embeddable":true,"href":"https:\/\/agora.xtec.cat\/ceip-lesferreries-palafolls\/wp-json\/wp\/v2\/users\/109"}],"replies":[{"embeddable":true,"href":"https:\/\/agora.xtec.cat\/ceip-lesferreries-palafolls\/wp-json\/wp\/v2\/comments?post=18647"}],"version-history":[{"count":4,"href":"https:\/\/agora.xtec.cat\/ceip-lesferreries-palafolls\/wp-json\/wp\/v2\/posts\/18647\/revisions"}],"predecessor-version":[{"id":18760,"href":"https:\/\/agora.xtec.cat\/ceip-lesferreries-palafolls\/wp-json\/wp\/v2\/posts\/18647\/revisions\/18760"}],"wp:featuredmedia":[{"embeddable":true,"href":"https:\/\/agora.xtec.cat\/ceip-lesferreries-palafolls\/wp-json\/wp\/v2\/media\/18652"}],"wp:attachment":[{"href":"https:\/\/agora.xtec.cat\/ceip-lesferreries-palafolls\/wp-json\/wp\/v2\/media?parent=18647"}],"wp:term":[{"taxonomy":"category","embeddable":true,"href":"https:\/\/agora.xtec.cat\/ceip-lesferreries-palafolls\/wp-json\/wp\/v2\/categories?post=18647"},{"taxonomy":"post_tag","embeddable":true,"href":"https:\/\/agora.xtec.cat\/ceip-lesferreries-palafolls\/wp-json\/wp\/v2\/tags?post=18647"}],"curies":[{"name":"wp","href":"https:\/\/api.w.org\/{rel}","templated":true}]}}