{"id":18624,"date":"2020-09-04T19:47:46","date_gmt":"2020-09-04T17:47:46","guid":{"rendered":"http:\/\/agora.xtec.cat\/ceip-lesferreries-palafolls\/?p=18624"},"modified":"2020-09-21T20:10:09","modified_gmt":"2020-09-21T18:10:09","slug":"pacificacio-zones-escolars","status":"publish","type":"post","link":"https:\/\/agora.xtec.cat\/ceip-lesferreries-palafolls\/portada\/pacificacio-zones-escolars\/","title":{"rendered":"PACIFICACI\u00d3 ZONES ESCOLARS"},"content":{"rendered":"<p>Benvolguts\/des,<\/p>\n<p>Us adjuntem el material gr\u00e0fic sobre la \u201cpacificaci\u00f3\u201d de les zones escolars que ha engegat l&#8217;Ajuntament de Palafolls per aquest curs 2020-21. Al final d&#8217;aquest article tamb\u00e9 podreu visualitzar la presentaci\u00f3 del projecte per part de la Regidoria d&#8217;Educaci\u00f3 i d&#8217;Urbanisme.<\/p>\n<p>Aquesta \u201cpacificaci\u00f3\u201d de les zones escolars, vetllar\u00e0 per fer front a les aglomeracions com tamb\u00e9 per garantir la seguretat vi\u00e0ria de tots plegats i la correcta implementaci\u00f3 dels plans de centre pel pr\u00f2xim curs, va acompanyada per un condicionament de la via p\u00fablica amb accions concretes com el repintat de les cru\u00eflles, l\u2019eliminaci\u00f3 de barreres arquitect\u00f2niques o l\u2019habilitaci\u00f3 de zones de \u201cPet\u00f3 i Adeu (P+A)&#8221;, entre altres.<\/p>\n<p><a href=\"https:\/\/agora.xtec.cat\/ceip-lesferreries-palafolls\/wp-content\/uploads\/usu670\/2020\/09\/Per-anar-a-lescola.jpg\"><img loading=\"lazy\" decoding=\"async\" class=\"alignnone size-large wp-image-18626\" src=\"https:\/\/agora.xtec.cat\/ceip-lesferreries-palafolls\/wp-content\/uploads\/usu670\/2020\/09\/Per-anar-a-lescola-1024x577.jpg\" alt=\"\" width=\"1024\" height=\"577\" srcset=\"https:\/\/agora.xtec.cat\/ceip-lesferreries-palafolls\/wp-content\/uploads\/usu670\/2020\/09\/Per-anar-a-lescola-1024x577.jpg 1024w, https:\/\/agora.xtec.cat\/ceip-lesferreries-palafolls\/wp-content\/uploads\/usu670\/2020\/09\/Per-anar-a-lescola-300x169.jpg 300w, https:\/\/agora.xtec.cat\/ceip-lesferreries-palafolls\/wp-content\/uploads\/usu670\/2020\/09\/Per-anar-a-lescola-768x433.jpg 768w, https:\/\/agora.xtec.cat\/ceip-lesferreries-palafolls\/wp-content\/uploads\/usu670\/2020\/09\/Per-anar-a-lescola.jpg 1151w\" sizes=\"auto, (max-width: 1024px) 100vw, 1024px\" \/><\/a><img loading=\"lazy\" decoding=\"async\" class=\"alignnone size-large wp-image-18625\" src=\"https:\/\/agora.xtec.cat\/ceip-lesferreries-palafolls\/wp-content\/uploads\/usu670\/2020\/09\/Mapa-Pet\u00f3-i-Ad\u00e9u-Escoles-900x750-1024x853.jpg\" alt=\"\" width=\"1024\" height=\"853\" srcset=\"https:\/\/agora.xtec.cat\/ceip-lesferreries-palafolls\/wp-content\/uploads\/usu670\/2020\/09\/Mapa-Pet\u00f3-i-Ad\u00e9u-Escoles-900x750-1024x853.jpg 1024w, https:\/\/agora.xtec.cat\/ceip-lesferreries-palafolls\/wp-content\/uploads\/usu670\/2020\/09\/Mapa-Pet\u00f3-i-Ad\u00e9u-Escoles-900x750-300x250.jpg 300w, https:\/\/agora.xtec.cat\/ceip-lesferreries-palafolls\/wp-content\/uploads\/usu670\/2020\/09\/Mapa-Pet\u00f3-i-Ad\u00e9u-Escoles-900x750-768x640.jpg 768w\" sizes=\"auto, (max-width: 1024px) 100vw, 1024px\" \/><\/p>\n<p>&nbsp;<\/p>\n<p style=\"text-align: center;\"><iframe loading=\"lazy\" src=\"https:\/\/www.facebook.com\/plugins\/video.php?href=https%3A%2F%2Fwww.facebook.com%2Fradiopalafolls%2Fvideos%2F676366086620019%2F&amp;show_text=false&amp;width=734&amp;height=413&amp;appId\" width=\"734\" height=\"413\" frameborder=\"0\"><\/iframe><\/p>\n<p>Rebeu una cordial salutaci\u00f3,<\/p>\n<p>\u00c0rea d\u2019Educaci\u00f3<\/p>\n<p><em>Ajuntament de Palafolls<\/em><\/p>\n","protected":false},"excerpt":{"rendered":"<p>Benvolguts\/des, Us adjuntem el material gr\u00e0fic sobre la \u201cpacificaci\u00f3\u201d de les zones escolars que ha engegat l&#8217;Ajuntament de Palafolls per aquest curs 2020-21. Al final d&#8217;aquest article tamb\u00e9 podreu visualitzar la presentaci\u00f3 del projecte per part de la Regidoria d&#8217;Educaci\u00f3 i d&#8217;Urbanisme. Aquesta \u201cpacificaci\u00f3\u201d de les zones escolars, vetllar\u00e0 per fer front a les aglomeracions [&hellip;]<\/p>\n","protected":false},"author":65,"featured_media":18625,"comment_status":"open","ping_status":"closed","sticky":false,"template":"","format":"standard","meta":{"_bbp_topic_count":0,"_bbp_reply_count":0,"_bbp_total_topic_count":0,"_bbp_total_reply_count":0,"_bbp_voice_count":0,"_bbp_anonymous_reply_count":0,"_bbp_topic_count_hidden":0,"_bbp_reply_count_hidden":0,"_bbp_forum_subforum_count":0,"site-sidebar-layout":"default","site-content-layout":"","ast-site-content-layout":"","site-content-style":"default","site-sidebar-style":"default","ast-global-header-display":"","ast-banner-title-visibility":"","ast-main-header-display":"","ast-hfb-above-header-display":"","ast-hfb-below-header-display":"","ast-hfb-mobile-header-display":"","site-post-title":"","ast-breadcrumbs-content":"","ast-featured-img":"","footer-sml-layout":"","theme-transparent-header-meta":"","adv-header-id-meta":"","stick-header-meta":"","header-above-stick-meta":"","header-main-stick-meta":"","header-below-stick-meta":"","astra-migrate-meta-layouts":"default","ast-page-background-enabled":"default","ast-page-background-meta":{"desktop":{"background-color":"var(--ast-global-color-4)","background-image":"","background-repeat":"repeat","background-position":"center center","background-size":"auto","background-attachment":"scroll","background-type":"","background-media":"","overlay-type":"","overlay-color":"","overlay-opacity":"","overlay-gradient":""},"tablet":{"background-color":"","background-image":"","background-repeat":"repeat","background-position":"center center","background-size":"auto","background-attachment":"scroll","background-type":"","background-media":"","overlay-type":"","overlay-color":"","overlay-opacity":"","overlay-gradient":""},"mobile":{"background-color":"","background-image":"","background-repeat":"repeat","background-position":"center center","background-size":"auto","background-attachment":"scroll","background-type":"","background-media":"","overlay-type":"","overlay-color":"","overlay-opacity":"","overlay-gradient":""}},"ast-content-background-meta":{"desktop":{"background-color":"var(--ast-global-color-5)","background-image":"","background-repeat":"repeat","background-position":"center center","background-size":"auto","background-attachment":"scroll","background-type":"","background-media":"","overlay-type":"","overlay-color":"","overlay-opacity":"","overlay-gradient":""},"tablet":{"background-color":"var(--ast-global-color-5)","background-image":"","background-repeat":"repeat","background-position":"center center","background-size":"auto","background-attachment":"scroll","background-type":"","background-media":"","overlay-type":"","overlay-color":"","overlay-opacity":"","overlay-gradient":""},"mobile":{"background-color":"var(--ast-global-color-5)","background-image":"","background-repeat":"repeat","background-position":"center center","background-size":"auto","background-attachment":"scroll","background-type":"","background-media":"","overlay-type":"","overlay-color":"","overlay-opacity":"","overlay-gradient":""}},"footnotes":""},"categories":[4],"tags":[773,774],"class_list":["post-18624","post","type-post","status-publish","format-standard","has-post-thumbnail","hentry","category-portada","tag-pacificacio","tag-zona-escolar"],"post_mailing_queue_ids":[],"_links":{"self":[{"href":"https:\/\/agora.xtec.cat\/ceip-lesferreries-palafolls\/wp-json\/wp\/v2\/posts\/18624","targetHints":{"allow":["GET"]}}],"collection":[{"href":"https:\/\/agora.xtec.cat\/ceip-lesferreries-palafolls\/wp-json\/wp\/v2\/posts"}],"about":[{"href":"https:\/\/agora.xtec.cat\/ceip-lesferreries-palafolls\/wp-json\/wp\/v2\/types\/post"}],"author":[{"embeddable":true,"href":"https:\/\/agora.xtec.cat\/ceip-lesferreries-palafolls\/wp-json\/wp\/v2\/users\/65"}],"replies":[{"embeddable":true,"href":"https:\/\/agora.xtec.cat\/ceip-lesferreries-palafolls\/wp-json\/wp\/v2\/comments?post=18624"}],"version-history":[{"count":3,"href":"https:\/\/agora.xtec.cat\/ceip-lesferreries-palafolls\/wp-json\/wp\/v2\/posts\/18624\/revisions"}],"predecessor-version":[{"id":18631,"href":"https:\/\/agora.xtec.cat\/ceip-lesferreries-palafolls\/wp-json\/wp\/v2\/posts\/18624\/revisions\/18631"}],"wp:featuredmedia":[{"embeddable":true,"href":"https:\/\/agora.xtec.cat\/ceip-lesferreries-palafolls\/wp-json\/wp\/v2\/media\/18625"}],"wp:attachment":[{"href":"https:\/\/agora.xtec.cat\/ceip-lesferreries-palafolls\/wp-json\/wp\/v2\/media?parent=18624"}],"wp:term":[{"taxonomy":"category","embeddable":true,"href":"https:\/\/agora.xtec.cat\/ceip-lesferreries-palafolls\/wp-json\/wp\/v2\/categories?post=18624"},{"taxonomy":"post_tag","embeddable":true,"href":"https:\/\/agora.xtec.cat\/ceip-lesferreries-palafolls\/wp-json\/wp\/v2\/tags?post=18624"}],"curies":[{"name":"wp","href":"https:\/\/api.w.org\/{rel}","templated":true}]}}