{"id":18615,"date":"2020-09-04T19:51:13","date_gmt":"2020-09-04T17:51:13","guid":{"rendered":"http:\/\/agora.xtec.cat\/ceip-lesferreries-palafolls\/?p=18615"},"modified":"2020-09-21T20:09:27","modified_gmt":"2020-09-21T18:09:27","slug":"reunio-general-dinici-de-curs","status":"publish","type":"post","link":"https:\/\/agora.xtec.cat\/ceip-lesferreries-palafolls\/portada\/reunio-general-dinici-de-curs\/","title":{"rendered":"REUNI\u00d3 GENERAL D&#8217;INICI DE CURS"},"content":{"rendered":"<p style=\"text-align: justify;\">Benvolgudes fam\u00edlies,<\/p>\n<p style=\"text-align: justify;\">Aquest ser\u00e0 un curs diferent dels que hem tingut fins ara.<\/p>\n<p style=\"text-align: justify;\">Sabem que aquests dies heu rebut moltes informacions diferents i de ben segur que esteu molt interessats a saber com ser\u00e0 el curs.<\/p>\n<p style=\"text-align: justify;\">El primer que us hem de dir \u00e9s que estigueu tranquils, estem treballant per tal que tots els nens i nenes es trobin en un entorn segur. Per explicar-vos com afrontarem aquest curs, us convoquem a la REUNI\u00d3 D&#8217;INICI DE CURS\u00a0 a totes les fam\u00edlies de l&#8217;escola el pr\u00f2xim DILLUNS 7 DE SETEMBRE a les 16 h.<\/p>\n<p style=\"text-align: justify;\">La realitzarem a trav\u00e9s del canal YouTube al seg\u00fcent enlla\u00e7:\u00a0<a href=\"https:\/\/youtu.be\/fkNhUyrkKyY\" target=\"_blank\" rel=\"noopener noreferrer\" data-saferedirecturl=\"https:\/\/www.google.com\/url?q=https:\/\/youtu.be\/fkNhUyrkKyY&amp;source=gmail&amp;ust=1599328173669000&amp;usg=AFQjCNGo94nnwlD2ZZ1pUtpq7j8XMnUfqg\">https:\/\/youtu.be\/<wbr \/>fkNhUyrkKyY<\/a>\u00a0en directe per tal que la pugueu tornar a veure quan vulgueu.<\/p>\n<p style=\"text-align: justify;\">Aprofitem l&#8217;avinentesa per informar-vos que a la secci\u00f3 de documents de l&#8217;aplicaci\u00f3 trobareu\u00a0la carta de la consellera de Salut i del conseller d&#8217;Educaci\u00f3 de\u00a0<strong>mesures extraordin\u00e0ries de Salut per evitar els brots de la covid-19 a les escoles<\/strong>\u00a0i tamb\u00e9 l&#8217;annex &#8220;Altres recomanacions i procediment d&#8217;actuaci\u00f3&#8221;.<\/p>\n<p style=\"text-align: justify;\">Salutacions,<\/p>\n<p style=\"text-align: justify;\">Equip directiu<\/p>\n","protected":false},"excerpt":{"rendered":"<p>Benvolgudes fam\u00edlies, Aquest ser\u00e0 un curs diferent dels que hem tingut fins ara. Sabem que aquests dies heu rebut moltes informacions diferents i de ben segur que esteu molt interessats a saber com ser\u00e0 el curs. El primer que us hem de dir \u00e9s que estigueu tranquils, estem treballant per tal que tots els nens [&hellip;]<\/p>\n","protected":false},"author":65,"featured_media":18616,"comment_status":"open","ping_status":"closed","sticky":false,"template":"","format":"standard","meta":{"_bbp_topic_count":0,"_bbp_reply_count":0,"_bbp_total_topic_count":0,"_bbp_total_reply_count":0,"_bbp_voice_count":0,"_bbp_anonymous_reply_count":0,"_bbp_topic_count_hidden":0,"_bbp_reply_count_hidden":0,"_bbp_forum_subforum_count":0,"site-sidebar-layout":"default","site-content-layout":"","ast-site-content-layout":"","site-content-style":"default","site-sidebar-style":"default","ast-global-header-display":"","ast-banner-title-visibility":"","ast-main-header-display":"","ast-hfb-above-header-display":"","ast-hfb-below-header-display":"","ast-hfb-mobile-header-display":"","site-post-title":"","ast-breadcrumbs-content":"","ast-featured-img":"","footer-sml-layout":"","theme-transparent-header-meta":"","adv-header-id-meta":"","stick-header-meta":"","header-above-stick-meta":"","header-main-stick-meta":"","header-below-stick-meta":"","astra-migrate-meta-layouts":"default","ast-page-background-enabled":"default","ast-page-background-meta":{"desktop":{"background-color":"var(--ast-global-color-4)","background-image":"","background-repeat":"repeat","background-position":"center center","background-size":"auto","background-attachment":"scroll","background-type":"","background-media":"","overlay-type":"","overlay-color":"","overlay-opacity":"","overlay-gradient":""},"tablet":{"background-color":"","background-image":"","background-repeat":"repeat","background-position":"center center","background-size":"auto","background-attachment":"scroll","background-type":"","background-media":"","overlay-type":"","overlay-color":"","overlay-opacity":"","overlay-gradient":""},"mobile":{"background-color":"","background-image":"","background-repeat":"repeat","background-position":"center center","background-size":"auto","background-attachment":"scroll","background-type":"","background-media":"","overlay-type":"","overlay-color":"","overlay-opacity":"","overlay-gradient":""}},"ast-content-background-meta":{"desktop":{"background-color":"var(--ast-global-color-5)","background-image":"","background-repeat":"repeat","background-position":"center center","background-size":"auto","background-attachment":"scroll","background-type":"","background-media":"","overlay-type":"","overlay-color":"","overlay-opacity":"","overlay-gradient":""},"tablet":{"background-color":"var(--ast-global-color-5)","background-image":"","background-repeat":"repeat","background-position":"center center","background-size":"auto","background-attachment":"scroll","background-type":"","background-media":"","overlay-type":"","overlay-color":"","overlay-opacity":"","overlay-gradient":""},"mobile":{"background-color":"var(--ast-global-color-5)","background-image":"","background-repeat":"repeat","background-position":"center center","background-size":"auto","background-attachment":"scroll","background-type":"","background-media":"","overlay-type":"","overlay-color":"","overlay-opacity":"","overlay-gradient":""}},"footnotes":""},"categories":[4],"tags":[768],"class_list":["post-18615","post","type-post","status-publish","format-standard","has-post-thumbnail","hentry","category-portada","tag-reunio-inici-curs"],"post_mailing_queue_ids":[],"_links":{"self":[{"href":"https:\/\/agora.xtec.cat\/ceip-lesferreries-palafolls\/wp-json\/wp\/v2\/posts\/18615","targetHints":{"allow":["GET"]}}],"collection":[{"href":"https:\/\/agora.xtec.cat\/ceip-lesferreries-palafolls\/wp-json\/wp\/v2\/posts"}],"about":[{"href":"https:\/\/agora.xtec.cat\/ceip-lesferreries-palafolls\/wp-json\/wp\/v2\/types\/post"}],"author":[{"embeddable":true,"href":"https:\/\/agora.xtec.cat\/ceip-lesferreries-palafolls\/wp-json\/wp\/v2\/users\/65"}],"replies":[{"embeddable":true,"href":"https:\/\/agora.xtec.cat\/ceip-lesferreries-palafolls\/wp-json\/wp\/v2\/comments?post=18615"}],"version-history":[{"count":2,"href":"https:\/\/agora.xtec.cat\/ceip-lesferreries-palafolls\/wp-json\/wp\/v2\/posts\/18615\/revisions"}],"predecessor-version":[{"id":18623,"href":"https:\/\/agora.xtec.cat\/ceip-lesferreries-palafolls\/wp-json\/wp\/v2\/posts\/18615\/revisions\/18623"}],"wp:featuredmedia":[{"embeddable":true,"href":"https:\/\/agora.xtec.cat\/ceip-lesferreries-palafolls\/wp-json\/wp\/v2\/media\/18616"}],"wp:attachment":[{"href":"https:\/\/agora.xtec.cat\/ceip-lesferreries-palafolls\/wp-json\/wp\/v2\/media?parent=18615"}],"wp:term":[{"taxonomy":"category","embeddable":true,"href":"https:\/\/agora.xtec.cat\/ceip-lesferreries-palafolls\/wp-json\/wp\/v2\/categories?post=18615"},{"taxonomy":"post_tag","embeddable":true,"href":"https:\/\/agora.xtec.cat\/ceip-lesferreries-palafolls\/wp-json\/wp\/v2\/tags?post=18615"}],"curies":[{"name":"wp","href":"https:\/\/api.w.org\/{rel}","templated":true}]}}