{"id":18417,"date":"2020-05-07T19:08:15","date_gmt":"2020-05-07T17:08:15","guid":{"rendered":"http:\/\/agora.xtec.cat\/ceip-lesferreries-palafolls\/?p=18417"},"modified":"2020-06-04T19:23:49","modified_gmt":"2020-06-04T17:23:49","slug":"preinscripcio-2020-21-novetats","status":"publish","type":"post","link":"https:\/\/agora.xtec.cat\/ceip-lesferreries-palafolls\/general\/preinscripcio-2020-21-novetats\/","title":{"rendered":"PREINSCRIPCI\u00d3 2020-21"},"content":{"rendered":"<p>\u200b\u200bEl Departament d&#8217;Educaci\u00f3 anuncia l&#8217;inici del per\u00edode de preinscripci\u00f3 escolar pel curs 2020-21.<\/p>\n<div style=\"width: 100%;\">\n<div style=\"position: relative; padding-bottom: 56.25%; padding-top: 0; height: 0;\"><iframe loading=\"lazy\" src=\"https:\/\/view.genial.ly\/5eb965507792c20d166197fb\" width=\"1200px\" height=\"675px\" frameborder=\"0\"><\/iframe><\/div>\n<\/div>\n<p>&nbsp;<\/p>\n<p>&nbsp;<\/p>\n<p>&nbsp;<\/p>\n<p>&nbsp;<\/p>\n<p>&nbsp;<\/p>\n<p>&nbsp;<\/p>\n<p>&nbsp;<\/p>\n<p>&nbsp;<\/p>\n<p>&nbsp;<\/p>\n<p>&nbsp;<\/p>\n<p>&nbsp;<\/p>\n<p>&nbsp;<\/p>\n<p><span style=\"font-family: inherit; font-size: 1em;\">Podeu consultar la oferta inicial de places de la nostra escola en el seg\u00fcent enlla\u00e7:\u00a0<a href=\"http:\/\/mapaescolar.gencat.cat\/\" target=\"_blank\" rel=\"noopener noreferrer\">http:\/\/mapaescolar.gencat.cat<\/a><\/span><\/p>\n<p>? Quan?<\/p>\n<ul>\n<li><strong>Infantil, prim\u00e0ria i ESO:\u00a0<\/strong>De manera telem\u00e0tica del 13 al 22 de maig (<a href=\"http:\/\/queestudiar.gencat.cat\/ca\/preinscripcio\/\" target=\"_blank\" rel=\"noopener noreferrer\">http:\/\/queestudiar.gencat.cat\/ca\/preinscripcio\/<\/a> ) i, excepcionalment, de manera presencial al centre del 19 al 22 de maig.<\/li>\n<\/ul>\n<p>En cas que sigui necessari modificar el calendari per causa de for\u00e7a major, les noves dates es faran p\u00fabliques al web <a href=\"http:\/\/queestudiar.gencat.cat\/ca\/\" target=\"_blank\" rel=\"noopener noreferrer\">Estudiar a Catalunya.<\/a><\/p>\n<p>? Com?<\/p>\n<ul>\n<li>Es prioritzar\u00e0 la preinscripci\u00f3 telem\u00e0tica a trav\u00e9s del portal:\u00a0<a href=\"http:\/\/queestudiar.gencat.cat\/ca\/preinscripcio\/estudis\/obligatoris\/\" target=\"_blank\" rel=\"noopener noreferrer\">http:\/\/queestudiar.gencat.cat\/ca\/preinscripcio\/estudis\/obligatoris\/<\/a><\/li>\n<li>S&#8217;haur\u00e0 d&#8217;enviar per correu electr\u00f2nic (escanejats o fotografies) al centre escollit en primera opci\u00f3: el resguard de la preinscripci\u00f3 i la documentaci\u00f3 acreditativa adjunta (Llibre de fam\u00edlia, DNI de la persona sol\u00b7licitant i DNI de l&#8217;alumne\/a si en t\u00e9, Cal que hi consti el domicili que s&#8217;al\u00b7lega a efectes de preinscripci\u00f3,\u00a0<strong>en cas que no coincideixin les adreces s&#8217;ha de presentar padr\u00f3 municipal.<\/strong>). El correu del nostre centre per enviar aquests documents \u00e9s: <a href=\"secretaria@lesferreries.cat\" target=\"_blank\" rel=\"noopener noreferrer\">secretaria<span class=\"\">@lesferreries.cat<\/span><\/a><\/li>\n<li>De manera excepcional, les fam\u00edlies que no disposin de mitjans telem\u00e0tics podran presentar la documentaci\u00f3 personalment del 19 al 22 de maig, caldr\u00e0 demanar cita pr\u00e8via. Podeu demanar cita en el nostre centre clicant en el seg\u00fcent enlla\u00e7:\u00a0<a href=\"http:\/\/agora.xtec.cat\/ceip-lesferreries-palafolls\/general\/reserva-cita-per-preinscripcions-curs-2020-21\/\" target=\"_blank\" rel=\"noopener noreferrer\">http:\/\/agora.xtec.cat\/ceip-lesferreries-palafolls\/general\/reserva-cita-per-preinscripcions-curs-2020-21\/<\/a>(l&#8217;adjudicaci\u00f3 de l&#8217;hora \u00e9s immediata) o per correu electr\u00f2nic: <a href=\"secretaria@lesferreries.cat\" target=\"_blank\" rel=\"noopener noreferrer\">secretaria<span class=\"\"><span class=\"\">@lesferreries.cat<\/span><\/span><\/a><\/li>\n<\/ul>\n<p>? Voleu saber m\u00e9s sobre el nostre centre, aqu\u00ed trobareu m\u00e9s informaci\u00f3:\u00a0<a href=\"http:\/\/agora.xtec.cat\/ceip-lesferreries-palafolls\/general\/la-nostra-escola\/\" target=\"_blank\" rel=\"noopener noreferrer\">http:\/\/agora.xtec.cat\/ceip-lesferreries-palafolls\/general\/la-nostra-escola\/<\/a><\/p>\n<p>?\u200d? Tota la informaci\u00f3 completa del procediment, calendari, documentaci\u00f3, barems i per on fer la preinscripci\u00f3 telem\u00e0tica \u00e9s per mitj\u00e0 de la seg\u00fcent web: <a href=\"http:\/\/queestudiar.gencat.cat\/ca\/preinscripcio\/\" target=\"_blank\" rel=\"noopener noreferrer\">http:\/\/queestudiar.gencat.cat\/ca\/preinscripcio\/<\/a><\/p>\n<p style=\"text-align: center;\"><iframe loading=\"lazy\" src=\"https:\/\/www.youtube.com\/embed\/elZwh0wBs-Y\" width=\"560\" height=\"315\" frameborder=\"0\"><\/iframe><\/p>\n<p>&nbsp;<\/p>\n<p>&nbsp;<\/p>\n","protected":false},"excerpt":{"rendered":"<p>\u200b\u200bEl Departament d&#8217;Educaci\u00f3 anuncia l&#8217;inici del per\u00edode de preinscripci\u00f3 escolar pel curs 2020-21. &nbsp; &nbsp; &nbsp; &nbsp; &nbsp; &nbsp; &nbsp; &nbsp; &nbsp; &nbsp; &nbsp; &nbsp; Podeu consultar la oferta inicial de places de la nostra escola en el seg\u00fcent enlla\u00e7:\u00a0http:\/\/mapaescolar.gencat.cat ? Quan? Infantil, prim\u00e0ria i ESO:\u00a0De manera telem\u00e0tica del 13 al 22 de maig (http:\/\/queestudiar.gencat.cat\/ca\/preinscripcio\/ [&hellip;]<\/p>\n","protected":false},"author":65,"featured_media":18427,"comment_status":"open","ping_status":"closed","sticky":false,"template":"","format":"standard","meta":{"_bbp_topic_count":0,"_bbp_reply_count":0,"_bbp_total_topic_count":0,"_bbp_total_reply_count":0,"_bbp_voice_count":0,"_bbp_anonymous_reply_count":0,"_bbp_topic_count_hidden":0,"_bbp_reply_count_hidden":0,"_bbp_forum_subforum_count":0,"site-sidebar-layout":"default","site-content-layout":"","ast-site-content-layout":"","site-content-style":"default","site-sidebar-style":"default","ast-global-header-display":"","ast-banner-title-visibility":"","ast-main-header-display":"","ast-hfb-above-header-display":"","ast-hfb-below-header-display":"","ast-hfb-mobile-header-display":"","site-post-title":"","ast-breadcrumbs-content":"","ast-featured-img":"","footer-sml-layout":"","theme-transparent-header-meta":"","adv-header-id-meta":"","stick-header-meta":"","header-above-stick-meta":"","header-main-stick-meta":"","header-below-stick-meta":"","astra-migrate-meta-layouts":"default","ast-page-background-enabled":"default","ast-page-background-meta":{"desktop":{"background-color":"var(--ast-global-color-4)","background-image":"","background-repeat":"repeat","background-position":"center center","background-size":"auto","background-attachment":"scroll","background-type":"","background-media":"","overlay-type":"","overlay-color":"","overlay-opacity":"","overlay-gradient":""},"tablet":{"background-color":"","background-image":"","background-repeat":"repeat","background-position":"center center","background-size":"auto","background-attachment":"scroll","background-type":"","background-media":"","overlay-type":"","overlay-color":"","overlay-opacity":"","overlay-gradient":""},"mobile":{"background-color":"","background-image":"","background-repeat":"repeat","background-position":"center center","background-size":"auto","background-attachment":"scroll","background-type":"","background-media":"","overlay-type":"","overlay-color":"","overlay-opacity":"","overlay-gradient":""}},"ast-content-background-meta":{"desktop":{"background-color":"var(--ast-global-color-5)","background-image":"","background-repeat":"repeat","background-position":"center center","background-size":"auto","background-attachment":"scroll","background-type":"","background-media":"","overlay-type":"","overlay-color":"","overlay-opacity":"","overlay-gradient":""},"tablet":{"background-color":"var(--ast-global-color-5)","background-image":"","background-repeat":"repeat","background-position":"center center","background-size":"auto","background-attachment":"scroll","background-type":"","background-media":"","overlay-type":"","overlay-color":"","overlay-opacity":"","overlay-gradient":""},"mobile":{"background-color":"var(--ast-global-color-5)","background-image":"","background-repeat":"repeat","background-position":"center center","background-size":"auto","background-attachment":"scroll","background-type":"","background-media":"","overlay-type":"","overlay-color":"","overlay-opacity":"","overlay-gradient":""}},"footnotes":""},"categories":[1,4],"tags":[615],"class_list":["post-18417","post","type-post","status-publish","format-standard","has-post-thumbnail","hentry","category-general","category-portada","tag-preinscripcio"],"post_mailing_queue_ids":[],"_links":{"self":[{"href":"https:\/\/agora.xtec.cat\/ceip-lesferreries-palafolls\/wp-json\/wp\/v2\/posts\/18417","targetHints":{"allow":["GET"]}}],"collection":[{"href":"https:\/\/agora.xtec.cat\/ceip-lesferreries-palafolls\/wp-json\/wp\/v2\/posts"}],"about":[{"href":"https:\/\/agora.xtec.cat\/ceip-lesferreries-palafolls\/wp-json\/wp\/v2\/types\/post"}],"author":[{"embeddable":true,"href":"https:\/\/agora.xtec.cat\/ceip-lesferreries-palafolls\/wp-json\/wp\/v2\/users\/65"}],"replies":[{"embeddable":true,"href":"https:\/\/agora.xtec.cat\/ceip-lesferreries-palafolls\/wp-json\/wp\/v2\/comments?post=18417"}],"version-history":[{"count":3,"href":"https:\/\/agora.xtec.cat\/ceip-lesferreries-palafolls\/wp-json\/wp\/v2\/posts\/18417\/revisions"}],"predecessor-version":[{"id":18476,"href":"https:\/\/agora.xtec.cat\/ceip-lesferreries-palafolls\/wp-json\/wp\/v2\/posts\/18417\/revisions\/18476"}],"wp:featuredmedia":[{"embeddable":true,"href":"https:\/\/agora.xtec.cat\/ceip-lesferreries-palafolls\/wp-json\/wp\/v2\/media\/18427"}],"wp:attachment":[{"href":"https:\/\/agora.xtec.cat\/ceip-lesferreries-palafolls\/wp-json\/wp\/v2\/media?parent=18417"}],"wp:term":[{"taxonomy":"category","embeddable":true,"href":"https:\/\/agora.xtec.cat\/ceip-lesferreries-palafolls\/wp-json\/wp\/v2\/categories?post=18417"},{"taxonomy":"post_tag","embeddable":true,"href":"https:\/\/agora.xtec.cat\/ceip-lesferreries-palafolls\/wp-json\/wp\/v2\/tags?post=18417"}],"curies":[{"name":"wp","href":"https:\/\/api.w.org\/{rel}","templated":true}]}}