{"id":18386,"date":"2020-04-21T17:17:16","date_gmt":"2020-04-21T15:17:16","guid":{"rendered":"http:\/\/agora.xtec.cat\/ceip-lesferreries-palafolls\/?p=18386"},"modified":"2020-08-26T10:14:32","modified_gmt":"2020-08-26T08:14:32","slug":"apps-contes-imprimibles-recursos-classificat-per-categories","status":"publish","type":"post","link":"https:\/\/agora.xtec.cat\/ceip-lesferreries-palafolls\/general\/apps-contes-imprimibles-recursos-classificat-per-categories\/","title":{"rendered":"Apps, contes, imprimibles, recursos&#8230; classificat per categories."},"content":{"rendered":"<p><a href=\"https:\/\/photos.app.goo.gl\/ga8HGZCEDmn8JaLw7\" target=\"_blank\" rel=\"noopener noreferrer\">#Joemquedoacasa<\/a> Degut a la gran quantitat de recursos que hem anat trobant per internet i hem anat afegint en l&#8217;article anterior. Perqu\u00e8 us sigui m\u00e9s f\u00e0cil trobar el que busqueu, ho hem classificat per categories. Esperem que us sigui d&#8217;utilitat:<\/p>\n<p><strong><span style=\"text-decoration: underline;\">Materials curriculars<\/span><\/strong><\/p>\n<ul>\n<li>En el seg\u00fcent bloc, trobareu un munt d&#8217;articles amb una gran varietat de temes i interessos, amb activitats, visualitzaci\u00f3 de v\u00eddeos, manualitats, &#8230;\u00a0<a href=\"https:\/\/text-lagalera.cat\/blog\/\" target=\"_blank\" rel=\"noopener noreferrer\">https:\/\/text-lagalera.cat\/blog\/<\/a><\/li>\n<li>Activitats online pels alumnes d&#8217;educaci\u00f3 infantil:\u00a0<a href=\"https:\/\/www.ecasals.net\/cat\/index.php?ps=0b2b5bd53f2eaf41474f382c32a243d95ebaa14cea57bb254c3ba2af202ae4a03fde46c744d146374a24df53262ad62441205f3c44656591287b6f\" target=\"_blank\" rel=\"noopener noreferrer\">Trotacamins<\/a><\/li>\n<li>A la Digiteca d&#8217;eCasals pots trobar recursos digitals per a totes les edats de l&#8217;Educaci\u00f3 infantil:\u00a0<a href=\"https:\/\/www.ecasals.net\/cat\/index.php?ps=0be95bd53f2d4c26272abb4e35a243d95ebaa14ceaff79ad068acc4189f60d89db8a96d2d4a365c6f7887e83ab7b3e733673d9517e745e9f978d76b56b7d71cae046da2a13db6165ca507cac&amp;l=ca\" target=\"_blank\" rel=\"noopener noreferrer\">Editorial Casals<\/a><\/li>\n<li>Biblioteca d&#8217;activitats del jclic per anar jugant i aprenent. Poseu el tema sobre el que voleu jugar i us surten els jclics relacionats:\u00a0<a href=\"https:\/\/clic.xtec.cat\/repo\/\" target=\"_blank\" rel=\"noopener noreferrer\">https:\/\/clic.xtec.cat\/repo\/<\/a><\/li>\n<li>L&#8217;editorial Queralt ens ofereixen lectures i activitats gratu\u00eftes per a primers lectors:\u00a0<a href=\"http:\/\/queraltedicions.blogspot.com\/2020\/03\/primers-lectors-lectures-i-activitats.html\" target=\"_blank\" rel=\"noopener noreferrer\">Primers lectors: lectures i activitats<\/a><\/li>\n<li>Gr\u00e0cies a Editorial Teide, us fem arribar un ? enlla\u00e7 a tot un seguit de ??\u2702\ufe0f???\u2797 continguts i activitats d\u2019Educaci\u00f3 Infantil i Prim\u00e0ria organitzats per cursos i per \u00e0rees. ?\u00c9s una tria de propostes que, regularment, s\u2019aniran ?? ampliant durant els dies de confinament. ?? Infants, fam\u00edlies i mestres hi trobareu una oferta renovada i amb criteris absolutament curriculars.\u00a0<a href=\"https:\/\/web.editorialteide.com\/ca\/ensquedemacasa\/\" target=\"_blank\" rel=\"noopener noreferrer\">https:\/\/web.editorialteide.com\/ca\/ensquedemacasa\/<\/a><\/li>\n<li>Innovamat recursos des d&#8217;infantil fins a 6\u00e8 de prim\u00e0ria. Entreu i apreneu jugant: <a href=\"https:\/\/innovamat.com\/blog\/ca\/?utm_source=clientes&amp;utm_medium=email&amp;utm_content=cat&amp;utm_campaign=kickoff-blog\" target=\"_blank\" rel=\"noopener noreferrer\">INNOVAMAT<\/a><\/li>\n<li>En els seg\u00fcents enlla\u00e7os trobareu activitats per treballar diferents lectures\u00a0<a href=\"https:\/\/www.castellnouedicions.com\/activitats-per-fer-a-casa-amb-nens-2020?oscsid=nrf5368k805mto39v4tskvo1h5\" target=\"_blank\" rel=\"noopener noreferrer\">Activitats i lectures en catal\u00e0<\/a> o\u00a0<a href=\"https:\/\/www.almadrabaeditorial.com\/actividades-para-hacer-en-casa-2020?oscsid=gegq59ilhd9cq9hagooh566pq3\" target=\"_blank\" rel=\"noopener noreferrer\">Activitats i lectures en castell\u00e0<\/a><\/li>\n<li><span style=\"text-decoration: underline;\"><strong>Matem\u00e0tiques i Ci\u00e8ncies<\/strong><\/span> d&#8217;Innovamat per a nens i nenes de 1r a 6\u00e8: <a href=\"https:\/\/innovamat.com\/blog\/ca\/\" target=\"_blank\" rel=\"noopener noreferrer\">https:\/\/innovamat.com\/blog\/ca\/<\/a><\/li>\n<li>Per fer <span style=\"text-decoration: underline;\"><strong>educaci\u00f3 f\u00edsica<\/strong><\/span> a casa i moure&#8217;ns una mica\u00a0<a href=\"https:\/\/www.youtube.com\/channel\/UCH99w4ouNOxPBIxSpBeaXNg\" target=\"_blank\" rel=\"noopener noreferrer\">https:\/\/www.youtube.com\/channel\/UCH99w4ouNOxPBIxSpBeaXNg<\/a><\/li>\n<\/ul>\n<p><span style=\"text-decoration: underline;\"><strong>Angl\u00e8s<\/strong><\/span><\/p>\n<ul>\n<li><span style=\"font-family: inherit; font-size: 1em;\">L&#8217;editorial Macmillan ens ofereixen v\u00eddeos de contes explicats en angl\u00e8s acompanyats de propostes de treball:\u00a0<\/span><a style=\"font-family: inherit; font-size: 1em;\" href=\"https:\/\/www.macmillaneducation.es\/teachers-corner\/en-casa-con-macmillan\/macmillan-live\/?utm_source=Macmillan+Education+Iberia&amp;utm_campaign=2fcdbde9eb-EMAIL_CAMPAIGN_2020_03_31_05_02&amp;utm_medium=email&amp;utm_term=0_7012a8a20a-2fcdbde9eb-147235973#macmillan_story_corner\" target=\"_blank\" rel=\"noopener noreferrer\">Story time<\/a><\/li>\n<li>Tamb\u00e9 ens ofereixen recursos en angl\u00e8s per les diferents etapes educatives: <a href=\"https:\/\/www.macmillaneducation.es\/teachers-corner\/en-casa-con-macmillan\/recursos-exclusivos\/recursos-exclusivos-infantil\/?utm_source=Macmillan+Education+Iberia&amp;utm_campaign=2fcdbde9eb-EMAIL_CAMPAIGN_2020_03_31_05_02&amp;utm_medium=email&amp;utm_term=0_7012a8a20a-2fcdbde9eb-147235973\" target=\"_blank\" rel=\"noopener noreferrer\">Recursos en angl\u00e8s per infantil<\/a><\/li>\n<li><a href=\"https:\/\/www.macmillaneducation.es\/teachers-corner\/en-casa-con-macmillan\/recursos-exclusivos\/recursos-exclusivos-primaria\/?utm_source=Macmillan+Education+Iberia&amp;utm_campaign=2fcdbde9eb-EMAIL_CAMPAIGN_2020_03_31_05_02&amp;utm_medium=email&amp;utm_term=0_7012a8a20a-2fcdbde9eb-147235973\" target=\"_blank\" rel=\"noopener noreferrer\">Recursos digital i descarregables en angl\u00e8s per prim\u00e0ria<\/a><\/li>\n<\/ul>\n<p><strong><span style=\"text-decoration: underline;\">Matem\u00e0tiques<\/span><\/strong><\/p>\n<ul>\n<li>Quadernets de matem\u00e0tiques de 1r a 6\u00e8 de prim\u00e0ria gratu\u00efts per descarregar-se de l&#8217;Editorial Queralt:\u00a0<a href=\"http:\/\/queraltedicions.blogspot.com\/2020\/03\/matematiques-divertides-per-treballar.html\" target=\"_blank\" rel=\"noopener noreferrer\">http:\/\/queraltedicions.blogspot.com\/2020\/03\/matematiques-divertides-per-treballar.html<\/a><\/li>\n<li>Repassar mates en sabatilles i pijama \u00e9s un pla fant\u00e0stic per fer a casa!\u00a0Per aix\u00f2 hem reunit un munt d&#8217;activitats, jocs i fitxes per practicar els conceptes matem\u00e0tics apresos a classe mentre mengem uns deliciosos cereals o ens divertim amb els nostres amics. Som-hi!\u00a0<a href=\"https:\/\/info.tekmaneducation.com\/matematiques-a-casa\" target=\"_blank\" rel=\"noopener noreferrer\">https:\/\/info.tekmaneducation.com\/matematiques-a-casa<\/a><\/li>\n<li>Pels alumnes de 5\u00e8 i 6\u00e8 de prim\u00e0ria: Des de la comissi\u00f3 Cangur s&#8217;ha pres la iniciativa de preparar un TeleCangur\u00a0per poder practicar des de casa en aquests dies de confinament. S&#8217;aniran publicant grups de 10 problemes de 5\u00e8-6\u00e8, 1r-2n ESO, etc. Es poden avaluar en l\u00ednia.\u00a0<a href=\"https:\/\/www.cangur.org\/telecangur\/\" target=\"_blank\" rel=\"noopener noreferrer\">https:\/\/www.cangur.org\/telecangur\/<\/a>Pels alumnes de 5\u00e8 i 6\u00e8 de prim\u00e0ria: Des de la comissi\u00f3 Cangur s&#8217;ha pres la iniciativa de preparar un TeleCangur\u00a0per poder practicar des de casa en aquests dies de confinament. S&#8217;aniran publicant grups de 10 problemes de 5\u00e8-6\u00e8, 1r-2n ESO, etc. Es poden avaluar en l\u00ednia.\u00a0<a href=\"https:\/\/www.cangur.org\/telecangur\/\" target=\"_blank\" rel=\"noopener noreferrer\">https:\/\/www.cangur.org\/telecangur\/<\/a><\/li>\n<li>Contes matem\u00e0tics: <a href=\"https:\/\/contesmatematics.webnode.es\/\" target=\"_blank\" rel=\"noopener noreferrer\">https:\/\/contesmatematics.webnode.es\/<\/a><\/li>\n<li>Recursos matem\u00e0tics de diferents continguts amb v\u00eddeos explicatius:\u00a0<a href=\"https:\/\/boscdelscoms.com\/\" target=\"_blank\" rel=\"noopener noreferrer\">https:\/\/boscdelscoms.com\/<\/a><\/li>\n<\/ul>\n<p style=\"text-align: left;\"><strong><span style=\"text-decoration: underline;\">V\u00eddeos educatius<\/span><\/strong><\/p>\n<ul>\n<li>V\u00eddeos educatius del Club S\u00faper3, els trobareu en el seg\u00fcent enlla\u00e7: <a href=\"https:\/\/www.ccma.cat\/tv3\/super3\/avui_aprenem\/\" target=\"_blank\" rel=\"noopener noreferrer\">Avui aprenem&#8230;<\/a><\/li>\n<\/ul>\n<p><strong><span style=\"text-decoration: underline;\">Contes<\/span><\/strong><\/p>\n<ul>\n<li>Avui us portem un conte m\u00e9s per descarregar gr\u00e0cies a l&#8217;editorial Flamboyant. L&#8217;objectiu d&#8217;aquest conte \u00e9s molt concret: explicar, de manera amena i pedag\u00f2gica, qu\u00e8 \u00e9s el coronavirus i per qu\u00e8 \u00e9s tan important quedar-nos a casa. L&#8217;Al\u00edcia, \u00a0continua fent-se preguntes. I, aquesta vegada, com no podia ser d\u2019una altra manera, la petita es pregunta:\u00a0<em>Per qu\u00e8 no puc sortir de casa a jugar?<\/em> <a href=\"https:\/\/drive.google.com\/file\/d\/1SntDegNWNXlh-K0GlfUKihQj25BWguEg\/view?usp=sharing\" target=\"_blank\" rel=\"noopener noreferrer\">L&#8217;Al\u00edcia i el coronavirus<\/a><\/li>\n<li>Propostes divertides que ens envia l&#8217;editorial Flamboyant sobre llibres com el &#8220;<em>Monstre de colors<\/em>&#8221;\u00a0<a href=\"https:\/\/www.editorialflamboyant.com\/ca\/actualidad\/propostes-divertides-per-fer-a-casa-joemquedoacasa\/\" target=\"_blank\" rel=\"noopener noreferrer\">Propostes divertides per casa<\/a><\/li>\n<li>Pels m\u00e9s menuts de la casa, i per tal que passeu les hores de confinament una mica millor, teniu aquest conte:\u00a0El podeu descarregar de forma completament gratu\u00efta al Facebook en PDF: <a href=\"https:\/\/www.facebook.com\/conteTamarro\/\" data-saferedirecturl=\"https:\/\/www.google.com\/url?q=https:\/\/www.facebook.com\/conteTamarro\/&amp;source=gmail&amp;ust=1585988077010000&amp;usg=AFQjCNHCuup2sViFQD0SwFEbDlTfuQLHeA\">@conteTamarro<\/a> \u00a0\u00a0\u00a0\u00a0\u00a0\u00a0\u00a0\u00a0\u00a0\u00a0\u00a0 <a href=\"https:\/\/www.facebook.com\/conteTamarro\/\" data-saferedirecturl=\"https:\/\/www.google.com\/url?q=https:\/\/www.facebook.com\/conteTamarro\/&amp;source=gmail&amp;ust=1585988077010000&amp;usg=AFQjCNHCuup2sViFQD0SwFEbDlTfuQLHeA\">https:\/\/www.facebook.com\/conteTamarro\/<\/a> O si no teniu Facebook, en el seg\u00fcent enlla\u00e7: <a href=\"https:\/\/mararchs.blogspot.com\/\" data-saferedirecturl=\"https:\/\/www.google.com\/url?q=https:\/\/mararchs.blogspot.com\/&amp;source=gmail&amp;ust=1585988077010000&amp;usg=AFQjCNGAvJBjAz0CqO3kJRQZW1_98FnobQ\">https:\/\/mararchs.blogspot.com\/<\/a><\/li>\n<li>Si voleu veure una sessi\u00f3 de contes infantils, cliqueu el seg\u00fcent enlla\u00e7: <a href=\"https:\/\/www.facebook.com\/MaricuelaCuela\/videos\/2747743158608363\/\" target=\"_blank\" rel=\"noopener noreferrer\">Maricuela cuela<\/a><\/li>\n<li>La companyia <em>Vivim del Cuentu , e<\/em>n motiu del confinament per Coronavirus, ofereixen cada dia un conte dels seus contes desexplicats en v\u00eddeo:\u00a0<a href=\"https:\/\/www.youtube.com\/channel\/UCV8gRKu1b7OOir8vRd-iVTQ\" target=\"_blank\" rel=\"noopener noreferrer\">https:\/\/www.youtube.com\/channel\/UCV8gRKu1b7OOir8vRd-iVTQ<\/a><\/li>\n<li>Enlla\u00e7os per llegir cinc contes del llibre <i>Barcelona Suites<\/i>, del segell Univers. Esperem que us agradin i us distreguin una mica:\n<ul>\n<li><i><a href=\"https:\/\/is-tracking-link-api-prod.appspot.com\/api\/v1\/click\/5087853214957568\/5947379568082944\" target=\"_blank\" rel=\"noopener noreferrer\" data-saferedirecturl=\"https:\/\/www.google.com\/url?q=https:\/\/is-tracking-link-api-prod.appspot.com\/api\/v1\/click\/5087853214957568\/5947379568082944&amp;source=gmail&amp;ust=1585410486360000&amp;usg=AFQjCNFOYkiPExcDuLwJ67oyqqs1WjqTzA\">Ciutat oblidada<\/a>, de\u00a0Xavier Bosch<\/i><\/li>\n<li><a href=\"https:\/\/is-tracking-link-api-prod.appspot.com\/api\/v1\/click\/4609982235148288\/5947379568082944\" target=\"_blank\" rel=\"noopener noreferrer\" data-saferedirecturl=\"https:\/\/www.google.com\/url?q=https:\/\/is-tracking-link-api-prod.appspot.com\/api\/v1\/click\/4609982235148288\/5947379568082944&amp;source=gmail&amp;ust=1585410486360000&amp;usg=AFQjCNGOE9jnppmBD2KIT0GC7jZhndgNVg\"><i>Pl\u00e0stic per reciclar<\/i><\/a><i>, de\u00a0Roc Casagran<\/i><\/li>\n<li><a href=\"https:\/\/is-tracking-link-api-prod.appspot.com\/api\/v1\/click\/6713782173433856\/5947379568082944\" target=\"_blank\" rel=\"noopener noreferrer\" data-saferedirecturl=\"https:\/\/www.google.com\/url?q=https:\/\/is-tracking-link-api-prod.appspot.com\/api\/v1\/click\/6713782173433856\/5947379568082944&amp;source=gmail&amp;ust=1585410486360000&amp;usg=AFQjCNHiHVb2I5Vsow7n48W0AWcrcbvlfA\"><i>L\u2019Atl\u00e0ntida<\/i><\/a><i>, de Nat\u00e0lia Cerezo<\/i><\/li>\n<li><i><a href=\"https:\/\/is-tracking-link-api-prod.appspot.com\/api\/v1\/click\/5458638848917504\/5947379568082944\" target=\"_blank\" rel=\"noopener noreferrer\" data-saferedirecturl=\"https:\/\/www.google.com\/url?q=https:\/\/is-tracking-link-api-prod.appspot.com\/api\/v1\/click\/5458638848917504\/5947379568082944&amp;source=gmail&amp;ust=1585410486360000&amp;usg=AFQjCNFcaLHiM80NsxVXZ4XdY8fy47-rHQ\">Ha arribat l\u2019hora de creure en tu<\/a><\/i><i>, de Jordi Nopca<\/i><\/li>\n<li><a href=\"https:\/\/is-tracking-link-api-prod.appspot.com\/api\/v1\/click\/5075498607312896\/5947379568082944\" target=\"_blank\" rel=\"noopener noreferrer\" data-saferedirecturl=\"https:\/\/www.google.com\/url?q=https:\/\/is-tracking-link-api-prod.appspot.com\/api\/v1\/click\/5075498607312896\/5947379568082944&amp;source=gmail&amp;ust=1585410486360000&amp;usg=AFQjCNGyvAB8UXRvfEMYC0ZjyknCiog57w\"><i>Carta al fill<\/i>, de Sergi P\u00e0mies<\/a><i>, de Sergi P\u00e0mies<\/i><\/li>\n<\/ul>\n<\/li>\n<li>L&#8217;editorial Sentir, cada dijous fan tallers on-line de contes sobre les emocions. Si hi voleu participar, heu d&#8217;anar a la seva p\u00e0gina de facebook. Aqu\u00ed teniu l&#8217;enlla\u00e7:\u00a0<a href=\"https:\/\/www.facebook.com\/events\/2510131985916211\/\" target=\"_blank\" rel=\"noopener noreferrer\">Contes d&#8217;emocions<\/a><\/li>\n<li>Imprimible per fer el vostre propi conte del Senyor Embut:\u00a0<a href=\"https:\/\/www.cuscusians.com\/wp-content\/uploads\/2020\/04\/Portada_Edicio_Digital_Sant_Jordi-Confinat.pdf\" target=\"_blank\" rel=\"noopener noreferrer\">El senyor Embut<\/a><\/li>\n<li>Un conte escrit i il\u00b7lustrat per la Cristina Guti\u00e9rrez, per la tornada dels infants al carrer. \u00a0Probablement estem sentint, com a societat, com a familia i com a persona, m\u00e9s pors que mai. Per aquest motiu necessitem un nou i potent virus, la Valentia, per contrarrestar-ho. En el seg\u00fcent enlla\u00e7, us el podeu descarregar en pdf:\u00a0<a href=\"https:\/\/barcelona.lagranja.top\/ca\/noticies\/el-nou-virus-de-la-valentia\/\" target=\"_blank\" rel=\"noopener noreferrer\">https:\/\/barcelona.lagranja.top\/ca\/noticies\/el-nou-virus-de-la-valentia\/<\/a><\/li>\n<li><a href=\"https:\/\/agora.xtec.cat\/ceip-lesferreries-palafolls\/wp-content\/uploads\/usu670\/2020\/04\/Premis-Pilar\u00edn-Bay\u00e9s.png\"><img loading=\"lazy\" decoding=\"async\" class=\"alignnone size-full wp-image-18443\" src=\"https:\/\/agora.xtec.cat\/ceip-lesferreries-palafolls\/wp-content\/uploads\/usu670\/2020\/04\/Premis-Pilar\u00edn-Bay\u00e9s.png\" alt=\"\" width=\"570\" height=\"568\" srcset=\"https:\/\/agora.xtec.cat\/ceip-lesferreries-palafolls\/wp-content\/uploads\/usu670\/2020\/04\/Premis-Pilar\u00edn-Bay\u00e9s.png 570w, https:\/\/agora.xtec.cat\/ceip-lesferreries-palafolls\/wp-content\/uploads\/usu670\/2020\/04\/Premis-Pilar\u00edn-Bay\u00e9s-150x150.png 150w, https:\/\/agora.xtec.cat\/ceip-lesferreries-palafolls\/wp-content\/uploads\/usu670\/2020\/04\/Premis-Pilar\u00edn-Bay\u00e9s-300x300.png 300w\" sizes=\"auto, (max-width: 570px) 100vw, 570px\" \/><\/a><\/li>\n<\/ul>\n<p><strong><span style=\"text-decoration: underline;\">Teatre<\/span><\/strong><\/p>\n<ul>\n<li>Si el que voleu es gaudir del teatre a casa, en el seg\u00fcent canal de Youtube, podreu gaudir d&#8217;elles:\u00a0<a href=\"https:\/\/www.youtube.com\/user\/VIUELTEATRE1\" target=\"_blank\" rel=\"noopener noreferrer\">Viu el teatre<\/a> Podreu veure obres teatrals com: &#8220;<em>Al\u00edcia en el pa\u00eds de les meravelles<\/em>&#8220;, &#8220;<em>El petit Dal\u00ed<\/em>&#8220;, &#8220;<em>Pintam\u00fasica<\/em>&#8220;&#8230;<\/li>\n<\/ul>\n<p><span style=\"text-decoration: underline;\"><strong>Art<\/strong><\/span><\/p>\n<ul>\n<li>\u00a0<a href=\"https:\/\/fundaciotapies.org\/wp-content\/uploads\/2020\/03\/Fitxes-CAT.pdf\" target=\"_blank\" rel=\"noopener noreferrer\" data-saferedirecturl=\"https:\/\/www.google.com\/url?q=https:\/\/fundaciotapies.org\/wp-content\/uploads\/2020\/03\/Fitxes-CAT.pdf&amp;source=gmail&amp;ust=1585729982394000&amp;usg=AFQjCNEWvZxrtF29rzEySt0KYmbCEBda2w\">Fitxes \u201cSobre T\u00e0pies\u201d per als m\u00e9s petits<\/a>. Podeu descarregar-vos algunes de les fitxes amb propostes d\u2019activitats al voltant de l\u2019obra d\u2019Antoni T\u00e0pies prenent com a refer\u00e8ncia les obres que trobareu\u00a0<a href=\"https:\/\/fundaciotapies.org\/la-colleccio\/seleccio-dobres\/\" target=\"_blank\" rel=\"noopener noreferrer\" data-saferedirecturl=\"https:\/\/www.google.com\/url?q=https:\/\/fundaciotapies.org\/la-colleccio\/seleccio-dobres\/&amp;source=gmail&amp;ust=1585729982394000&amp;usg=AFQjCNFRvCOrXXBDPI3J7NdD1Sfe59nJBg\">en aquest enlla\u00e7<\/a>.<\/li>\n<li>Des del MACBA ens fan arribar aquesta proposta, que pot ser del vostre inter\u00e8s:\u00a0<a href=\"https:\/\/www.macba.cat\/ca\/diari?utm_campaign=6115275&amp;utm_content=7610568743&amp;utm_medium=email&amp;utm_source=Emailvision\" target=\"_blank\" rel=\"noopener noreferrer\">Diari de confinament<\/a><\/li>\n<\/ul>\n<p><strong><span style=\"text-decoration: underline;\">Diversitat de propostes en una mateixa web<\/span><\/strong><\/p>\n<ul>\n<li>Propostes del Departament d&#8217;Educaci\u00f3 al S\u00faper3\u00a0<a href=\"https:\/\/www.ccma.cat\/tv3\/super3\/propostes-per-aquests-dies-que-no-pots-sortir-de-casa\/noticia\/2998422\/?ext=NW_BS3_butlleti-EXTRS3\" target=\"_blank\" rel=\"noopener noreferrer\">https:\/\/www.ccma.cat\/tv3\/super3\/propostes-per-aquests-dies-que-no-pots-sortir-de-casa\/noticia\/2998422\/?ext=NW_BS3_butlleti-EXTRS3<\/a><\/li>\n<li>En la web de Faros d<a href=\"https:\/\/agora.xtec.cat\/ceip-lesferreries-palafolls\/wp-content\/uploads\/usu670\/2020\/03\/Anotaci\u00f3-2020-03-19-110317.png\"><img loading=\"lazy\" decoding=\"async\" class=\"wp-image-18277 alignleft\" src=\"https:\/\/agora.xtec.cat\/ceip-lesferreries-palafolls\/wp-content\/uploads\/usu670\/2020\/03\/Anotaci\u00f3-2020-03-19-110317-1024x552.png\" alt=\"\" width=\"323\" height=\"174\" srcset=\"https:\/\/agora.xtec.cat\/ceip-lesferreries-palafolls\/wp-content\/uploads\/usu670\/2020\/03\/Anotaci\u00f3-2020-03-19-110317-1024x552.png 1024w, https:\/\/agora.xtec.cat\/ceip-lesferreries-palafolls\/wp-content\/uploads\/usu670\/2020\/03\/Anotaci\u00f3-2020-03-19-110317-300x162.png 300w, https:\/\/agora.xtec.cat\/ceip-lesferreries-palafolls\/wp-content\/uploads\/usu670\/2020\/03\/Anotaci\u00f3-2020-03-19-110317-768x414.png 768w, https:\/\/agora.xtec.cat\/ceip-lesferreries-palafolls\/wp-content\/uploads\/usu670\/2020\/03\/Anotaci\u00f3-2020-03-19-110317.png 1268w\" sizes=\"auto, (max-width: 323px) 100vw, 323px\" \/><\/a>e l&#8217;Hospital Sant Joan de D\u00e9u trobareu moltes recomanacions sobre contes (editats per ells mateixos i actuals, com\u00a0<a href=\"https:\/\/faros.hsjdbcn.org\/ca\/recomendacion\/rosa-contra-virus-conte-explicar-als-nens-nens-coronavirus-altres-posibles-virus\" target=\"_blank\" rel=\"noopener noreferrer\">La Rosa contra el Virus<\/a>), receptes, llibres, cinemes, jocs, apps, videojocs, &#8230;\u00a0<a href=\"https:\/\/faros.hsjdbcn.org\/ca\/faros-familia\" target=\"_blank\" rel=\"noopener noreferrer\">https:\/\/faros.hsjdbcn.org\/ca\/faros-familia<\/a><\/li>\n<li>El FCBarcelona tamb\u00e9 ens aporta idees d&#8217;entrenament, receptes, recomanacions de v\u00eddeos i pel\u00b7l\u00edcules i activitats per fer a casa amb els infants. Si voleu saber-ne m\u00e9s, cliqueu en el seg\u00fcent enlla\u00e7:\u00a0<a href=\"https:\/\/www.fcbarcelona.cat\/ca\/?_ga=2.143578749.911616926.1587478228-1255840182.1587478228#\" target=\"_blank\" rel=\"noopener noreferrer\">Propostes confinades FCBarcelona<\/a><\/li>\n<li>Imprimibles, receptes, contes, activitats, manualitats&#8230; tot aix\u00f2 ho podreu trobar a la web de\u00a0<a href=\"https:\/\/totnens.cat\/\" target=\"_blank\" rel=\"noopener noreferrer\">https:\/\/totnens.cat\/<\/a><\/li>\n<li><span style=\"font-family: inherit; font-size: 1em;\">Toni Garc\u00eda, mestre de m\u00fasica i coordinador d&#8217;inform\u00e0tica de l&#8217;escola Ponent de Granollers, ens fa arribar aquesta p\u00e0gina web on ha agrupat els diferents recursos que circulaven per la xarxa, fent una recopilaci\u00f3 d&#8217;aquests i endre\u00e7ant-los per convertir-los en una eina \u00fatil per l&#8217;escola i per les fam\u00edlies en aquests dies tan estranys que estem vivint. Els trobareu en el seg\u00fcent enlla\u00e7: <\/span>\u00a0<a href=\"https:\/\/recursoseducatiusips.com\/\" target=\"_blank\" rel=\"noopener noreferrer\">https:\/\/recursoseducatiusips.com\/\u00a0<\/a><\/li>\n<li>M\u00e9s idees que ens d\u00f3na Abacus:\u00a0<a href=\"https:\/\/cooperativa.abacus.coop\/ca\/comunitats\/comunitat-de-lleure\/coneixement-compartit-lleure\/idees-per-organitzar-una-setmana-a-casa\/\" target=\"_blank\" rel=\"noopener noreferrer\">Idees per organitzar una setmana a casa<\/a><\/li>\n<li>I la revista Cavall Fort ofereixen revistes digital gratu\u00eftes i cada dia pengen una nova proposta: jocs, manualitats, receptes, experiments&#8230;\u00a0<a href=\"https:\/\/cavallfort.cat\/jo-em-quedo-a-casa\/\" target=\"_blank\" rel=\"noopener noreferrer\">Cavall Fort. Jo em quedo a casa<\/a><\/li>\n<li>Una mestra de l&#8217;escola, ens ha fet arribar Scape rooms i una marat\u00f3 perqu\u00e8 puguin fer a casa. Clicant al seg\u00fcent enlla\u00e7 entrareu en una carpeta on anirem penjant aquests recursos i m\u00e9s imprimibles que creiem que poden ser de la vostra utilitat (com joc de pistes, sopes de llestres, passatemps&#8230;):\u00a0<a href=\"https:\/\/drive.google.com\/drive\/folders\/1b-gKmJWhpiw1gmFFW19HS7TsHHXxPOdy?usp=sharing\" target=\"_blank\" rel=\"noopener noreferrer\">Carpeta de recursos descargables<\/a><\/li>\n<li>Nati Bergad\u00e0 ens ofereix 80 recursos educatius, els trobareu en el seg\u00fcent enlla\u00e7:\u00a0<a href=\"https:\/\/natibergada.cat\/recursos-educatius-per-aprendre-des-de-casa\" target=\"_blank\" rel=\"noopener noreferrer\">Recursos educatius per aprendre des de casa<\/a><\/li>\n<li>Blog de la Fundaci\u00f3 Pere Tarr\u00e9s amb m\u00e9s recursos i recomanacions:\u00a0<a href=\"https:\/\/www.peretarres.org\/coneixement\/bloc-familia#\" target=\"_blank\" rel=\"noopener noreferrer\">https:\/\/www.peretarres.org\/coneixement\/bloc-familia#<\/a><\/li>\n<li>M\u00e9s idees de coses per fer aquests dies a casa:\u00a0<a href=\"https:\/\/escoles.fundesplai.org\/blog\/21-idees-creatives-i-educatives-per-fer-amb-els-nens-i-nenes-a-casa\/\" target=\"_blank\" rel=\"noopener noreferrer\">https:\/\/escoles.fundesplai.org\/blog\/21-idees-creatives-i-educatives-per-fer-amb-els-nens-i-nenes-a-casa\/<\/a><\/li>\n<li>Propostes del S\u00faper 3 per aquests dies de confinament:\u00a0<a style=\"color: #2795b6;\" href=\"https:\/\/www.ccma.cat\/tv3\/super3\/superpropostes-destar-per-casa\/coleccio\/15210\/\" target=\"_blank\" rel=\"noopener noreferrer\">S\u00faper propostes d&#8217;estar per casa<\/a><\/li>\n<\/ul>\n<p><strong><span style=\"text-decoration: underline;\">Jocs<\/span><\/strong><\/p>\n<ul>\n<li>Us proposem un joc per fer en fam\u00edlia des de casa i passar una bona estona plegats: el joc de les parelles de la nostra hist\u00f2ria! A l&#8217;estil del cl\u00e0ssic memory, jugant-hi entrenarem la mem\u00f2ria a la vegada que, de passada, descobrim les diferents \u00e8poques hist\u00f2riques i alguns dels seus trets caracter\u00edstics. Al<a title=\"Joc parelles de la hist\u00f2ria\" href=\"https:\/\/www.patrimoniculturalcomunicacio.cat\/click.html?x=a62e&amp;lc=9i4&amp;mc=w&amp;s=ta8N&amp;u=7&amp;z=itTqKN7&amp;\" target=\"_blank\" rel=\"noopener noreferrer\" data-saferedirecturl=\"https:\/\/www.google.com\/url?q=https:\/\/www.patrimoniculturalcomunicacio.cat\/click.html?x%3Da62e%26lc%3D9i4%26mc%3Dw%26s%3Dta8N%26u%3D7%26z%3DitTqKN7%26&amp;source=gmail&amp;ust=1587026158414000&amp;usg=AFQjCNFiegCesz1gRojmKNAN30usmMscyw\">\u00a0web\u00a0<\/a>podeu descarregar-vos els arxius per jugar-hi. Veureu que hi ha dos nivells: el f\u00e0cil i el dif\u00edcil, trieu el que millor s&#8217;adapti a vosaltres i&#8230; a passar-ho b\u00e9!<\/li>\n<li><span style=\"font-size: 16px;\">Fundiesplai aquest cop ens proposa fer un scape room en fam\u00edlia virtual, acompanyant la Bolboreta, una papallona viatgera a qui hem d&#8217;ajudar a trobar el seu estiu perdut en aquesta aventura plena d&#8217;enginy i enigmes divertits. En algunes proves caldr\u00e0 la imaginaci\u00f3 dels nens i nenes, en altres la mem\u00f2ria dels m\u00e9s grans, aix\u00ed com l&#8217;habilitat a les xarxes dels joves. A m\u00e9s, totes les persones que acabin el joc, tindran l&#8217;oportunitat de participar en un sorteig d&#8217;un cap de setmana en fam\u00edlia en una de les nostres cases de col\u00f2nies!\u00a0<\/span><a style=\"font-family: inherit; font-size: 1em;\" href=\"https:\/\/projectes.fundesplai.org\/escape\/\" target=\"_blank\" rel=\"noopener noreferrer\">Bolboreta Escape<\/a><\/li>\n<li>30 jocs per jugar amb els infants a casa <a href=\"https:\/\/www.hofmann.es\/blog\/juegos-para-ninos-dentro-de-casa\/\" target=\"_blank\" rel=\"noopener noreferrer\">https:\/\/www.hofmann.es\/blog\/juegos-para-ninos-dentro-de-casa\/<\/a><\/li>\n<li>Jocs on-line pels m\u00e9s petits:\u00a0<a href=\"http:\/\/www.petitaxarxa.cat\/jocs24\/\" target=\"_blank\" rel=\"noopener noreferrer\">http:\/\/www.petitaxarxa.cat\/jocs24\/<\/a><\/li>\n<\/ul>\n<p><strong><span style=\"text-decoration: underline;\">Manualitats<\/span><\/strong><\/p>\n<ul>\n<li>Hiperescola ens proposa manualitats per fer aquests dies a casa: un sistema solar, un portallapis, estampaci\u00f3 de samarretes&#8230;\u00a0<a href=\"https:\/\/www.hiperescola.com\/ca\/tallers-manualitats-nens-nenes\" target=\"_blank\" rel=\"noopener noreferrer\">https:\/\/www.hiperescola.com\/ca\/tallers-manualitats-nens-nenes<\/a><\/li>\n<li>De la m\u00e0 d&#8217;Abacus, ens arriben m\u00e9s idees de manualitats per fer a casa: <a href=\"http:\/\/Manualitats per a fer amb els nens i les nenes\" target=\"_blank\" rel=\"noopener noreferrer\">https:\/\/cooperativa.abacus.coop\/ca\/manualitats-per-a-fer-amb-nenes-i-nens\/<\/a><\/li>\n<li>L&#8217;editorial Flamboyant tamb\u00e9 ens ofereix gratu\u00eftament els seus retallables del llibre Papelilandia. Amb ells podrem fer un barri, un bosc amb els seus animals, el mar, la selva i la ciutat. 100% recomanable\u00a0<a href=\"https:\/\/www.editorialflamboyant.com\/ca\/actualidad\/propostes-divertides-per-fer-a-casa-joemquedoacasa\/\" target=\"_blank\" rel=\"noopener noreferrer\">Retallables del llibre Papelilandia<\/a><\/li>\n<li>Bricolatge per fer a casa amb nens:\u00a0<a href=\"https:\/\/www.ccma.cat\/tv3\/ja-tho-faras\/bricolatge-amb-nens-les-9-millors-propostes-segons-el-meu-fill-unai\/noticia\/2997352\/\" target=\"_blank\" rel=\"noopener noreferrer\">9 idees de bricolatge del Ja t&#8217;ho far\u00e0s per fer amb nens<\/a><\/li>\n<li>Web amb un de manualitats, classificades per categories:\u00a0<a href=\"https:\/\/www.pequeocio.com\/manualidades-infantiles\/\" target=\"_blank\" rel=\"noopener noreferrer\">https:\/\/www.pequeocio.com\/manualidades-infantiles\/<\/a><\/li>\n<li>Proposta de manualitats de la Casa Batll\u00f3 per aquest Sant Jordi:\u00a0<a href=\"https:\/\/www.youtube.com\/watch?v=tVYuS1143YI\" target=\"_blank\" rel=\"noopener noreferrer\">Sant Jordi confinat<\/a> \u00a0Ens animen a que els enviem fotos o v\u00eddeos dels nostres balcons o manualitats per mitj\u00e0 de les xarxes socials amb el\u00a0<b>hashtag #TotsFemSantJordi<\/b>.<\/li>\n<\/ul>\n<p><span style=\"text-decoration: underline;\"><strong>Apps educatives<\/strong><\/span><\/p>\n<ul>\n<li><span class=\"m_432572178628099830jb m_432572178628099830ob\">TICs4Teach \u00e9s una plataforma GRATU\u00cfTA que classifica apps educatives de realitat virtual i<\/span><span class=\"m_432572178628099830jb m_432572178628099830ob\"> realitat augmentada. En el seg\u00fcent enlla\u00e7 trobareu les apps que ofereixen:\u00a0<a href=\"https:\/\/www.tics4teach.com\/\" target=\"_blank\" rel=\"noopener noreferrer\">https:\/\/www.tics4teach.com\/<\/a><\/span><\/li>\n<li>App gratu\u00efta amb centenars d&#8217;activitats en angl\u00e8s, din\u00e0miques i jocs totalment nous. Link apple: <a href=\"https:\/\/itunes.apple.com\/us\/app\/english-kids-by-koala\/id1314482127?ls=1&amp;mt=8\" target=\"_blank\" rel=\"noopener noreferrer\" data-saferedirecturl=\"https:\/\/www.google.com\/url?q=https:\/\/itunes.apple.com\/us\/app\/english-kids-by-koala\/id1314482127?ls%3D1%26mt%3D8&amp;source=gmail&amp;ust=1584700753698000&amp;usg=AFQjCNFgLqutrst1kmWN6TMU0HMg3koNtg\" data-mt-detrack-inspected=\"true\" data-mt-detrack-attachment-inspected=\"true\">https:\/\/itunes.apple.com\/\u2026\/eng<wbr \/>lish-kids-by-ko\u2026\/id1314482127\u2026<\/a><wbr \/> Link Android: <a href=\"https:\/\/play.google.com\/store\/apps\/details?id=com\" target=\"_blank\" rel=\"noopener noreferrer\" data-saferedirecturl=\"https:\/\/www.google.com\/url?q=https:\/\/play.google.com\/store\/apps\/details?id%3Dcom&amp;source=gmail&amp;ust=1584700753698000&amp;usg=AFQjCNEppcgFIOrj0ancX5bUl8C5ZrOq1A\" data-mt-detrack-inspected=\"true\" data-mt-detrack-attachment-inspected=\"true\">https:\/\/play.google.com\/store\/<wbr \/>apps\/details?id=com<\/a><\/li>\n<li>App gratu\u00efta de jocs de lectura:<a href=\"http:\/\/www.jocsdelectura.com\/\" target=\"_blank\" rel=\"noopener noreferrer\"> http:\/\/www.jocsdelectura.com\/<\/a><\/li>\n<li><span class=\"name\" style=\"font-family: inherit; font-size: 1em;\">Selecci\u00f3 d&#8217;aplicacions per treballar en l\u00ednia: <\/span><a style=\"font-family: inherit; font-size: 1em;\" href=\"https:\/\/toolbox.mobileworldcapital.com\/apps\/android\/metacategory:aprenentatge-linia?utm_source=%2A+mSchools+mailing+list+%2A&amp;utm_campaign=f9ee7e00e0-EMAIL_CAMPAIGN_2018_06_27_01_59_COPY_02&amp;utm_medium=email&amp;utm_term=0_e6934f6547-f9ee7e00e0-171063889\" target=\"_blank\" rel=\"noopener noreferrer\"><span class=\"slogan\">Aplicacions pr\u00e0ctiques per treballar continguts curriculars dels diferents \u00e0mbits<\/span><\/a><\/li>\n<\/ul>\n<p><span style=\"text-decoration: underline;\"><strong>Altres propostes<\/strong><\/span><\/p>\n<ul>\n<li>Informatius pels nens per estar al dia: <a href=\"https:\/\/www.ccma.cat\/tv3\/super3\/infok\/\" target=\"_blank\" rel=\"noopener noreferrer\">https:\/\/www.ccma.cat\/tv3\/super3\/infok\/<\/a><\/li>\n<li><strong>La Granja porta la natura a casa ja que moltes persones estan privades d&#8217;ella.\u00a0<\/strong>Cada mat\u00ed fem el\u00a0<strong>Bon Dia amb un animal de veritat\u00a0<\/strong>que animar\u00e0 a que el m\u00e9s petits s&#8217;aixequin del llit amb bon humor. Ho pengen a<a href=\"http:\/\/r.hola.lagranja.top\/mk\/cl\/f\/mo9BD5t4bf37Ju_yO9s_qzHuZdAMqJdisCHQKZqr5QeMW9WQ-HcQOCTd4Q8-k8dgxaFy07Sr1FPhjp4ILOnjjX60b_hV1jLzCuCxJU3hUEXOERnSPLiyI1CcKl9bFj2BX4GITgZjNbAvfjlhL-fZi5KZCAZQNg_QvSMwNwKpwPZ7TgluCTLZEPc\" target=\"_blank\" rel=\"noopener noreferrer\" data-saferedirecturl=\"https:\/\/www.google.com\/url?q=http:\/\/r.hola.lagranja.top\/mk\/cl\/f\/mo9BD5t4bf37Ju_yO9s_qzHuZdAMqJdisCHQKZqr5QeMW9WQ-HcQOCTd4Q8-k8dgxaFy07Sr1FPhjp4ILOnjjX60b_hV1jLzCuCxJU3hUEXOERnSPLiyI1CcKl9bFj2BX4GITgZjNbAvfjlhL-fZi5KZCAZQNg_QvSMwNwKpwPZ7TgluCTLZEPc&amp;source=gmail&amp;ust=1585345200925000&amp;usg=AFQjCNHjWUEqC3GYVo2MEaqw5n_vvLhW3g\" data-mt-detrack-inspected=\"true\" data-mt-detrack-attachment-inspected=\"true\">\u00a0Insta\u00a0<\/a>i\u00a0<a href=\"http:\/\/r.hola.lagranja.top\/mk\/cl\/f\/0-zy2YJNGtSUMrPBnk-7Hl1M40v_mliowLIzU5Mz5coYsjIEll_hJaI2BVOSIekA-lWyhVLTccZa5VvzJKWIaCmGFXbSbhXjmiOM1884WyXaZDBGU74wAEAc04lRPLgXJo40xsXddQEwVFdqCgq57XOZ6RPYdjAZIkapc5wfTMM8hRoXF-vaTA\" target=\"_blank\" rel=\"noopener noreferrer\" data-saferedirecturl=\"https:\/\/www.google.com\/url?q=http:\/\/r.hola.lagranja.top\/mk\/cl\/f\/0-zy2YJNGtSUMrPBnk-7Hl1M40v_mliowLIzU5Mz5coYsjIEll_hJaI2BVOSIekA-lWyhVLTccZa5VvzJKWIaCmGFXbSbhXjmiOM1884WyXaZDBGU74wAEAc04lRPLgXJo40xsXddQEwVFdqCgq57XOZ6RPYdjAZIkapc5wfTMM8hRoXF-vaTA&amp;source=gmail&amp;ust=1585345200925000&amp;usg=AFQjCNG3HJWm-YedBPLngFQgeH-Pp0JORA\" data-mt-detrack-inspected=\"true\" data-mt-detrack-attachment-inspected=\"true\">Facebook<\/a>.<\/li>\n<\/ul>\n<ul>\n<li>Participa al nostre challenge o fes-nos arribar fotos o v\u00eddeos de com esteu passant el confinament a joemquedoacasa@lesferreries.cat\u00a0<a href=\"https:\/\/agora.xtec.cat\/ceip-lesferreries-palafolls\/general\/challenges-de-les-ferreries\/\" target=\"_blank\" rel=\"noopener noreferrer\">Challenge de Les Ferreries<\/a><\/li>\n<li>Receptes i men\u00fas f\u00e0cils per cuinar amb els nostres infants:\u00a0<a href=\"https:\/\/www.cuinasensepares.cat\/\" target=\"_blank\" rel=\"noopener noreferrer\">https:\/\/www.cuinasensepares.cat\/<\/a><\/li>\n<li>Visita virtual guiada pel Parlament de Catalunya:\u00a0<a href=\"https:\/\/www.parlament.cat\/web\/actualitat\/noticies\/index.html?p_id=270382532\" target=\"_blank\" rel=\"noopener noreferrer\">https:\/\/www.parlament.cat\/web\/actualitat\/noticies\/index.html?p_id=270382532<\/a><\/li>\n<\/ul>\n<p><span style=\"text-decoration: underline;\"><strong>Gesti\u00f3 del confinament<\/strong><\/span><\/p>\n<ul>\n<li>El Consultori Emocional de &#8220;La Granja&#8221; pret\u00e9n donar respostes pr\u00e0ctiques i senzilles als pares i mares per gestionar de manera positiva el Tsunami d\u2019emocions que tots estem sentint aquests dies. Com no contagiar la meva ansietat als meus fills? Com explicar-los la mort? Com sentir-me b\u00e9 amb la que est\u00e0 caient? L\u2019Educaci\u00f3 Emocional ens ajuda a regular de manera positiva el que sentim, i la nostra experta, Cristina Guti\u00e9rrez Lest\u00f3n, Educadora Emocional, directora de la Granja i autora de \u201cCr\u00e9ixer amb Valentia\u201d ens d\u00f3na un munt de recursos, idees i respostes. En el seg\u00fcent enlla\u00e7 trobareu els v\u00eddeos de les diferents consultes:\u00a0<a href=\"https:\/\/barcelona.lagranja.top\/ca\/recursos-idees\/consultori-emocional-confinament\/\" target=\"_blank\" rel=\"noopener noreferrer\">https:\/\/barcelona.lagranja.top\/ca\/recursos-idees\/consultori-emocional-confinament\/<\/a><\/li>\n<li>M\u00edriam Tirado ha penjat en el seu canal de youtube els seus contes i altres v\u00eddeos amb consells per al confinament amb la nostra fam\u00edlia:\u00a0<a href=\"https:\/\/www.youtube.com\/user\/miriamtirado\/featured\" target=\"_blank\" rel=\"noopener noreferrer\">Canal youtube M\u00edriam Tirado<\/a><\/li>\n<li>Una s<strong>essi\u00f3 de 15 minuts gratu\u00efta<\/strong>\u00a0de v\u00eddeo-trucada del servei &#8220;<a href=\"http:\/\/r.hola.lagranja.top\/mk\/cl\/f\/g__strdYst6yAweWYlU2ff3vKiOcE5F-a0Z0JAfW-CsmrRnirD82xTatizmoQ8S7cudo7Dh7NpNgqjLo_mzsNeIK2mm6bGWjAoW0d1x4c2_SeqaTCSb7hp2Wl3GuFrGZnehU7s164PVb4Xw3u2LomEnSof0ikaCWDf3t9q-FTTneWWI1u8hwK4QhN6BuxFnYC9q0OrJl-FN65SYHSD-9L_9RDHH4WtR6W8_wb-FIjIvugzx_iZplp6P1-Oc\" target=\"_blank\" rel=\"noopener noreferrer\" data-saferedirecturl=\"https:\/\/www.google.com\/url?q=http:\/\/r.hola.lagranja.top\/mk\/cl\/f\/g__strdYst6yAweWYlU2ff3vKiOcE5F-a0Z0JAfW-CsmrRnirD82xTatizmoQ8S7cudo7Dh7NpNgqjLo_mzsNeIK2mm6bGWjAoW0d1x4c2_SeqaTCSb7hp2Wl3GuFrGZnehU7s164PVb4Xw3u2LomEnSof0ikaCWDf3t9q-FTTneWWI1u8hwK4QhN6BuxFnYC9q0OrJl-FN65SYHSD-9L_9RDHH4WtR6W8_wb-FIjIvugzx_iZplp6P1-Oc&amp;source=gmail&amp;ust=1585345200925000&amp;usg=AFQjCNHcPSB0E0aeQx5xJ0I0fXlULiJLKQ\" data-mt-detrack-inspected=\"true\" data-mt-detrack-attachment-inspected=\"true\">Acompanyament Emocional Online per a Fam\u00eclies&#8221;<\/a>. Donem recursos i idees per educar o per entendre els fills\/es\u00a0<strong>des de l&#8217;Educaci\u00f3 Emocional.<\/strong><\/li>\n<li>Espai de\u00a0<strong>Consultoria Emocional<\/strong>\u00a0(<a href=\"http:\/\/r.hola.lagranja.top\/mk\/cl\/f\/PyMkKip8W8yFHuo5cPOManC7PNq9AFKRPX0rJiG7jZ-N8ydqWeFwNBuLAfiVdpf1vIMkP0HT77HNeZuwuxKvx-gTPqbUlTBpN89TdpIpou9aKAvJEB5FdSA3Mx41sEtl0JTL7kavcCrYPteRdkVLKH3r5iW3teZvsHu2gC3VPpTylLBfsvckZ4M\" target=\"_blank\" rel=\"noopener noreferrer\" data-saferedirecturl=\"https:\/\/www.google.com\/url?q=http:\/\/r.hola.lagranja.top\/mk\/cl\/f\/PyMkKip8W8yFHuo5cPOManC7PNq9AFKRPX0rJiG7jZ-N8ydqWeFwNBuLAfiVdpf1vIMkP0HT77HNeZuwuxKvx-gTPqbUlTBpN89TdpIpou9aKAvJEB5FdSA3Mx41sEtl0JTL7kavcCrYPteRdkVLKH3r5iW3teZvsHu2gC3VPpTylLBfsvckZ4M&amp;source=gmail&amp;ust=1585345200926000&amp;usg=AFQjCNHglR2mtcWxYWN0D9c2iJFPcQCASA\" data-mt-detrack-inspected=\"true\" data-mt-detrack-attachment-inspected=\"true\">Insta<\/a>\u00a0i\u00a0<a href=\"http:\/\/r.hola.lagranja.top\/mk\/cl\/f\/w_0DlTuF5ozYRb3OFl5BRq-7u9Ui1rWgsfInW7GHoL_ituz69hJIMLrKt2CzVnT_2kWVKGPTGm3UithZ12cjCJaEB0DrmyfnA3h_sHaQlOn2SpcoWytJE8GJyskPYs-DOCr0sjOrQGq_78gYBUTCh3XG4jOoJNjwF6AfLniQGKVGT1vgmp-Mlg\" target=\"_blank\" rel=\"noopener noreferrer\" data-saferedirecturl=\"https:\/\/www.google.com\/url?q=http:\/\/r.hola.lagranja.top\/mk\/cl\/f\/w_0DlTuF5ozYRb3OFl5BRq-7u9Ui1rWgsfInW7GHoL_ituz69hJIMLrKt2CzVnT_2kWVKGPTGm3UithZ12cjCJaEB0DrmyfnA3h_sHaQlOn2SpcoWytJE8GJyskPYs-DOCr0sjOrQGq_78gYBUTCh3XG4jOoJNjwF6AfLniQGKVGT1vgmp-Mlg&amp;source=gmail&amp;ust=1585345200926000&amp;usg=AFQjCNH3fhfNjYkzBgMFVlZKWKWB2PcX2g\" data-mt-detrack-inspected=\"true\" data-mt-detrack-attachment-inspected=\"true\">Facebook<\/a>). Cada nit a les 21h contestem les preguntes que els pares i mares ens estan fent per la xarxa.<\/li>\n<li><span style=\"font-family: inherit; font-size: 1em;\">La pand\u00e8mia de coronavirus ens tindr\u00e0 confinats a casa unes setmanes, i en aquesta situaci\u00f3 les fam\u00edlies necessitaran recursos educatius \u00fatils i de qualitat: <\/span><span style=\"font-family: inherit; font-size: 1em;\">\u00a0<\/span><strong style=\"font-family: inherit; font-size: 1em;\"><a href=\"http:\/\/natibergada.acblnk.com\/url\/ver\/45549510\/\/953026\/bffd670025ecf2d02df6962631e69e69\" target=\"_blank\" rel=\"noopener noreferrer\" data-saferedirecturl=\"https:\/\/www.google.com\/url?q=http:\/\/natibergada.acblnk.com\/url\/ver\/45549510\/\/953026\/bffd670025ecf2d02df6962631e69e69&amp;source=gmail&amp;ust=1585040844088000&amp;usg=AFQjCNGiF5jKN2ei9Vu81cYiKOsAXLIi2Q\">maresipares.cat\u00a0<\/a><\/strong>Es tracta d&#8217;un blog on s&#8217;aniran compartint, durant el temps que duri el confinament, recursos educatius i consells per a les fam\u00edlies<\/li>\n<li><a href=\"http:\/\/ensenyament.gencat.cat\/ca\/departament\/publicacions\/butlletins\/infoescola\/\" target=\"_blank\" rel=\"noopener noreferrer\">Infoescola :\u00a0<\/a>El\u00a0<strong>butllet\u00ed\u00a0<em>Infoescola<\/em><\/strong> neix per informar la ciutadania de tot all\u00f2 relacionat amb l&#8217;educaci\u00f3 des d&#8217;una \u00f2ptica oberta al m\u00f3n. Us animem que us hi subscriviu per estar al dia de les pol\u00edtiques educatives que porta a terme el Departament d&#8217;Educaci\u00f3. Mensualment rebreu aquest butllet\u00ed que concentra la informaci\u00f3 d&#8217;actualitat a la vostra adre\u00e7a electr\u00f2nica.<\/li>\n<li><a href=\"https:\/\/drive.google.com\/open?id=19WN3lupb6boEVimwY0h4V50FsuLlruP-\" target=\"_blank\" rel=\"noopener noreferrer\">8 motius perqu\u00e8 els infants han de sortir al carrer<\/a> de La Granja de Santa Maria de Palautordera.<\/li>\n<\/ul>\n","protected":false},"excerpt":{"rendered":"<p>#Joemquedoacasa Degut a la gran quantitat de recursos que hem anat trobant per internet i hem anat afegint en l&#8217;article anterior. Perqu\u00e8 us sigui m\u00e9s f\u00e0cil trobar el que busqueu, ho hem classificat per categories. Esperem que us sigui d&#8217;utilitat: Materials curriculars En el seg\u00fcent bloc, trobareu un munt d&#8217;articles amb una gran varietat de [&hellip;]<\/p>\n","protected":false},"author":65,"featured_media":18282,"comment_status":"open","ping_status":"closed","sticky":false,"template":"","format":"standard","meta":{"_bbp_topic_count":0,"_bbp_reply_count":0,"_bbp_total_topic_count":0,"_bbp_total_reply_count":0,"_bbp_voice_count":0,"_bbp_anonymous_reply_count":0,"_bbp_topic_count_hidden":0,"_bbp_reply_count_hidden":0,"_bbp_forum_subforum_count":0,"site-sidebar-layout":"default","site-content-layout":"","ast-site-content-layout":"","site-content-style":"default","site-sidebar-style":"default","ast-global-header-display":"","ast-banner-title-visibility":"","ast-main-header-display":"","ast-hfb-above-header-display":"","ast-hfb-below-header-display":"","ast-hfb-mobile-header-display":"","site-post-title":"","ast-breadcrumbs-content":"","ast-featured-img":"","footer-sml-layout":"","theme-transparent-header-meta":"","adv-header-id-meta":"","stick-header-meta":"","header-above-stick-meta":"","header-main-stick-meta":"","header-below-stick-meta":"","astra-migrate-meta-layouts":"default","ast-page-background-enabled":"default","ast-page-background-meta":{"desktop":{"background-color":"var(--ast-global-color-4)","background-image":"","background-repeat":"repeat","background-position":"center center","background-size":"auto","background-attachment":"scroll","background-type":"","background-media":"","overlay-type":"","overlay-color":"","overlay-opacity":"","overlay-gradient":""},"tablet":{"background-color":"","background-image":"","background-repeat":"repeat","background-position":"center center","background-size":"auto","background-attachment":"scroll","background-type":"","background-media":"","overlay-type":"","overlay-color":"","overlay-opacity":"","overlay-gradient":""},"mobile":{"background-color":"","background-image":"","background-repeat":"repeat","background-position":"center center","background-size":"auto","background-attachment":"scroll","background-type":"","background-media":"","overlay-type":"","overlay-color":"","overlay-opacity":"","overlay-gradient":""}},"ast-content-background-meta":{"desktop":{"background-color":"var(--ast-global-color-5)","background-image":"","background-repeat":"repeat","background-position":"center center","background-size":"auto","background-attachment":"scroll","background-type":"","background-media":"","overlay-type":"","overlay-color":"","overlay-opacity":"","overlay-gradient":""},"tablet":{"background-color":"var(--ast-global-color-5)","background-image":"","background-repeat":"repeat","background-position":"center center","background-size":"auto","background-attachment":"scroll","background-type":"","background-media":"","overlay-type":"","overlay-color":"","overlay-opacity":"","overlay-gradient":""},"mobile":{"background-color":"var(--ast-global-color-5)","background-image":"","background-repeat":"repeat","background-position":"center center","background-size":"auto","background-attachment":"scroll","background-type":"","background-media":"","overlay-type":"","overlay-color":"","overlay-opacity":"","overlay-gradient":""}},"footnotes":""},"categories":[1,4],"tags":[720,721,716,753,752,294],"class_list":["post-18386","post","type-post","status-publish","format-standard","has-post-thumbnail","hentry","category-general","category-portada","tag-apps","tag-contes","tag-coronavirus","tag-imprimibles","tag-materials","tag-recursos"],"post_mailing_queue_ids":[],"_links":{"self":[{"href":"https:\/\/agora.xtec.cat\/ceip-lesferreries-palafolls\/wp-json\/wp\/v2\/posts\/18386","targetHints":{"allow":["GET"]}}],"collection":[{"href":"https:\/\/agora.xtec.cat\/ceip-lesferreries-palafolls\/wp-json\/wp\/v2\/posts"}],"about":[{"href":"https:\/\/agora.xtec.cat\/ceip-lesferreries-palafolls\/wp-json\/wp\/v2\/types\/post"}],"author":[{"embeddable":true,"href":"https:\/\/agora.xtec.cat\/ceip-lesferreries-palafolls\/wp-json\/wp\/v2\/users\/65"}],"replies":[{"embeddable":true,"href":"https:\/\/agora.xtec.cat\/ceip-lesferreries-palafolls\/wp-json\/wp\/v2\/comments?post=18386"}],"version-history":[{"count":3,"href":"https:\/\/agora.xtec.cat\/ceip-lesferreries-palafolls\/wp-json\/wp\/v2\/posts\/18386\/revisions"}],"predecessor-version":[{"id":18390,"href":"https:\/\/agora.xtec.cat\/ceip-lesferreries-palafolls\/wp-json\/wp\/v2\/posts\/18386\/revisions\/18390"}],"wp:featuredmedia":[{"embeddable":true,"href":"https:\/\/agora.xtec.cat\/ceip-lesferreries-palafolls\/wp-json\/wp\/v2\/media\/18282"}],"wp:attachment":[{"href":"https:\/\/agora.xtec.cat\/ceip-lesferreries-palafolls\/wp-json\/wp\/v2\/media?parent=18386"}],"wp:term":[{"taxonomy":"category","embeddable":true,"href":"https:\/\/agora.xtec.cat\/ceip-lesferreries-palafolls\/wp-json\/wp\/v2\/categories?post=18386"},{"taxonomy":"post_tag","embeddable":true,"href":"https:\/\/agora.xtec.cat\/ceip-lesferreries-palafolls\/wp-json\/wp\/v2\/tags?post=18386"}],"curies":[{"name":"wp","href":"https:\/\/api.w.org\/{rel}","templated":true}]}}