{"id":18262,"date":"2020-03-18T18:39:49","date_gmt":"2020-03-18T17:39:49","guid":{"rendered":"http:\/\/agora.xtec.cat\/ceip-lesferreries-palafolls\/?p=18262"},"modified":"2020-06-04T19:23:10","modified_gmt":"2020-06-04T17:23:10","slug":"informacions-sobre-el-covid-19-que-afecten-a-lescola","status":"publish","type":"post","link":"https:\/\/agora.xtec.cat\/ceip-lesferreries-palafolls\/general\/informacions-sobre-el-covid-19-que-afecten-a-lescola\/","title":{"rendered":"INFORMACIONS SOBRE LA COVID-19 QUE AFECTEN A L&#8217;ESCOLA"},"content":{"rendered":"<p>Benvolgudes fam\u00edlies,<\/p>\n<p>El Departament d\u2019Educaci\u00f3, seguint instruccions del Departament de Salut i com a mesura excepcional per contenir el coronavirus, ha pres la decisi\u00f3 de tancar a partir del 13 de mar\u00e7 de 2020 tots els centres educatius del pa\u00eds i, per tant, han quedat suspeses les classes en horari lectiu i les activitats extraescolars.<\/p>\n<p>Aquesta mesura t\u00e9 prevista una durada inicial de 14 dies (fins el dia 27 de mar\u00e7 de 2020). Prestarem atenci\u00f3 a les instruccions del Departament de Salut i a l\u2019evoluci\u00f3 de la situaci\u00f3.<\/p>\n<p>Us recomanem que tingueu oberts canals de comunicaci\u00f3 fluids amb el personal del centre educatiu, per\u00f2 \u00e9s recomanable evitar aquells de tipus presencial.<\/p>\n<p>Tamb\u00e9 us recordem que cal que seguiu les indicacions, recomanacions i protocols que estableix el Departament de Salut pel que fa a la prevenci\u00f3 del virus i que podeu consultar a\u00a0<a href=\"http:\/\/canalsalut.gencat.cat\/coronavirus\" data-saferedirecturl=\"https:\/\/www.google.com\/url?q=http:\/\/canalsalut.gencat.cat\/coronavirus&amp;source=gmail&amp;ust=1584108446418000&amp;usg=AFQjCNGrAap7JtdgSe-hOX-8f8AjPBEQeQ\">http:\/\/canalsalut.gencat.cat\/coronavirus<\/a><\/p>\n<p>El Departament d\u2019Educaci\u00f3 far\u00e0 arribar a la direcci\u00f3 del centre les indicacions pertinents en relaci\u00f3 als dubtes que puguin sorgir.<\/p>\n<p>Les informacions relatives a Educaci\u00f3 sobre el coronavirus les trobareu a\u00a0<a href=\"http:\/\/ensenyament.gencat.cat\/ca\/actualitat\/coronavirus\/\" target=\"_blank\" rel=\"noopener noreferrer\">http:\/\/ensenyament.gencat.cat\/ca\/actualitat\/coronavirus\/<\/a><\/p>\n<p>Tamb\u00e9 us emplacem a mantenir-vos informats mitjan\u00e7ant els <b>canals oficials de l\u2019Ajuntament<\/b>\u00a0i us informem que a nivell ciutad\u00e0 des del consistori s\u2019ha habilitat un espai al web municipal\u00a0<a href=\"http:\/\/www.palafolls.cat\/\" target=\"_blank\" rel=\"noopener noreferrer\" data-saferedirecturl=\"https:\/\/www.google.com\/url?q=http:\/\/www.palafolls.cat&amp;source=gmail&amp;ust=1584695215977000&amp;usg=AFQjCNHs3NbNaZVgnSfA48cVSoBowevemQ\" data-mt-detrack-inspected=\"true\" data-mt-detrack-attachment-inspected=\"true\">www.palafolls.cat<\/a>\u00a0en el qual s\u2019aniran actualitzant tots els documents informatius, acords, instruccions, etc. Us facilitem la drecera :\u00a0<a href=\"https:\/\/www.palafolls.cat\/pag661\/coronavirus-landing.htm\" target=\"_blank\" rel=\"noopener noreferrer\" data-saferedirecturl=\"https:\/\/www.google.com\/url?q=https:\/\/www.palafolls.cat\/pag661\/coronavirus-landing.htm&amp;source=gmail&amp;ust=1584695215977000&amp;usg=AFQjCNHc-g4C-WGJliMXygVmByQ4wdtTuw\" data-mt-detrack-inspected=\"true\" data-mt-detrack-attachment-inspected=\"true\">https:\/\/www.palafolls.cat\/<wbr \/>pag661\/coronavirus-landing.htm<\/a><wbr \/>.<\/p>\n<p>Us agra\u00efm la vostra comprensi\u00f3 i col\u00b7laboraci\u00f3.<\/p>\n","protected":false},"excerpt":{"rendered":"<p>Benvolgudes fam\u00edlies, El Departament d\u2019Educaci\u00f3, seguint instruccions del Departament de Salut i com a mesura excepcional per contenir el coronavirus, ha pres la decisi\u00f3 de tancar a partir del 13 de mar\u00e7 de 2020 tots els centres educatius del pa\u00eds i, per tant, han quedat suspeses les classes en horari lectiu i les activitats extraescolars. [&hellip;]<\/p>\n","protected":false},"author":65,"featured_media":18263,"comment_status":"open","ping_status":"closed","sticky":false,"template":"","format":"standard","meta":{"_bbp_topic_count":0,"_bbp_reply_count":0,"_bbp_total_topic_count":0,"_bbp_total_reply_count":0,"_bbp_voice_count":0,"_bbp_anonymous_reply_count":0,"_bbp_topic_count_hidden":0,"_bbp_reply_count_hidden":0,"_bbp_forum_subforum_count":0,"site-sidebar-layout":"default","site-content-layout":"","ast-site-content-layout":"","site-content-style":"default","site-sidebar-style":"default","ast-global-header-display":"","ast-banner-title-visibility":"","ast-main-header-display":"","ast-hfb-above-header-display":"","ast-hfb-below-header-display":"","ast-hfb-mobile-header-display":"","site-post-title":"","ast-breadcrumbs-content":"","ast-featured-img":"","footer-sml-layout":"","theme-transparent-header-meta":"","adv-header-id-meta":"","stick-header-meta":"","header-above-stick-meta":"","header-main-stick-meta":"","header-below-stick-meta":"","astra-migrate-meta-layouts":"default","ast-page-background-enabled":"default","ast-page-background-meta":{"desktop":{"background-color":"var(--ast-global-color-4)","background-image":"","background-repeat":"repeat","background-position":"center center","background-size":"auto","background-attachment":"scroll","background-type":"","background-media":"","overlay-type":"","overlay-color":"","overlay-opacity":"","overlay-gradient":""},"tablet":{"background-color":"","background-image":"","background-repeat":"repeat","background-position":"center center","background-size":"auto","background-attachment":"scroll","background-type":"","background-media":"","overlay-type":"","overlay-color":"","overlay-opacity":"","overlay-gradient":""},"mobile":{"background-color":"","background-image":"","background-repeat":"repeat","background-position":"center center","background-size":"auto","background-attachment":"scroll","background-type":"","background-media":"","overlay-type":"","overlay-color":"","overlay-opacity":"","overlay-gradient":""}},"ast-content-background-meta":{"desktop":{"background-color":"var(--ast-global-color-5)","background-image":"","background-repeat":"repeat","background-position":"center center","background-size":"auto","background-attachment":"scroll","background-type":"","background-media":"","overlay-type":"","overlay-color":"","overlay-opacity":"","overlay-gradient":""},"tablet":{"background-color":"var(--ast-global-color-5)","background-image":"","background-repeat":"repeat","background-position":"center center","background-size":"auto","background-attachment":"scroll","background-type":"","background-media":"","overlay-type":"","overlay-color":"","overlay-opacity":"","overlay-gradient":""},"mobile":{"background-color":"var(--ast-global-color-5)","background-image":"","background-repeat":"repeat","background-position":"center center","background-size":"auto","background-attachment":"scroll","background-type":"","background-media":"","overlay-type":"","overlay-color":"","overlay-opacity":"","overlay-gradient":""}},"footnotes":""},"categories":[1,4],"tags":[716,715],"class_list":["post-18262","post","type-post","status-publish","format-standard","has-post-thumbnail","hentry","category-general","category-portada","tag-coronavirus","tag-covid-19"],"post_mailing_queue_ids":[],"_links":{"self":[{"href":"https:\/\/agora.xtec.cat\/ceip-lesferreries-palafolls\/wp-json\/wp\/v2\/posts\/18262","targetHints":{"allow":["GET"]}}],"collection":[{"href":"https:\/\/agora.xtec.cat\/ceip-lesferreries-palafolls\/wp-json\/wp\/v2\/posts"}],"about":[{"href":"https:\/\/agora.xtec.cat\/ceip-lesferreries-palafolls\/wp-json\/wp\/v2\/types\/post"}],"author":[{"embeddable":true,"href":"https:\/\/agora.xtec.cat\/ceip-lesferreries-palafolls\/wp-json\/wp\/v2\/users\/65"}],"replies":[{"embeddable":true,"href":"https:\/\/agora.xtec.cat\/ceip-lesferreries-palafolls\/wp-json\/wp\/v2\/comments?post=18262"}],"version-history":[{"count":3,"href":"https:\/\/agora.xtec.cat\/ceip-lesferreries-palafolls\/wp-json\/wp\/v2\/posts\/18262\/revisions"}],"predecessor-version":[{"id":18478,"href":"https:\/\/agora.xtec.cat\/ceip-lesferreries-palafolls\/wp-json\/wp\/v2\/posts\/18262\/revisions\/18478"}],"wp:featuredmedia":[{"embeddable":true,"href":"https:\/\/agora.xtec.cat\/ceip-lesferreries-palafolls\/wp-json\/wp\/v2\/media\/18263"}],"wp:attachment":[{"href":"https:\/\/agora.xtec.cat\/ceip-lesferreries-palafolls\/wp-json\/wp\/v2\/media?parent=18262"}],"wp:term":[{"taxonomy":"category","embeddable":true,"href":"https:\/\/agora.xtec.cat\/ceip-lesferreries-palafolls\/wp-json\/wp\/v2\/categories?post=18262"},{"taxonomy":"post_tag","embeddable":true,"href":"https:\/\/agora.xtec.cat\/ceip-lesferreries-palafolls\/wp-json\/wp\/v2\/tags?post=18262"}],"curies":[{"name":"wp","href":"https:\/\/api.w.org\/{rel}","templated":true}]}}