{"id":18000,"date":"2020-01-13T09:43:58","date_gmt":"2020-01-13T08:43:58","guid":{"rendered":"http:\/\/agora.xtec.cat\/ceip-lesferreries-palafolls\/?p=18000"},"modified":"2025-10-20T10:18:08","modified_gmt":"2025-10-20T08:18:08","slug":"activitats-de-nadal","status":"publish","type":"post","link":"https:\/\/agora.xtec.cat\/ceip-lesferreries-palafolls\/general\/activitats-de-nadal\/","title":{"rendered":"Activitats de Nadal"},"content":{"rendered":"<p>Benvolguts\/des,<\/p>\n<p>En el seg\u00fcent article trobareu els \u00e0lbums de les diferents activitats que es van realitzar durant la setmana del 16 al 20 de desembre: assaig gimn\u00e0s, christmas songs, festival de Nadal &#8230; En breu us penjarem els v\u00eddeos de les actuacions de Nadal.<\/p>\n<p><a href=\"https:\/\/photos.app.goo.gl\/Tak9MR9h2pcgT61Z6\" target=\"_blank\" rel=\"noopener noreferrer\">Assaig al gimn\u00e0s 16.12.19<\/a><\/p>\n<p><a href=\"https:\/\/photos.app.goo.gl\/sEWcxPNtY2oaFuGM6\" target=\"_blank\" rel=\"noopener noreferrer\">6\u00e8 Christmas songs 16.12.19<\/a><\/p>\n<p><a href=\"https:\/\/photos.app.goo.gl\/YWjs5ZcnAmH2aGVBA\" target=\"_blank\" rel=\"noopener noreferrer\">Ti\u00f3 Cicle Inicial 19.12.19<\/a><\/p>\n<p><a href=\"https:\/\/photos.app.goo.gl\/hz6LEa294mtbZmNY6\" target=\"_blank\" rel=\"noopener noreferrer\">Festival de Nadal 20.12.19<\/a><\/p>\n<p><a href=\"https:\/\/photos.app.goo.gl\/773B3JMUK7PsRpRc6\" target=\"_blank\" rel=\"noopener noreferrer\">EI3 Ti\u00f3<\/a><\/p>\n<p><a href=\"https:\/\/photos.app.goo.gl\/a6UYGgm5hs4vpbfU9\" target=\"_blank\" rel=\"noopener noreferrer\">EI4 Arriba el ti\u00f3<\/a><\/p>\n<p><a href=\"https:\/\/photos.app.goo.gl\/CM49ZG8w2FKTxCpB8\" target=\"_blank\" rel=\"noopener noreferrer\">3r Joguines de reis<\/a><\/p>\n<p><a href=\"https:\/\/photos.app.goo.gl\/dZNidRhBkQN9Dp5P9\" target=\"_blank\" rel=\"noopener noreferrer\">3r i 4t Calendari d&#8217;advent<\/a><\/p>\n<p><a href=\"https:\/\/photos.app.goo.gl\/bdHb8EQHw7GPwsLR7\" target=\"_blank\" rel=\"noopener noreferrer\">Christmas Cards 6\u00e8<\/a><\/p>\n<p><a href=\"https:\/\/photos.app.goo.gl\/t9Y2DokUKhGeUVdm6\" target=\"_blank\" rel=\"noopener noreferrer\">Christmas labels 6\u00e8<\/a><\/p>\n<p><a href=\"https:\/\/photos.app.goo.gl\/yQW3Y3zTryck2ibD8\" target=\"_blank\" rel=\"noopener noreferrer\">6\u00e8B Celebrem el Nadal<\/a><\/p>\n<p>&nbsp;<\/p>\n","protected":false},"excerpt":{"rendered":"<p>Benvolguts\/des, En el seg\u00fcent article trobareu els \u00e0lbums de les diferents activitats que es van realitzar durant la setmana del 16 al 20 de desembre: assaig gimn\u00e0s, christmas songs, festival de Nadal &#8230; En breu us penjarem els v\u00eddeos de les actuacions de Nadal. Assaig al gimn\u00e0s 16.12.19 6\u00e8 Christmas songs 16.12.19 Ti\u00f3 Cicle Inicial [&hellip;]<\/p>\n","protected":false},"author":65,"featured_media":17875,"comment_status":"open","ping_status":"closed","sticky":false,"template":"","format":"standard","meta":{"_bbp_topic_count":0,"_bbp_reply_count":0,"_bbp_total_topic_count":0,"_bbp_total_reply_count":0,"_bbp_voice_count":0,"_bbp_anonymous_reply_count":0,"_bbp_topic_count_hidden":0,"_bbp_reply_count_hidden":0,"_bbp_forum_subforum_count":0,"site-sidebar-layout":"default","site-content-layout":"","ast-site-content-layout":"","site-content-style":"default","site-sidebar-style":"default","ast-global-header-display":"","ast-banner-title-visibility":"","ast-main-header-display":"","ast-hfb-above-header-display":"","ast-hfb-below-header-display":"","ast-hfb-mobile-header-display":"","site-post-title":"","ast-breadcrumbs-content":"","ast-featured-img":"","footer-sml-layout":"","theme-transparent-header-meta":"","adv-header-id-meta":"","stick-header-meta":"","header-above-stick-meta":"","header-main-stick-meta":"","header-below-stick-meta":"","astra-migrate-meta-layouts":"default","ast-page-background-enabled":"default","ast-page-background-meta":{"desktop":{"background-color":"var(--ast-global-color-4)","background-image":"","background-repeat":"repeat","background-position":"center center","background-size":"auto","background-attachment":"scroll","background-type":"","background-media":"","overlay-type":"","overlay-color":"","overlay-opacity":"","overlay-gradient":""},"tablet":{"background-color":"","background-image":"","background-repeat":"repeat","background-position":"center center","background-size":"auto","background-attachment":"scroll","background-type":"","background-media":"","overlay-type":"","overlay-color":"","overlay-opacity":"","overlay-gradient":""},"mobile":{"background-color":"","background-image":"","background-repeat":"repeat","background-position":"center center","background-size":"auto","background-attachment":"scroll","background-type":"","background-media":"","overlay-type":"","overlay-color":"","overlay-opacity":"","overlay-gradient":""}},"ast-content-background-meta":{"desktop":{"background-color":"var(--ast-global-color-5)","background-image":"","background-repeat":"repeat","background-position":"center center","background-size":"auto","background-attachment":"scroll","background-type":"","background-media":"","overlay-type":"","overlay-color":"","overlay-opacity":"","overlay-gradient":""},"tablet":{"background-color":"var(--ast-global-color-5)","background-image":"","background-repeat":"repeat","background-position":"center center","background-size":"auto","background-attachment":"scroll","background-type":"","background-media":"","overlay-type":"","overlay-color":"","overlay-opacity":"","overlay-gradient":""},"mobile":{"background-color":"var(--ast-global-color-5)","background-image":"","background-repeat":"repeat","background-position":"center center","background-size":"auto","background-attachment":"scroll","background-type":"","background-media":"","overlay-type":"","overlay-color":"","overlay-opacity":"","overlay-gradient":""}},"footnotes":""},"categories":[668,669,572,502,503,504,22,1086,1087,34,36,1,4],"tags":[],"class_list":["post-18000","post","type-post","status-publish","format-standard","has-post-thumbnail","hentry","category-2019-2028-grup-a","category-2019-2028-grup-b","category-16-27-b","category-gr01","category-gr02","category-gr03","category-activitats","category-cicle-mitja","category-cicle-superior","category-festes-populars","category-galeria","category-general","category-portada"],"post_mailing_queue_ids":[],"_links":{"self":[{"href":"https:\/\/agora.xtec.cat\/ceip-lesferreries-palafolls\/wp-json\/wp\/v2\/posts\/18000","targetHints":{"allow":["GET"]}}],"collection":[{"href":"https:\/\/agora.xtec.cat\/ceip-lesferreries-palafolls\/wp-json\/wp\/v2\/posts"}],"about":[{"href":"https:\/\/agora.xtec.cat\/ceip-lesferreries-palafolls\/wp-json\/wp\/v2\/types\/post"}],"author":[{"embeddable":true,"href":"https:\/\/agora.xtec.cat\/ceip-lesferreries-palafolls\/wp-json\/wp\/v2\/users\/65"}],"replies":[{"embeddable":true,"href":"https:\/\/agora.xtec.cat\/ceip-lesferreries-palafolls\/wp-json\/wp\/v2\/comments?post=18000"}],"version-history":[{"count":2,"href":"https:\/\/agora.xtec.cat\/ceip-lesferreries-palafolls\/wp-json\/wp\/v2\/posts\/18000\/revisions"}],"predecessor-version":[{"id":24043,"href":"https:\/\/agora.xtec.cat\/ceip-lesferreries-palafolls\/wp-json\/wp\/v2\/posts\/18000\/revisions\/24043"}],"wp:featuredmedia":[{"embeddable":true,"href":"https:\/\/agora.xtec.cat\/ceip-lesferreries-palafolls\/wp-json\/wp\/v2\/media\/17875"}],"wp:attachment":[{"href":"https:\/\/agora.xtec.cat\/ceip-lesferreries-palafolls\/wp-json\/wp\/v2\/media?parent=18000"}],"wp:term":[{"taxonomy":"category","embeddable":true,"href":"https:\/\/agora.xtec.cat\/ceip-lesferreries-palafolls\/wp-json\/wp\/v2\/categories?post=18000"},{"taxonomy":"post_tag","embeddable":true,"href":"https:\/\/agora.xtec.cat\/ceip-lesferreries-palafolls\/wp-json\/wp\/v2\/tags?post=18000"}],"curies":[{"name":"wp","href":"https:\/\/api.w.org\/{rel}","templated":true}]}}