{"id":17831,"date":"2019-12-09T09:52:33","date_gmt":"2019-12-09T08:52:33","guid":{"rendered":"http:\/\/agora.xtec.cat\/ceip-lesferreries-palafolls\/?p=17831"},"modified":"2020-01-08T16:10:27","modified_gmt":"2020-01-08T15:10:27","slug":"marxa-per-la-marato-2019-de-tv%c2%b7","status":"publish","type":"post","link":"https:\/\/agora.xtec.cat\/ceip-lesferreries-palafolls\/general\/marxa-per-la-marato-2019-de-tv%c2%b7\/","title":{"rendered":"Marxa per la Marat\u00f3 2019 de TV\u00b7"},"content":{"rendered":"<p><span style=\"color: #000000; font-family: 'comic sans ms', sans-serif;\">Animeu-vos a participar i col\u00b7laborar amb la Marat\u00f3 de TV3 a trav\u00e9s de la Marxa Solid\u00e0ria de Palafolls que tindr\u00e0 lloc el pr\u00f2xim 14 de desembre a partir de les 9 del mat\u00ed a la zona escolar del nostre poble. Enguany \u00e9s un treball conjunt de tots els centres educatius, les escoles Mas Prats, Les Ferreries i l\u2019INS Font del Ferro, i l&#8217;Ajuntament de Palafolls.<\/span><\/p>\n<div><span style=\"color: #000000; font-family: comic sans ms, sans-serif;\">Podreu adquirir els vostres dorsals a 3 \u20ac (donaci\u00f3 \u00edntegra per la Marat\u00f3) en la mateixa escola a partir d&#8217;avui fins divendres de 4 a 5 de la tarda o el mateix dia de la Marxa a partir de les 9 del mat\u00ed.<\/span><\/div>\n<div><span style=\"font-family: comic sans ms, sans-serif;\">\u00a0<\/span><\/div>\n<div><span style=\"font-family: comic sans ms, sans-serif;\">La recaptaci\u00f3 d&#8217;aquest any de la Marat\u00f3 de TV3 anir\u00e0 destinada a malalties minorit\u00e0ries.\u00a0 (+info en el seg\u00fcent enlla\u00e7\u00a0<a href=\"https:\/\/www.ccma.cat\/tv3\/marato\/que-son\/2019\/1610\/\" target=\"_blank\" rel=\"noopener noreferrer\" data-saferedirecturl=\"https:\/\/www.google.com\/url?q=https:\/\/www.ccma.cat\/tv3\/marato\/que-son\/2019\/1610\/&amp;source=gmail&amp;ust=1575967752535000&amp;usg=AFQjCNHXmlaf5a8x7eQMv9qJj-mIbM20uQ\">https:\/\/www.ccma.cat\/<wbr \/>tv3\/marato\/que-son\/2019\/1610\/<\/a>)<wbr \/><br \/>\n<\/span><\/div>\n<div><span style=\"color: #000000; font-family: comic sans ms, sans-serif;\">\u00a0<\/span><\/div>\n<div><span style=\"font-family: comic sans ms, sans-serif;\"><span style=\"color: #000000;\">Us esperem a tots i a totes per una bona causa.<\/span>\u00a0<\/span><\/div>\n<div><span style=\"font-family: comic sans ms, sans-serif;\">\u00a0<\/span><\/div>\n<div>\n<p><strong>Perqu\u00e8 cada pas endavant, encara que sembli petit, \u00e9s una gran vict\u00f2ria.<\/strong><\/p>\n<h2>Per aix\u00f2, La Marat\u00f3 del 2019 compta amb vosaltres!<\/h2>\n<\/div>\n<p><iframe loading=\"lazy\" src=\"https:\/\/www.ccma.cat\/video\/embed\/5959560\/\" width=\"500px\" height=\"281px\" frameborder=\"0\" scrolling=\"no\" allowfullscreen=\"allowfullscreen\"><\/iframe><\/p>\n<p><a href=\"https:\/\/agora.xtec.cat\/ceip-lesferreries-palafolls\/wp-content\/uploads\/usu670\/2019\/12\/Sense-t\u00edtol.jpg\"><img loading=\"lazy\" decoding=\"async\" class=\"alignnone size-full wp-image-17832\" src=\"https:\/\/agora.xtec.cat\/ceip-lesferreries-palafolls\/wp-content\/uploads\/usu670\/2019\/12\/Sense-t\u00edtol.jpg\" alt=\"\" width=\"661\" height=\"915\" srcset=\"https:\/\/agora.xtec.cat\/ceip-lesferreries-palafolls\/wp-content\/uploads\/usu670\/2019\/12\/Sense-t\u00edtol.jpg 661w, https:\/\/agora.xtec.cat\/ceip-lesferreries-palafolls\/wp-content\/uploads\/usu670\/2019\/12\/Sense-t\u00edtol-217x300.jpg 217w\" sizes=\"auto, (max-width: 661px) 100vw, 661px\" \/><\/a><\/p>\n","protected":false},"excerpt":{"rendered":"<p>Animeu-vos a participar i col\u00b7laborar amb la Marat\u00f3 de TV3 a trav\u00e9s de la Marxa Solid\u00e0ria de Palafolls que tindr\u00e0 lloc el pr\u00f2xim 14 de desembre a partir de les 9 del mat\u00ed a la zona escolar del nostre poble. Enguany \u00e9s un treball conjunt de tots els centres educatius, les escoles Mas Prats, Les [&hellip;]<\/p>\n","protected":false},"author":65,"featured_media":17833,"comment_status":"open","ping_status":"closed","sticky":false,"template":"","format":"standard","meta":{"_bbp_topic_count":0,"_bbp_reply_count":0,"_bbp_total_topic_count":0,"_bbp_total_reply_count":0,"_bbp_voice_count":0,"_bbp_anonymous_reply_count":0,"_bbp_topic_count_hidden":0,"_bbp_reply_count_hidden":0,"_bbp_forum_subforum_count":0,"site-sidebar-layout":"default","site-content-layout":"","ast-site-content-layout":"","site-content-style":"default","site-sidebar-style":"default","ast-global-header-display":"","ast-banner-title-visibility":"","ast-main-header-display":"","ast-hfb-above-header-display":"","ast-hfb-below-header-display":"","ast-hfb-mobile-header-display":"","site-post-title":"","ast-breadcrumbs-content":"","ast-featured-img":"","footer-sml-layout":"","theme-transparent-header-meta":"","adv-header-id-meta":"","stick-header-meta":"","header-above-stick-meta":"","header-main-stick-meta":"","header-below-stick-meta":"","astra-migrate-meta-layouts":"default","ast-page-background-enabled":"default","ast-page-background-meta":{"desktop":{"background-color":"var(--ast-global-color-4)","background-image":"","background-repeat":"repeat","background-position":"center center","background-size":"auto","background-attachment":"scroll","background-type":"","background-media":"","overlay-type":"","overlay-color":"","overlay-opacity":"","overlay-gradient":""},"tablet":{"background-color":"","background-image":"","background-repeat":"repeat","background-position":"center center","background-size":"auto","background-attachment":"scroll","background-type":"","background-media":"","overlay-type":"","overlay-color":"","overlay-opacity":"","overlay-gradient":""},"mobile":{"background-color":"","background-image":"","background-repeat":"repeat","background-position":"center center","background-size":"auto","background-attachment":"scroll","background-type":"","background-media":"","overlay-type":"","overlay-color":"","overlay-opacity":"","overlay-gradient":""}},"ast-content-background-meta":{"desktop":{"background-color":"var(--ast-global-color-5)","background-image":"","background-repeat":"repeat","background-position":"center center","background-size":"auto","background-attachment":"scroll","background-type":"","background-media":"","overlay-type":"","overlay-color":"","overlay-opacity":"","overlay-gradient":""},"tablet":{"background-color":"var(--ast-global-color-5)","background-image":"","background-repeat":"repeat","background-position":"center center","background-size":"auto","background-attachment":"scroll","background-type":"","background-media":"","overlay-type":"","overlay-color":"","overlay-opacity":"","overlay-gradient":""},"mobile":{"background-color":"var(--ast-global-color-5)","background-image":"","background-repeat":"repeat","background-position":"center center","background-size":"auto","background-attachment":"scroll","background-type":"","background-media":"","overlay-type":"","overlay-color":"","overlay-opacity":"","overlay-gradient":""}},"footnotes":""},"categories":[1,4],"tags":[703,701,702],"class_list":["post-17831","post","type-post","status-publish","format-standard","has-post-thumbnail","hentry","category-general","category-portada","tag-malalties-minoritaries","tag-marato","tag-tv3"],"post_mailing_queue_ids":[],"_links":{"self":[{"href":"https:\/\/agora.xtec.cat\/ceip-lesferreries-palafolls\/wp-json\/wp\/v2\/posts\/17831","targetHints":{"allow":["GET"]}}],"collection":[{"href":"https:\/\/agora.xtec.cat\/ceip-lesferreries-palafolls\/wp-json\/wp\/v2\/posts"}],"about":[{"href":"https:\/\/agora.xtec.cat\/ceip-lesferreries-palafolls\/wp-json\/wp\/v2\/types\/post"}],"author":[{"embeddable":true,"href":"https:\/\/agora.xtec.cat\/ceip-lesferreries-palafolls\/wp-json\/wp\/v2\/users\/65"}],"replies":[{"embeddable":true,"href":"https:\/\/agora.xtec.cat\/ceip-lesferreries-palafolls\/wp-json\/wp\/v2\/comments?post=17831"}],"version-history":[{"count":1,"href":"https:\/\/agora.xtec.cat\/ceip-lesferreries-palafolls\/wp-json\/wp\/v2\/posts\/17831\/revisions"}],"predecessor-version":[{"id":17834,"href":"https:\/\/agora.xtec.cat\/ceip-lesferreries-palafolls\/wp-json\/wp\/v2\/posts\/17831\/revisions\/17834"}],"wp:featuredmedia":[{"embeddable":true,"href":"https:\/\/agora.xtec.cat\/ceip-lesferreries-palafolls\/wp-json\/wp\/v2\/media\/17833"}],"wp:attachment":[{"href":"https:\/\/agora.xtec.cat\/ceip-lesferreries-palafolls\/wp-json\/wp\/v2\/media?parent=17831"}],"wp:term":[{"taxonomy":"category","embeddable":true,"href":"https:\/\/agora.xtec.cat\/ceip-lesferreries-palafolls\/wp-json\/wp\/v2\/categories?post=17831"},{"taxonomy":"post_tag","embeddable":true,"href":"https:\/\/agora.xtec.cat\/ceip-lesferreries-palafolls\/wp-json\/wp\/v2\/tags?post=17831"}],"curies":[{"name":"wp","href":"https:\/\/api.w.org\/{rel}","templated":true}]}}