{"id":17679,"date":"2019-11-04T09:17:54","date_gmt":"2019-11-04T08:17:54","guid":{"rendered":"http:\/\/agora.xtec.cat\/ceip-lesferreries-palafolls\/?p=17679"},"modified":"2019-11-06T10:18:36","modified_gmt":"2019-11-06T09:18:36","slug":"petits-canvis-per-menjar-millor","status":"publish","type":"post","link":"https:\/\/agora.xtec.cat\/ceip-lesferreries-palafolls\/general\/petits-canvis-per-menjar-millor\/","title":{"rendered":"Petits canvis per menjar millor"},"content":{"rendered":"<p>La guia aliment\u00e0ria PETITS CANVIS PER MENJAR MILLOR \u00e9s una nova eina desenvolupada en el marc de l\u2019estrat\u00e8gia PAAS (Pla integral per a la promoci\u00f3 de la salut mitjan\u00e7ant l\u2019activitat f\u00edsica i l\u2019alimentaci\u00f3 saludable).<br \/>\nAquest material ha estat liderat i coordinat per l\u2019Ag\u00e8ncia de Salut P\u00fablica de Catalunya (ASPCAT), amb la revisi\u00f3 i aportacions de 52 professionals de l\u2019\u00e0mbit de l\u2019alimentaci\u00f3, l\u2019educaci\u00f3, la salut comunit\u00e0ria, la comunicaci\u00f3, etc. Hi han participat 7 universitats, 6 departaments, 6 societats cient\u00edfiques i col\u00b7legis professionals, i 10 entitats, fundacions, associacions de consumidors i ONGs.<br \/>\nPETITS CANVIS PER MENJAR MILLOR consta de 3 models de cartell, un tr\u00edptic informatiu (un desplegable i una versi\u00f3 per visionar al web), una v\u00eddeo-c\u00e0psula i una guia, tot disponible a Canal Salut i al web de l\u2019ASPCAT.<br \/>\nAquest material s&#8217;estructura en tres grans grups de missatges senzills sobre els aliments i les conductes que cal potenciar, els que cal reduir i aquells que conv\u00e9 canviar-ne la qualitat o el tipus per tal de ser m\u00e9s saludables i respectuosos amb l&#8217;entorn. L\u2019objectiu \u00e9s donar eines als professionals i a la poblaci\u00f3 sobre aquells aspectes que, amb petits canvis, poden millorar de forma important la qualitat i la sostenibilitat de la nostra alimentaci\u00f3.<\/p>\n<p>En el seg\u00fcent enlla\u00e7 trobareu tota la informaci\u00f3:<\/p>\n<p><a href=\"http:\/\/canalsalut.gencat.cat\/ca\/vida-saludable\/alimentacio\/petits-canvis-per-menjar-millor\/\" target=\"_blank\" rel=\"noopener noreferrer\">http:\/\/canalsalut.gencat.cat\/ca\/vida-saludable\/alimentacio\/petits-canvis-per-menjar-millor\/<\/a><\/p>\n","protected":false},"excerpt":{"rendered":"<p>La guia aliment\u00e0ria PETITS CANVIS PER MENJAR MILLOR \u00e9s una nova eina desenvolupada en el marc de l\u2019estrat\u00e8gia PAAS (Pla integral per a la promoci\u00f3 de la salut mitjan\u00e7ant l\u2019activitat f\u00edsica i l\u2019alimentaci\u00f3 saludable). Aquest material ha estat liderat i coordinat per l\u2019Ag\u00e8ncia de Salut P\u00fablica de Catalunya (ASPCAT), amb la revisi\u00f3 i aportacions de [&hellip;]<\/p>\n","protected":false},"author":65,"featured_media":17680,"comment_status":"open","ping_status":"closed","sticky":false,"template":"","format":"standard","meta":{"_bbp_topic_count":0,"_bbp_reply_count":0,"_bbp_total_topic_count":0,"_bbp_total_reply_count":0,"_bbp_voice_count":0,"_bbp_anonymous_reply_count":0,"_bbp_topic_count_hidden":0,"_bbp_reply_count_hidden":0,"_bbp_forum_subforum_count":0,"site-sidebar-layout":"default","site-content-layout":"","ast-site-content-layout":"","site-content-style":"default","site-sidebar-style":"default","ast-global-header-display":"","ast-banner-title-visibility":"","ast-main-header-display":"","ast-hfb-above-header-display":"","ast-hfb-below-header-display":"","ast-hfb-mobile-header-display":"","site-post-title":"","ast-breadcrumbs-content":"","ast-featured-img":"","footer-sml-layout":"","theme-transparent-header-meta":"","adv-header-id-meta":"","stick-header-meta":"","header-above-stick-meta":"","header-main-stick-meta":"","header-below-stick-meta":"","astra-migrate-meta-layouts":"default","ast-page-background-enabled":"default","ast-page-background-meta":{"desktop":{"background-color":"var(--ast-global-color-4)","background-image":"","background-repeat":"repeat","background-position":"center center","background-size":"auto","background-attachment":"scroll","background-type":"","background-media":"","overlay-type":"","overlay-color":"","overlay-opacity":"","overlay-gradient":""},"tablet":{"background-color":"","background-image":"","background-repeat":"repeat","background-position":"center center","background-size":"auto","background-attachment":"scroll","background-type":"","background-media":"","overlay-type":"","overlay-color":"","overlay-opacity":"","overlay-gradient":""},"mobile":{"background-color":"","background-image":"","background-repeat":"repeat","background-position":"center center","background-size":"auto","background-attachment":"scroll","background-type":"","background-media":"","overlay-type":"","overlay-color":"","overlay-opacity":"","overlay-gradient":""}},"ast-content-background-meta":{"desktop":{"background-color":"var(--ast-global-color-5)","background-image":"","background-repeat":"repeat","background-position":"center center","background-size":"auto","background-attachment":"scroll","background-type":"","background-media":"","overlay-type":"","overlay-color":"","overlay-opacity":"","overlay-gradient":""},"tablet":{"background-color":"var(--ast-global-color-5)","background-image":"","background-repeat":"repeat","background-position":"center center","background-size":"auto","background-attachment":"scroll","background-type":"","background-media":"","overlay-type":"","overlay-color":"","overlay-opacity":"","overlay-gradient":""},"mobile":{"background-color":"var(--ast-global-color-5)","background-image":"","background-repeat":"repeat","background-position":"center center","background-size":"auto","background-attachment":"scroll","background-type":"","background-media":"","overlay-type":"","overlay-color":"","overlay-opacity":"","overlay-gradient":""}},"footnotes":""},"categories":[372,54,1,4],"tags":[445,691,690],"class_list":["post-17679","post","type-post","status-publish","format-standard","has-post-thumbnail","hentry","category-coneixement-del-medi-5e","category-educacio-fisica","category-general","category-portada","tag-alimentacio","tag-habits-saludables","tag-menjar-saludable"],"post_mailing_queue_ids":[],"_links":{"self":[{"href":"https:\/\/agora.xtec.cat\/ceip-lesferreries-palafolls\/wp-json\/wp\/v2\/posts\/17679","targetHints":{"allow":["GET"]}}],"collection":[{"href":"https:\/\/agora.xtec.cat\/ceip-lesferreries-palafolls\/wp-json\/wp\/v2\/posts"}],"about":[{"href":"https:\/\/agora.xtec.cat\/ceip-lesferreries-palafolls\/wp-json\/wp\/v2\/types\/post"}],"author":[{"embeddable":true,"href":"https:\/\/agora.xtec.cat\/ceip-lesferreries-palafolls\/wp-json\/wp\/v2\/users\/65"}],"replies":[{"embeddable":true,"href":"https:\/\/agora.xtec.cat\/ceip-lesferreries-palafolls\/wp-json\/wp\/v2\/comments?post=17679"}],"version-history":[{"count":1,"href":"https:\/\/agora.xtec.cat\/ceip-lesferreries-palafolls\/wp-json\/wp\/v2\/posts\/17679\/revisions"}],"predecessor-version":[{"id":17681,"href":"https:\/\/agora.xtec.cat\/ceip-lesferreries-palafolls\/wp-json\/wp\/v2\/posts\/17679\/revisions\/17681"}],"wp:featuredmedia":[{"embeddable":true,"href":"https:\/\/agora.xtec.cat\/ceip-lesferreries-palafolls\/wp-json\/wp\/v2\/media\/17680"}],"wp:attachment":[{"href":"https:\/\/agora.xtec.cat\/ceip-lesferreries-palafolls\/wp-json\/wp\/v2\/media?parent=17679"}],"wp:term":[{"taxonomy":"category","embeddable":true,"href":"https:\/\/agora.xtec.cat\/ceip-lesferreries-palafolls\/wp-json\/wp\/v2\/categories?post=17679"},{"taxonomy":"post_tag","embeddable":true,"href":"https:\/\/agora.xtec.cat\/ceip-lesferreries-palafolls\/wp-json\/wp\/v2\/tags?post=17679"}],"curies":[{"name":"wp","href":"https:\/\/api.w.org\/{rel}","templated":true}]}}