{"id":17646,"date":"2019-10-30T22:00:25","date_gmt":"2019-10-30T21:00:25","guid":{"rendered":"http:\/\/agora.xtec.cat\/ceip-lesferreries-palafolls\/?p=17646"},"modified":"2025-10-20T10:12:29","modified_gmt":"2025-10-20T08:12:29","slug":"castanyada-2019","status":"publish","type":"post","link":"https:\/\/agora.xtec.cat\/ceip-lesferreries-palafolls\/general\/castanyada-2019\/","title":{"rendered":"Castanyada 2019"},"content":{"rendered":"<p>Avui, dimecres 30 d&#8217;octubre, un any m\u00e9s hem celebrat castanyada.<\/p>\n<p>Pel mat\u00ed, els d&#8217;educaci\u00f3 infantil, cicle inicial i 4t han fet tallers relacionats amb aquesta tradici\u00f3 (paperines, dinerets, panellets, &#8230;)<\/p>\n<p>Al mateix temps, els nens i nenes de 3r han anat a l&#8217;Institut Font del Ferro, on els alumnes de l&#8217;IES els hi han preparat un t\u00fanel del terror anomenat &#8220;<em>Font del Terror<\/em>&#8220;. Tamb\u00e9 ens han deixat veure com estaven terror\u00edficament decorades les portes de les aules.<\/p>\n<p>Totes aquestes activitats abans del pati. Un cop ha acabat l&#8217;esbarjo, ens hem trobat tota l&#8217;escola a la pista, des dels m\u00e9s petitons als m\u00e9s grans, per ballar les seg\u00fcents can\u00e7ons:<\/p>\n<ul>\n<li>EI3: <em>La castanyera<\/em><\/li>\n<li>EI4: <em>Les castanyes peten peten<\/em><\/li>\n<li>EI5:\u00a0<em>Pet patum<\/em><\/li>\n<li>1r i 2n de prim\u00e0ria:\u00a0<em>Torrem castanyes<\/em><\/li>\n<li>3r de prim\u00e0ria:\u00a0<em>Dansa alemanya<\/em><\/li>\n<li>4t de prim\u00e0ria:\u00a0<em>Dansa de Gal\u00b7les<\/em><\/li>\n<li>5\u00e8 de prim\u00e0ria:\u00a0<em>La Castanya<\/em><\/li>\n<li>6\u00e8 de prim\u00e0ria:\u00a0<em>Santa Espina<\/em><\/li>\n<\/ul>\n<p>Per la tarda hem continuat celebrant la castanyada menjant castanyes i ballant tots junts al pati.<\/p>\n<p>En els seg\u00fcents enlla\u00e7os trobareu les fotos de les diferents activitats que hem fet avui. BONA CASTANYADA!!!!<\/p>\n<p><a href=\"https:\/\/photos.app.goo.gl\/uuD55DLQRNotQ7ho6\" target=\"_blank\" rel=\"noopener noreferrer\">Tallers educaci\u00f3 infantil mat\u00ed<\/a><\/p>\n<p><a href=\"https:\/\/photos.app.goo.gl\/9VwbMsF2ktmm88yj6\" target=\"_blank\" rel=\"noopener noreferrer\">Tallers Cicle Inicial (1r i 2n) mat\u00ed<\/a><\/p>\n<p><a href=\"https:\/\/photos.app.goo.gl\/mRdChpb6CaSugrBM7\" target=\"_blank\" rel=\"noopener noreferrer\">Sortida 3r a l&#8217;Institut<\/a><\/p>\n<p><a href=\"https:\/\/photos.app.goo.gl\/NQCd7Z97otGjczra6\" target=\"_blank\" rel=\"noopener noreferrer\">Tallers 4t de prim\u00e0ria mat\u00ed<\/a><\/p>\n<p><a href=\"https:\/\/photos.app.goo.gl\/5QLykxVvKnwkUnYT7\" target=\"_blank\" rel=\"noopener noreferrer\">Balls castanyada<\/a><\/p>\n<p><a href=\"https:\/\/photos.app.goo.gl\/FXPhw6buJarmvWh2A\" target=\"_blank\" rel=\"noopener noreferrer\">Festa castanyada tarda<\/a><\/p>\n","protected":false},"excerpt":{"rendered":"<p>Avui, dimecres 30 d&#8217;octubre, un any m\u00e9s hem celebrat castanyada. Pel mat\u00ed, els d&#8217;educaci\u00f3 infantil, cicle inicial i 4t han fet tallers relacionats amb aquesta tradici\u00f3 (paperines, dinerets, panellets, &#8230;) Al mateix temps, els nens i nenes de 3r han anat a l&#8217;Institut Font del Ferro, on els alumnes de l&#8217;IES els hi han preparat [&hellip;]<\/p>\n","protected":false},"author":65,"featured_media":17643,"comment_status":"open","ping_status":"closed","sticky":false,"template":"","format":"standard","meta":{"_bbp_topic_count":0,"_bbp_reply_count":0,"_bbp_total_topic_count":0,"_bbp_total_reply_count":0,"_bbp_voice_count":0,"_bbp_anonymous_reply_count":0,"_bbp_topic_count_hidden":0,"_bbp_reply_count_hidden":0,"_bbp_forum_subforum_count":0,"site-sidebar-layout":"default","site-content-layout":"","ast-site-content-layout":"","site-content-style":"default","site-sidebar-style":"default","ast-global-header-display":"","ast-banner-title-visibility":"","ast-main-header-display":"","ast-hfb-above-header-display":"","ast-hfb-below-header-display":"","ast-hfb-mobile-header-display":"","site-post-title":"","ast-breadcrumbs-content":"","ast-featured-img":"","footer-sml-layout":"","theme-transparent-header-meta":"","adv-header-id-meta":"","stick-header-meta":"","header-above-stick-meta":"","header-main-stick-meta":"","header-below-stick-meta":"","astra-migrate-meta-layouts":"default","ast-page-background-enabled":"default","ast-page-background-meta":{"desktop":{"background-color":"var(--ast-global-color-4)","background-image":"","background-repeat":"repeat","background-position":"center center","background-size":"auto","background-attachment":"scroll","background-type":"","background-media":"","overlay-type":"","overlay-color":"","overlay-opacity":"","overlay-gradient":""},"tablet":{"background-color":"","background-image":"","background-repeat":"repeat","background-position":"center center","background-size":"auto","background-attachment":"scroll","background-type":"","background-media":"","overlay-type":"","overlay-color":"","overlay-opacity":"","overlay-gradient":""},"mobile":{"background-color":"","background-image":"","background-repeat":"repeat","background-position":"center center","background-size":"auto","background-attachment":"scroll","background-type":"","background-media":"","overlay-type":"","overlay-color":"","overlay-opacity":"","overlay-gradient":""}},"ast-content-background-meta":{"desktop":{"background-color":"var(--ast-global-color-5)","background-image":"","background-repeat":"repeat","background-position":"center center","background-size":"auto","background-attachment":"scroll","background-type":"","background-media":"","overlay-type":"","overlay-color":"","overlay-opacity":"","overlay-gradient":""},"tablet":{"background-color":"var(--ast-global-color-5)","background-image":"","background-repeat":"repeat","background-position":"center center","background-size":"auto","background-attachment":"scroll","background-type":"","background-media":"","overlay-type":"","overlay-color":"","overlay-opacity":"","overlay-gradient":""},"mobile":{"background-color":"var(--ast-global-color-5)","background-image":"","background-repeat":"repeat","background-position":"center center","background-size":"auto","background-attachment":"scroll","background-type":"","background-media":"","overlay-type":"","overlay-color":"","overlay-opacity":"","overlay-gradient":""}},"footnotes":""},"categories":[668,669,571,572,502,503,504,22,1086,1087,34,1,4],"tags":[557,255,398],"class_list":["post-17646","post","type-post","status-publish","format-standard","has-post-thumbnail","hentry","category-2019-2028-grup-a","category-2019-2028-grup-b","category-18-27-a","category-16-27-b","category-gr01","category-gr02","category-gr03","category-activitats","category-cicle-mitja","category-cicle-superior","category-festes-populars","category-general","category-portada","tag-balls","tag-castanyada","tag-tallers"],"post_mailing_queue_ids":[],"_links":{"self":[{"href":"https:\/\/agora.xtec.cat\/ceip-lesferreries-palafolls\/wp-json\/wp\/v2\/posts\/17646","targetHints":{"allow":["GET"]}}],"collection":[{"href":"https:\/\/agora.xtec.cat\/ceip-lesferreries-palafolls\/wp-json\/wp\/v2\/posts"}],"about":[{"href":"https:\/\/agora.xtec.cat\/ceip-lesferreries-palafolls\/wp-json\/wp\/v2\/types\/post"}],"author":[{"embeddable":true,"href":"https:\/\/agora.xtec.cat\/ceip-lesferreries-palafolls\/wp-json\/wp\/v2\/users\/65"}],"replies":[{"embeddable":true,"href":"https:\/\/agora.xtec.cat\/ceip-lesferreries-palafolls\/wp-json\/wp\/v2\/comments?post=17646"}],"version-history":[{"count":1,"href":"https:\/\/agora.xtec.cat\/ceip-lesferreries-palafolls\/wp-json\/wp\/v2\/posts\/17646\/revisions"}],"predecessor-version":[{"id":17647,"href":"https:\/\/agora.xtec.cat\/ceip-lesferreries-palafolls\/wp-json\/wp\/v2\/posts\/17646\/revisions\/17647"}],"wp:featuredmedia":[{"embeddable":true,"href":"https:\/\/agora.xtec.cat\/ceip-lesferreries-palafolls\/wp-json\/wp\/v2\/media\/17643"}],"wp:attachment":[{"href":"https:\/\/agora.xtec.cat\/ceip-lesferreries-palafolls\/wp-json\/wp\/v2\/media?parent=17646"}],"wp:term":[{"taxonomy":"category","embeddable":true,"href":"https:\/\/agora.xtec.cat\/ceip-lesferreries-palafolls\/wp-json\/wp\/v2\/categories?post=17646"},{"taxonomy":"post_tag","embeddable":true,"href":"https:\/\/agora.xtec.cat\/ceip-lesferreries-palafolls\/wp-json\/wp\/v2\/tags?post=17646"}],"curies":[{"name":"wp","href":"https:\/\/api.w.org\/{rel}","templated":true}]}}