{"id":17632,"date":"2019-11-13T08:46:58","date_gmt":"2019-11-13T07:46:58","guid":{"rendered":"http:\/\/agora.xtec.cat\/ceip-lesferreries-palafolls\/?p=17632"},"modified":"2019-11-13T08:46:58","modified_gmt":"2019-11-13T07:46:58","slug":"reciclem-els-medicaments","status":"publish","type":"post","link":"https:\/\/agora.xtec.cat\/ceip-lesferreries-palafolls\/general\/reciclem-els-medicaments\/","title":{"rendered":"Reciclem els medicaments!"},"content":{"rendered":"<p>Els nois i les noies de 6\u00e8A, a l&#8217;\u00e0rea de Coneixement del medi, han preparat uns v\u00eddeos per conscienciar-nos, de la import\u00e0ncia de la recollida selectiva dels medicaments.<\/p>\n<p>La recollida selectiva de medicaments cal fer-la amb els medicaments caducats, medicaments que no es necessiten, caixes de medicaments i envasos buits o amb restes.<\/p>\n<p style=\"text-align: left;\"><a href=\"https:\/\/photos.app.goo.gl\/tSYKUp6RUMsecczy7\">&#8211; V\u00eddeo 1<\/a><\/p>\n<p><a href=\"https:\/\/photos.app.goo.gl\/gWL19XJCFSzyfzAZ8\">&#8211; V\u00eddeo 2<\/a><\/p>\n<p><a href=\"https:\/\/photos.app.goo.gl\/GSbiA4S4uNnj1GtVA\">&#8211; V\u00eddeo 3<\/a><\/p>\n<p><a href=\"https:\/\/photos.app.goo.gl\/5UM7LboFao76KEBQ8\">&#8211; V\u00eddeo 4<\/a><\/p>\n<p><a href=\"https:\/\/photos.app.goo.gl\/XCBKgGfScmPM1AoG8\">&#8211; V\u00eddeo 5<\/a><\/p>\n<p><a href=\"https:\/\/photos.app.goo.gl\/gNPstFPaYXZT52U56\">&#8211; V\u00eddeo 6<\/a><\/p>\n<p><a href=\"https:\/\/photos.app.goo.gl\/pQQN2XMW2kswVRPC8\">&#8211; V\u00eddeo 7<\/a><\/p>\n<p><a href=\"https:\/\/youtu.be\/jVtyZcRwEFU\">&#8211; V\u00eddeo 8<\/a><\/p>\n<p><a href=\"https:\/\/photos.app.goo.gl\/RLxFGZ7i9pFDp9rA9\">&#8211; V\u00eddeo 9<\/a><\/p>\n<p><a href=\"https:\/\/photos.app.goo.gl\/9sScZoLWF1Pa2yFz8\">&#8211; V\u00eddeo 10<\/a><\/p>\n","protected":false},"excerpt":{"rendered":"<p>Els nois i les noies de 6\u00e8A, a l&#8217;\u00e0rea de Coneixement del medi, han preparat uns v\u00eddeos per conscienciar-nos, de la import\u00e0ncia de la recollida selectiva dels medicaments. La recollida selectiva de medicaments cal fer-la amb els medicaments caducats, medicaments que no es necessiten, caixes de medicaments i envasos buits o amb restes. &#8211; V\u00eddeo [&hellip;]<\/p>\n","protected":false},"author":1,"featured_media":17637,"comment_status":"open","ping_status":"closed","sticky":false,"template":"","format":"standard","meta":{"_bbp_topic_count":0,"_bbp_reply_count":0,"_bbp_total_topic_count":0,"_bbp_total_reply_count":0,"_bbp_voice_count":0,"_bbp_anonymous_reply_count":0,"_bbp_topic_count_hidden":0,"_bbp_reply_count_hidden":0,"_bbp_forum_subforum_count":0,"site-sidebar-layout":"default","site-content-layout":"","ast-site-content-layout":"","site-content-style":"default","site-sidebar-style":"default","ast-global-header-display":"","ast-banner-title-visibility":"","ast-main-header-display":"","ast-hfb-above-header-display":"","ast-hfb-below-header-display":"","ast-hfb-mobile-header-display":"","site-post-title":"","ast-breadcrumbs-content":"","ast-featured-img":"","footer-sml-layout":"","theme-transparent-header-meta":"","adv-header-id-meta":"","stick-header-meta":"","header-above-stick-meta":"","header-main-stick-meta":"","header-below-stick-meta":"","astra-migrate-meta-layouts":"default","ast-page-background-enabled":"default","ast-page-background-meta":{"desktop":{"background-color":"var(--ast-global-color-4)","background-image":"","background-repeat":"repeat","background-position":"center center","background-size":"auto","background-attachment":"scroll","background-type":"","background-media":"","overlay-type":"","overlay-color":"","overlay-opacity":"","overlay-gradient":""},"tablet":{"background-color":"","background-image":"","background-repeat":"repeat","background-position":"center center","background-size":"auto","background-attachment":"scroll","background-type":"","background-media":"","overlay-type":"","overlay-color":"","overlay-opacity":"","overlay-gradient":""},"mobile":{"background-color":"","background-image":"","background-repeat":"repeat","background-position":"center center","background-size":"auto","background-attachment":"scroll","background-type":"","background-media":"","overlay-type":"","overlay-color":"","overlay-opacity":"","overlay-gradient":""}},"ast-content-background-meta":{"desktop":{"background-color":"var(--ast-global-color-5)","background-image":"","background-repeat":"repeat","background-position":"center center","background-size":"auto","background-attachment":"scroll","background-type":"","background-media":"","overlay-type":"","overlay-color":"","overlay-opacity":"","overlay-gradient":""},"tablet":{"background-color":"var(--ast-global-color-5)","background-image":"","background-repeat":"repeat","background-position":"center center","background-size":"auto","background-attachment":"scroll","background-type":"","background-media":"","overlay-type":"","overlay-color":"","overlay-opacity":"","overlay-gradient":""},"mobile":{"background-color":"var(--ast-global-color-5)","background-image":"","background-repeat":"repeat","background-position":"center center","background-size":"auto","background-attachment":"scroll","background-type":"","background-media":"","overlay-type":"","overlay-color":"","overlay-opacity":"","overlay-gradient":""}},"footnotes":""},"categories":[372,1,4],"tags":[],"class_list":["post-17632","post","type-post","status-publish","format-standard","has-post-thumbnail","hentry","category-coneixement-del-medi-5e","category-general","category-portada"],"post_mailing_queue_ids":[],"_links":{"self":[{"href":"https:\/\/agora.xtec.cat\/ceip-lesferreries-palafolls\/wp-json\/wp\/v2\/posts\/17632","targetHints":{"allow":["GET"]}}],"collection":[{"href":"https:\/\/agora.xtec.cat\/ceip-lesferreries-palafolls\/wp-json\/wp\/v2\/posts"}],"about":[{"href":"https:\/\/agora.xtec.cat\/ceip-lesferreries-palafolls\/wp-json\/wp\/v2\/types\/post"}],"author":[{"embeddable":true,"href":"https:\/\/agora.xtec.cat\/ceip-lesferreries-palafolls\/wp-json\/wp\/v2\/users\/1"}],"replies":[{"embeddable":true,"href":"https:\/\/agora.xtec.cat\/ceip-lesferreries-palafolls\/wp-json\/wp\/v2\/comments?post=17632"}],"version-history":[{"count":3,"href":"https:\/\/agora.xtec.cat\/ceip-lesferreries-palafolls\/wp-json\/wp\/v2\/posts\/17632\/revisions"}],"predecessor-version":[{"id":17771,"href":"https:\/\/agora.xtec.cat\/ceip-lesferreries-palafolls\/wp-json\/wp\/v2\/posts\/17632\/revisions\/17771"}],"wp:featuredmedia":[{"embeddable":true,"href":"https:\/\/agora.xtec.cat\/ceip-lesferreries-palafolls\/wp-json\/wp\/v2\/media\/17637"}],"wp:attachment":[{"href":"https:\/\/agora.xtec.cat\/ceip-lesferreries-palafolls\/wp-json\/wp\/v2\/media?parent=17632"}],"wp:term":[{"taxonomy":"category","embeddable":true,"href":"https:\/\/agora.xtec.cat\/ceip-lesferreries-palafolls\/wp-json\/wp\/v2\/categories?post=17632"},{"taxonomy":"post_tag","embeddable":true,"href":"https:\/\/agora.xtec.cat\/ceip-lesferreries-palafolls\/wp-json\/wp\/v2\/tags?post=17632"}],"curies":[{"name":"wp","href":"https:\/\/api.w.org\/{rel}","templated":true}]}}