{"id":1549,"date":"2022-08-01T15:00:01","date_gmt":"2022-08-01T13:00:01","guid":{"rendered":"http:\/\/agora.xtec.cat\/ceip-lesferreries-palafolls\/?p=1549"},"modified":"2022-09-18T22:05:45","modified_gmt":"2022-09-18T20:05:45","slug":"junta-de-lampa","status":"publish","type":"post","link":"https:\/\/agora.xtec.cat\/ceip-lesferreries-palafolls\/portada\/junta-de-lampa\/","title":{"rendered":"Benvinguts al nou espai de l&#8217;AMPA!\u00a0"},"content":{"rendered":"<p><span style=\"font-weight: 400;\">\u00a0<\/span><\/p>\n<p style=\"text-align: justify;\"><span style=\"font-weight: 400;\">A molts de nosaltres de ben segur que ens coneixereu per ser els pares i mares d&#8217;aquell nen o nena que va la classe dels vostres fills i filles, per\u00f2 el que potser no sabeu \u00e9s quina tasca fem dins de l&#8217;escola, aix\u00ed que hem pensat que hauriem de presentar-nos. N<\/span><span style=\"font-weight: 400;\">osaltres formem part de l&#8217;AMPA i aquests s\u00f3n els nostres c\u00e0rregs:<\/span><\/p>\n<p style=\"text-align: center;\"><b>President. <\/b>Tony Goula.<\/p>\n<p style=\"text-align: center;\"><b>Vicepresidenta.<\/b><span style=\"font-weight: 400;\"> Magda Serrano.<\/span><\/p>\n<p style=\"text-align: center;\"><b>Tresorera.<\/b><span style=\"font-weight: 400;\"> Irene Aguilar.<\/span><\/p>\n<p style=\"text-align: center;\"><b>Secret\u00e0ria. <\/b><span style=\"font-weight: 400;\">Laura Vergel.<\/span><\/p>\n<p>&nbsp;<\/p>\n<p>&nbsp;<\/p>\n<p style=\"text-align: justify;\"><span style=\"font-weight: 400;\">L&#8217;assemblea anual amb els socis, es celebra pels volts del mes d\u2019octubre i <span style=\"text-decoration: underline;\"><strong>sempre estem oberts a noves incorporacions a la junta,<\/strong><\/span>per\u00f2 els nomenaments s&#8217;han de fer\u00a0durant les reunions. Us esperem a la propera i desitgem poder comptar amb la vostra ajuda.<\/span><\/p>\n<p style=\"text-align: justify;\"><span style=\"font-weight: 400;\">La Comunitat Educativa la formem tots, mestres, pares, AMPA, etc\u2026 \u00e9s per aix\u00f2 que agra\u00efm molt la participaci\u00f3 desinteressada de tots aquells pares i mares que ens ajuden a tirar endavant les nostres propostes i projectes. Per aquest motiu,\u00a0<\/span><span style=\"font-weight: 400;\">us volem explicar, qu\u00e8 \u00e9s un AMPA, quines funcions t\u00e9 i qu\u00e8 fem pels alumnes del centre. <strong><a href=\"https:\/\/docs.google.com\/presentation\/d\/e\/2PACX-1vRj5NZOQi_LM83tHlESyL3vR0IjOk0NtTrxHLbrduWx4WiKUeYAErLC6BJR978SdcPnZh_r9UpxfYSK\/pub?start=true&amp;loop=false&amp;delayms=15000\" target=\"_blank\" rel=\"noopener\">Ens voleu con\u00e8ixer?<\/a> \ud83d\ude09<\/strong><\/span><\/p>\n<p style=\"text-align: justify;\"><span style=\"font-weight: 400;\">Us animem a continuar participant de les diferents activitats que organitzem.\u00a0<\/span><\/p>\n<p style=\"text-align: justify;\"><span style=\"font-weight: 400;\">Si voleu m\u00e9s informaci\u00f3 sobre <a href=\"https:\/\/agora.xtec.cat\/ceip-lesferreries-palafolls\/portada\/pagament-quota-ampa-i-agendes\/\" target=\"_blank\" rel=\"noopener noreferrer\">quotes<\/a>, activitats <a href=\"https:\/\/agora.xtec.cat\/ceip-lesferreries-palafolls\/serveis-3\/extrescolars\/\" target=\"_blank\" rel=\"noopener noreferrer\">extraescolars<\/a> i <a href=\"https:\/\/agora.xtec.cat\/ceip-lesferreries-palafolls\/general\/compra-de-roba-ampa\/\" target=\"_blank\" rel=\"noopener noreferrer\">compra de roba<\/a> premeu a sobre de cada tema.<\/span><\/p>\n<p style=\"text-align: justify;\"><span style=\"font-weight: 400;\">Si voleu contactar amb nosaltres, ens podeu enviar un missatge des de l&#8217;aplicaci\u00f3 de l&#8217;escola dins l&#8217;apartat &#8220;contacte&#8221;. Tamb\u00e9 podeu posar-vos en contacte escrivint al correu electr\u00f2nic <\/span><a href=\"mailto:ampaferreries2010@hotmail.com\"><span style=\"font-weight: 400;\">ampaferreries2010<span class=\"\">@hotmail.com<\/span><\/span><\/a><\/p>\n<p style=\"text-align: justify;\"><strong><span style=\"text-decoration: underline;\"><em>AMPA FERRERIES<\/em><\/span><\/strong><\/p>\n","protected":false},"excerpt":{"rendered":"<p>\u00a0 A molts de nosaltres de ben segur que ens coneixereu per ser els pares i mares d&#8217;aquell nen o nena que va la classe dels vostres fills i filles, per\u00f2 el que potser no sabeu \u00e9s quina tasca fem dins de l&#8217;escola, aix\u00ed que hem pensat que hauriem de presentar-nos. Nosaltres formem part de [&hellip;]<\/p>\n","protected":false},"author":1,"featured_media":18567,"comment_status":"open","ping_status":"closed","sticky":false,"template":"","format":"standard","meta":{"_bbp_topic_count":0,"_bbp_reply_count":0,"_bbp_total_topic_count":0,"_bbp_total_reply_count":0,"_bbp_voice_count":0,"_bbp_anonymous_reply_count":0,"_bbp_topic_count_hidden":0,"_bbp_reply_count_hidden":0,"_bbp_forum_subforum_count":0,"site-sidebar-layout":"default","site-content-layout":"","ast-site-content-layout":"","site-content-style":"default","site-sidebar-style":"default","ast-global-header-display":"","ast-banner-title-visibility":"","ast-main-header-display":"","ast-hfb-above-header-display":"","ast-hfb-below-header-display":"","ast-hfb-mobile-header-display":"","site-post-title":"","ast-breadcrumbs-content":"","ast-featured-img":"","footer-sml-layout":"","theme-transparent-header-meta":"","adv-header-id-meta":"","stick-header-meta":"","header-above-stick-meta":"","header-main-stick-meta":"","header-below-stick-meta":"","astra-migrate-meta-layouts":"default","ast-page-background-enabled":"default","ast-page-background-meta":{"desktop":{"background-color":"var(--ast-global-color-4)","background-image":"","background-repeat":"repeat","background-position":"center center","background-size":"auto","background-attachment":"scroll","background-type":"","background-media":"","overlay-type":"","overlay-color":"","overlay-opacity":"","overlay-gradient":""},"tablet":{"background-color":"","background-image":"","background-repeat":"repeat","background-position":"center center","background-size":"auto","background-attachment":"scroll","background-type":"","background-media":"","overlay-type":"","overlay-color":"","overlay-opacity":"","overlay-gradient":""},"mobile":{"background-color":"","background-image":"","background-repeat":"repeat","background-position":"center center","background-size":"auto","background-attachment":"scroll","background-type":"","background-media":"","overlay-type":"","overlay-color":"","overlay-opacity":"","overlay-gradient":""}},"ast-content-background-meta":{"desktop":{"background-color":"var(--ast-global-color-5)","background-image":"","background-repeat":"repeat","background-position":"center center","background-size":"auto","background-attachment":"scroll","background-type":"","background-media":"","overlay-type":"","overlay-color":"","overlay-opacity":"","overlay-gradient":""},"tablet":{"background-color":"var(--ast-global-color-5)","background-image":"","background-repeat":"repeat","background-position":"center center","background-size":"auto","background-attachment":"scroll","background-type":"","background-media":"","overlay-type":"","overlay-color":"","overlay-opacity":"","overlay-gradient":""},"mobile":{"background-color":"var(--ast-global-color-5)","background-image":"","background-repeat":"repeat","background-position":"center center","background-size":"auto","background-attachment":"scroll","background-type":"","background-media":"","overlay-type":"","overlay-color":"","overlay-opacity":"","overlay-gradient":""}},"footnotes":""},"categories":[7,4],"tags":[134,135,137,139,138,136],"class_list":["post-1549","post","type-post","status-publish","format-standard","has-post-thumbnail","hentry","category-afa","category-portada","tag-ampa","tag-junta-directiva","tag-presidenta","tag-secretaria","tag-tresorera","tag-vocal"],"post_mailing_queue_ids":[],"_links":{"self":[{"href":"https:\/\/agora.xtec.cat\/ceip-lesferreries-palafolls\/wp-json\/wp\/v2\/posts\/1549","targetHints":{"allow":["GET"]}}],"collection":[{"href":"https:\/\/agora.xtec.cat\/ceip-lesferreries-palafolls\/wp-json\/wp\/v2\/posts"}],"about":[{"href":"https:\/\/agora.xtec.cat\/ceip-lesferreries-palafolls\/wp-json\/wp\/v2\/types\/post"}],"author":[{"embeddable":true,"href":"https:\/\/agora.xtec.cat\/ceip-lesferreries-palafolls\/wp-json\/wp\/v2\/users\/1"}],"replies":[{"embeddable":true,"href":"https:\/\/agora.xtec.cat\/ceip-lesferreries-palafolls\/wp-json\/wp\/v2\/comments?post=1549"}],"version-history":[{"count":3,"href":"https:\/\/agora.xtec.cat\/ceip-lesferreries-palafolls\/wp-json\/wp\/v2\/posts\/1549\/revisions"}],"predecessor-version":[{"id":21299,"href":"https:\/\/agora.xtec.cat\/ceip-lesferreries-palafolls\/wp-json\/wp\/v2\/posts\/1549\/revisions\/21299"}],"wp:featuredmedia":[{"embeddable":true,"href":"https:\/\/agora.xtec.cat\/ceip-lesferreries-palafolls\/wp-json\/wp\/v2\/media\/18567"}],"wp:attachment":[{"href":"https:\/\/agora.xtec.cat\/ceip-lesferreries-palafolls\/wp-json\/wp\/v2\/media?parent=1549"}],"wp:term":[{"taxonomy":"category","embeddable":true,"href":"https:\/\/agora.xtec.cat\/ceip-lesferreries-palafolls\/wp-json\/wp\/v2\/categories?post=1549"},{"taxonomy":"post_tag","embeddable":true,"href":"https:\/\/agora.xtec.cat\/ceip-lesferreries-palafolls\/wp-json\/wp\/v2\/tags?post=1549"}],"curies":[{"name":"wp","href":"https:\/\/api.w.org\/{rel}","templated":true}]}}