{"id":1425,"date":"2015-09-21T23:29:07","date_gmt":"2015-09-21T21:29:07","guid":{"rendered":"http:\/\/blocs.xtec.cat\/lesferreriespalafolls\/?p=1195"},"modified":"2016-02-13T20:41:35","modified_gmt":"2016-02-13T19:41:35","slug":"canco-de-kinesiologia-3r","status":"publish","type":"post","link":"https:\/\/agora.xtec.cat\/ceip-lesferreries-palafolls\/general\/canco-de-kinesiologia-3r\/","title":{"rendered":"Kinesiologia a Tercer"},"content":{"rendered":"<p>Potser alguns no heu sentit mai a parlar de la Kinesiologia. Cada mat\u00ed, els vostres fills i filles fan uns exercicis &#8220;Els connectors&#8221;. Us explicarem com pot influir la kineslogia en els aprenentatges.<br \/>\nConcretament treballem BRAIN GYM que \u00e9s una branca de la kinesionologia destinada a potenciar les habilitats d&#8217;aprenentatge innates de la persona a trav\u00e9s de moviments i de les seves relacions amb els patrons d&#8217;aprenentatge de tot el cervell. Aquesta, va ser creada per Dr Paul Dennison de California.<br \/>\nConsisteix en una s\u00e8rie d&#8217;exercicis d&#8217;estimulaci\u00f3 cerebral. Est\u00e0 comprovat que treballar BRAIN GYM amb nens i nenes t\u00e9 molts beneficis, ja que millora la comprensi\u00f3, l&#8217;expressi\u00f3, organitzaci\u00f3, planificaci\u00f3, mem\u00f2ria, integraci\u00f3 hemisf\u00e8rica cerebral i el benefici f\u00edsic-emocional.<\/p>\n<p><iframe loading=\"lazy\" src=\"https:\/\/www.youtube.com\/embed\/i5tJvY_P9vg\" width=\"560\" height=\"315\" frameborder=\"0\" allowfullscreen=\"allowfullscreen\"><\/iframe><\/p>\n<p>Si voleu saber m\u00e9s sobre la Kinesiologia, podeu visitar el seg\u00fcent <a href=\"http:\/\/blocs.xtec.cat\/lakinesiologiaalaula\/\">enlla\u00e7<\/a>.<\/p>\n","protected":false},"excerpt":{"rendered":"<p>Potser alguns no heu sentit mai a parlar de la Kinesiologia. Cada mat\u00ed, els vostres fills i filles fan uns exercicis &#8220;Els connectors&#8221;. Us explicarem com pot influir la kineslogia en els aprenentatges. Concretament treballem BRAIN GYM que \u00e9s una branca de la kinesionologia destinada a potenciar les habilitats d&#8217;aprenentatge innates de la persona a [&hellip;]<\/p>\n","protected":false},"author":1,"featured_media":0,"comment_status":"open","ping_status":"open","sticky":false,"template":"","format":"standard","meta":{"_bbp_topic_count":0,"_bbp_reply_count":0,"_bbp_total_topic_count":0,"_bbp_total_reply_count":0,"_bbp_voice_count":0,"_bbp_anonymous_reply_count":0,"_bbp_topic_count_hidden":0,"_bbp_reply_count_hidden":0,"_bbp_forum_subforum_count":0,"site-sidebar-layout":"default","site-content-layout":"","ast-site-content-layout":"","site-content-style":"default","site-sidebar-style":"default","ast-global-header-display":"","ast-banner-title-visibility":"","ast-main-header-display":"","ast-hfb-above-header-display":"","ast-hfb-below-header-display":"","ast-hfb-mobile-header-display":"","site-post-title":"","ast-breadcrumbs-content":"","ast-featured-img":"","footer-sml-layout":"","theme-transparent-header-meta":"","adv-header-id-meta":"","stick-header-meta":"","header-above-stick-meta":"","header-main-stick-meta":"","header-below-stick-meta":"","astra-migrate-meta-layouts":"default","ast-page-background-enabled":"default","ast-page-background-meta":{"desktop":{"background-color":"var(--ast-global-color-4)","background-image":"","background-repeat":"repeat","background-position":"center center","background-size":"auto","background-attachment":"scroll","background-type":"","background-media":"","overlay-type":"","overlay-color":"","overlay-opacity":"","overlay-gradient":""},"tablet":{"background-color":"","background-image":"","background-repeat":"repeat","background-position":"center center","background-size":"auto","background-attachment":"scroll","background-type":"","background-media":"","overlay-type":"","overlay-color":"","overlay-opacity":"","overlay-gradient":""},"mobile":{"background-color":"","background-image":"","background-repeat":"repeat","background-position":"center center","background-size":"auto","background-attachment":"scroll","background-type":"","background-media":"","overlay-type":"","overlay-color":"","overlay-opacity":"","overlay-gradient":""}},"ast-content-background-meta":{"desktop":{"background-color":"var(--ast-global-color-5)","background-image":"","background-repeat":"repeat","background-position":"center center","background-size":"auto","background-attachment":"scroll","background-type":"","background-media":"","overlay-type":"","overlay-color":"","overlay-opacity":"","overlay-gradient":""},"tablet":{"background-color":"var(--ast-global-color-5)","background-image":"","background-repeat":"repeat","background-position":"center center","background-size":"auto","background-attachment":"scroll","background-type":"","background-media":"","overlay-type":"","overlay-color":"","overlay-opacity":"","overlay-gradient":""},"mobile":{"background-color":"var(--ast-global-color-5)","background-image":"","background-repeat":"repeat","background-position":"center center","background-size":"auto","background-attachment":"scroll","background-type":"","background-media":"","overlay-type":"","overlay-color":"","overlay-opacity":"","overlay-gradient":""}},"footnotes":""},"categories":[1,4],"tags":[260],"class_list":["post-1425","post","type-post","status-publish","format-standard","hentry","category-general","category-portada","tag-kinesiologia"],"post_mailing_queue_ids":[],"_links":{"self":[{"href":"https:\/\/agora.xtec.cat\/ceip-lesferreries-palafolls\/wp-json\/wp\/v2\/posts\/1425","targetHints":{"allow":["GET"]}}],"collection":[{"href":"https:\/\/agora.xtec.cat\/ceip-lesferreries-palafolls\/wp-json\/wp\/v2\/posts"}],"about":[{"href":"https:\/\/agora.xtec.cat\/ceip-lesferreries-palafolls\/wp-json\/wp\/v2\/types\/post"}],"author":[{"embeddable":true,"href":"https:\/\/agora.xtec.cat\/ceip-lesferreries-palafolls\/wp-json\/wp\/v2\/users\/1"}],"replies":[{"embeddable":true,"href":"https:\/\/agora.xtec.cat\/ceip-lesferreries-palafolls\/wp-json\/wp\/v2\/comments?post=1425"}],"version-history":[{"count":2,"href":"https:\/\/agora.xtec.cat\/ceip-lesferreries-palafolls\/wp-json\/wp\/v2\/posts\/1425\/revisions"}],"predecessor-version":[{"id":1849,"href":"https:\/\/agora.xtec.cat\/ceip-lesferreries-palafolls\/wp-json\/wp\/v2\/posts\/1425\/revisions\/1849"}],"wp:attachment":[{"href":"https:\/\/agora.xtec.cat\/ceip-lesferreries-palafolls\/wp-json\/wp\/v2\/media?parent=1425"}],"wp:term":[{"taxonomy":"category","embeddable":true,"href":"https:\/\/agora.xtec.cat\/ceip-lesferreries-palafolls\/wp-json\/wp\/v2\/categories?post=1425"},{"taxonomy":"post_tag","embeddable":true,"href":"https:\/\/agora.xtec.cat\/ceip-lesferreries-palafolls\/wp-json\/wp\/v2\/tags?post=1425"}],"curies":[{"name":"wp","href":"https:\/\/api.w.org\/{rel}","templated":true}]}}