{"id":1414,"date":"2016-01-14T13:31:30","date_gmt":"2016-01-14T12:31:30","guid":{"rendered":"http:\/\/blocs.xtec.cat\/ferreriesedinfantil\/?p=266"},"modified":"2016-03-16T19:00:31","modified_gmt":"2016-03-16T18:00:31","slug":"nadales-a-educacio-infantil","status":"publish","type":"post","link":"https:\/\/agora.xtec.cat\/ceip-lesferreries-palafolls\/general\/nadales-a-educacio-infantil\/","title":{"rendered":"Nadales a Educaci\u00f3 Infantil"},"content":{"rendered":"<p>Els nens i nenes d&#8217; Educaci\u00f3 Infantil hem cantat una nadala i hem recitat un poema. Les nostres fam\u00edlies ens han vingut a veure i han aplaudit molt. Estem molt contents i contentes perqu\u00e8 ho hem fet molt b\u00e9. Gr\u00e0cies fam\u00edlia per la visita.<\/p>\n<p><a href=\"https:\/\/picasaweb.google.com\/lh\/photo\/9hDPsWwwlwxgvhAndt0O89CUMhVse047AiVcvsOyTqE?feat=embedwebsite\"><img loading=\"lazy\" decoding=\"async\" src=\"https:\/\/lh3.googleusercontent.com\/-xFceR6ZatzI\/VpTuUpu1YJI\/AAAAAAAACYU\/5yToSqc2t_w\/s640-Ic42\/DSC_7316.JPG\" alt=\"\" width=\"640\" height=\"360\" \/><\/a><\/p>\n<p><!--more--><\/p>\n<p><a href=\"https:\/\/picasaweb.google.com\/lh\/photo\/62NVc2nI6VrDpibte83__tCUMhVse047AiVcvsOyTqE?feat=embedwebsite\"><img loading=\"lazy\" decoding=\"async\" src=\"https:\/\/lh3.googleusercontent.com\/-5SuVxSM8puc\/VpTuUmXJ21I\/AAAAAAAACYU\/_mvu8hqWtHI\/s640-Ic42\/DSC_7335.JPG\" alt=\"\" width=\"640\" height=\"360\" \/><\/a><\/p>\n<p>&nbsp;<\/p>\n<p><a href=\"https:\/\/picasaweb.google.com\/lh\/photo\/UETUhuIzsCYZ5m4lOwGNgNCUMhVse047AiVcvsOyTqE?feat=embedwebsite\"><img loading=\"lazy\" decoding=\"async\" src=\"https:\/\/lh3.googleusercontent.com\/-vxO5NYQRVfM\/VpTuUgb13nI\/AAAAAAAACYU\/aeSuT6zZtqo\/s640-Ic42\/DSC_7344.JPG\" alt=\"\" width=\"640\" height=\"360\" \/><\/a><\/p>\n<p>De <a href=\"https:\/\/picasaweb.google.com\/106252695956834965432\/NadalesInfantil2015?authuser=0&amp;feat=embedwebsite\">nadales infantil. 2015<\/a><\/p>\n","protected":false},"excerpt":{"rendered":"<p>Els nens i nenes d&#8217; Educaci\u00f3 Infantil hem cantat una nadala i hem recitat un poema. Les nostres fam\u00edlies ens han vingut a veure i han aplaudit molt. Estem molt contents i contentes perqu\u00e8 ho hem fet molt b\u00e9. Gr\u00e0cies fam\u00edlia per la visita.<\/p>\n","protected":false},"author":1,"featured_media":0,"comment_status":"open","ping_status":"open","sticky":false,"template":"","format":"standard","meta":{"_bbp_topic_count":0,"_bbp_reply_count":0,"_bbp_total_topic_count":0,"_bbp_total_reply_count":0,"_bbp_voice_count":0,"_bbp_anonymous_reply_count":0,"_bbp_topic_count_hidden":0,"_bbp_reply_count_hidden":0,"_bbp_forum_subforum_count":0,"site-sidebar-layout":"default","site-content-layout":"","ast-site-content-layout":"","site-content-style":"default","site-sidebar-style":"default","ast-global-header-display":"","ast-banner-title-visibility":"","ast-main-header-display":"","ast-hfb-above-header-display":"","ast-hfb-below-header-display":"","ast-hfb-mobile-header-display":"","site-post-title":"","ast-breadcrumbs-content":"","ast-featured-img":"","footer-sml-layout":"","theme-transparent-header-meta":"","adv-header-id-meta":"","stick-header-meta":"","header-above-stick-meta":"","header-main-stick-meta":"","header-below-stick-meta":"","astra-migrate-meta-layouts":"default","ast-page-background-enabled":"default","ast-page-background-meta":{"desktop":{"background-color":"var(--ast-global-color-4)","background-image":"","background-repeat":"repeat","background-position":"center center","background-size":"auto","background-attachment":"scroll","background-type":"","background-media":"","overlay-type":"","overlay-color":"","overlay-opacity":"","overlay-gradient":""},"tablet":{"background-color":"","background-image":"","background-repeat":"repeat","background-position":"center center","background-size":"auto","background-attachment":"scroll","background-type":"","background-media":"","overlay-type":"","overlay-color":"","overlay-opacity":"","overlay-gradient":""},"mobile":{"background-color":"","background-image":"","background-repeat":"repeat","background-position":"center center","background-size":"auto","background-attachment":"scroll","background-type":"","background-media":"","overlay-type":"","overlay-color":"","overlay-opacity":"","overlay-gradient":""}},"ast-content-background-meta":{"desktop":{"background-color":"var(--ast-global-color-5)","background-image":"","background-repeat":"repeat","background-position":"center center","background-size":"auto","background-attachment":"scroll","background-type":"","background-media":"","overlay-type":"","overlay-color":"","overlay-opacity":"","overlay-gradient":""},"tablet":{"background-color":"var(--ast-global-color-5)","background-image":"","background-repeat":"repeat","background-position":"center center","background-size":"auto","background-attachment":"scroll","background-type":"","background-media":"","overlay-type":"","overlay-color":"","overlay-opacity":"","overlay-gradient":""},"mobile":{"background-color":"var(--ast-global-color-5)","background-image":"","background-repeat":"repeat","background-position":"center center","background-size":"auto","background-attachment":"scroll","background-type":"","background-media":"","overlay-type":"","overlay-color":"","overlay-opacity":"","overlay-gradient":""}},"footnotes":""},"categories":[22,33,34,1,55,4],"tags":[226],"class_list":["post-1414","post","type-post","status-publish","format-standard","hentry","category-activitats","category-educacio-infantil","category-festes-populars","category-general","category-musica","category-portada","tag-nadales"],"post_mailing_queue_ids":[],"_links":{"self":[{"href":"https:\/\/agora.xtec.cat\/ceip-lesferreries-palafolls\/wp-json\/wp\/v2\/posts\/1414","targetHints":{"allow":["GET"]}}],"collection":[{"href":"https:\/\/agora.xtec.cat\/ceip-lesferreries-palafolls\/wp-json\/wp\/v2\/posts"}],"about":[{"href":"https:\/\/agora.xtec.cat\/ceip-lesferreries-palafolls\/wp-json\/wp\/v2\/types\/post"}],"author":[{"embeddable":true,"href":"https:\/\/agora.xtec.cat\/ceip-lesferreries-palafolls\/wp-json\/wp\/v2\/users\/1"}],"replies":[{"embeddable":true,"href":"https:\/\/agora.xtec.cat\/ceip-lesferreries-palafolls\/wp-json\/wp\/v2\/comments?post=1414"}],"version-history":[{"count":4,"href":"https:\/\/agora.xtec.cat\/ceip-lesferreries-palafolls\/wp-json\/wp\/v2\/posts\/1414\/revisions"}],"predecessor-version":[{"id":1802,"href":"https:\/\/agora.xtec.cat\/ceip-lesferreries-palafolls\/wp-json\/wp\/v2\/posts\/1414\/revisions\/1802"}],"wp:attachment":[{"href":"https:\/\/agora.xtec.cat\/ceip-lesferreries-palafolls\/wp-json\/wp\/v2\/media?parent=1414"}],"wp:term":[{"taxonomy":"category","embeddable":true,"href":"https:\/\/agora.xtec.cat\/ceip-lesferreries-palafolls\/wp-json\/wp\/v2\/categories?post=1414"},{"taxonomy":"post_tag","embeddable":true,"href":"https:\/\/agora.xtec.cat\/ceip-lesferreries-palafolls\/wp-json\/wp\/v2\/tags?post=1414"}],"curies":[{"name":"wp","href":"https:\/\/api.w.org\/{rel}","templated":true}]}}