{"id":1325,"date":"2015-11-26T10:32:47","date_gmt":"2015-11-26T09:32:47","guid":{"rendered":"http:\/\/blocs.xtec.cat\/lesferreriespalafolls\/?p=1325"},"modified":"2016-02-09T23:09:41","modified_gmt":"2016-02-09T22:09:41","slug":"sortides-curs-2015-2016","status":"publish","type":"post","link":"https:\/\/agora.xtec.cat\/ceip-lesferreries-palafolls\/general\/sortides-curs-2015-2016\/","title":{"rendered":"Sortides curs 2015 \/ 2016"},"content":{"rendered":"<h3><span style=\"color: #008000;\"><strong>EDUCACI\u00d3 INFANTIL<\/strong><\/span><\/h3>\n<p><strong>P3<\/strong><\/p>\n<p>La Granja &#8211; Sta. Ma. de Palautordera, 21 abril 2016<\/p>\n<p><strong>P4 i P5<\/strong><\/p>\n<p>Can Rami\u00f3 &#8211; 13 novembre 2015<\/p>\n<p><strong>P3, P4 i P5<\/strong><\/p>\n<p>Teatre Clav\u00e9. Obra: OH QUE BONIC \u00c9S PANAM\u00c0 &#8211; 20 gener 2016<\/p>\n<p><strong>P4<\/strong><\/p>\n<p>Zoo de Barcelona &#8211; 1 abril 2016<\/p>\n<h3><span style=\"color: #008000;\"><strong>CICLE INICIAL<\/strong><\/span><\/h3>\n<p><strong>1r i 2n<\/strong><\/p>\n<p>Caminada al Mol\u00ed de Can Puigvert &#8211; 23 octubre 2015<\/p>\n<p><strong>1r<\/strong><\/p>\n<p>Fundaci\u00f3 Palau &#8211; Caldetes 1, 2 i 3 mar\u00e7 2016. Un dia cada classe.<\/p>\n<p>Museo de les abelles &#8211; Torell\u00f3, 2 juny 2016<\/p>\n<p><strong>2n<\/strong><\/p>\n<p>Museo Picasso &#8211; Barcelona, 12 febrer 2016<\/p>\n<h3><span style=\"color: #008000;\"><strong>CICLE MITJ\u00c0<\/strong><\/span><\/h3>\n<p><strong>3r<\/strong><\/p>\n<p>Fabrica Jovi &#8211; 26 novembre 2015<\/p>\n<p>Fundacio Mir\u00f3 &#8211; 2 febrer 2016<\/p>\n<p>Sortida pel poble caminant &#8211; Maig (data per determinar)<\/p>\n<p><strong>4t<\/strong><\/p>\n<p>Llegendes de Girona &#8211; 23 octubre 2015<\/p>\n<p>La petita flauta m\u00e0gica &#8211; Auditoria de St. Cugat, 28 gener 2016<\/p>\n<h3><span style=\"color: #008000;\"><strong>CICLE SUPERIOR<\/strong><\/span><\/h3>\n<p><strong>5\u00e8<\/strong><\/p>\n<p>La tordera &#8211; 29 octubre 2015<\/p>\n<p>Banyoles . 26 febrer 2016<\/p>\n<p>Emp\u00faries &#8211; 27 maig 2016<\/p>\n<p>Platja de Blanes &#8211; 7 juny 2016<\/p>\n<p><strong>6\u00e8<\/strong><\/p>\n<p>Sant Gen\u00eds de Palafolls &#8211; 13 novembre 2015<\/p>\n<p>Museu de la t\u00e8cnica i de la ci\u00e8ncia &#8211; Terrassa, 11 febrer 2016<\/p>\n<p><strong>5\u00e8 i 6\u00e8<\/strong><\/p>\n<p>Teatre Clav\u00e9. Obra: TUBS DEL M\u00d3N &#8211; 19 abril 2016<\/p>\n<p>&nbsp;<\/p>\n","protected":false},"excerpt":{"rendered":"<p>EDUCACI\u00d3 INFANTIL P3 La Granja &#8211; Sta. Ma. de Palautordera, 21 abril 2016 P4 i P5 Can Rami\u00f3 &#8211; 13 novembre 2015 P3, P4 i P5 Teatre Clav\u00e9. Obra: OH QUE BONIC \u00c9S PANAM\u00c0 &#8211; 20 gener 2016 P4 Zoo de Barcelona &#8211; 1 abril 2016 CICLE INICIAL 1r i 2n Caminada al Mol\u00ed de [&hellip;]<\/p>\n","protected":false},"author":1,"featured_media":0,"comment_status":"open","ping_status":"open","sticky":false,"template":"","format":"standard","meta":{"_bbp_topic_count":0,"_bbp_reply_count":0,"_bbp_total_topic_count":0,"_bbp_total_reply_count":0,"_bbp_voice_count":0,"_bbp_anonymous_reply_count":0,"_bbp_topic_count_hidden":0,"_bbp_reply_count_hidden":0,"_bbp_forum_subforum_count":0,"site-sidebar-layout":"default","site-content-layout":"","ast-site-content-layout":"","site-content-style":"default","site-sidebar-style":"default","ast-global-header-display":"","ast-banner-title-visibility":"","ast-main-header-display":"","ast-hfb-above-header-display":"","ast-hfb-below-header-display":"","ast-hfb-mobile-header-display":"","site-post-title":"","ast-breadcrumbs-content":"","ast-featured-img":"","footer-sml-layout":"","theme-transparent-header-meta":"","adv-header-id-meta":"","stick-header-meta":"","header-above-stick-meta":"","header-main-stick-meta":"","header-below-stick-meta":"","astra-migrate-meta-layouts":"default","ast-page-background-enabled":"default","ast-page-background-meta":{"desktop":{"background-color":"var(--ast-global-color-4)","background-image":"","background-repeat":"repeat","background-position":"center center","background-size":"auto","background-attachment":"scroll","background-type":"","background-media":"","overlay-type":"","overlay-color":"","overlay-opacity":"","overlay-gradient":""},"tablet":{"background-color":"","background-image":"","background-repeat":"repeat","background-position":"center center","background-size":"auto","background-attachment":"scroll","background-type":"","background-media":"","overlay-type":"","overlay-color":"","overlay-opacity":"","overlay-gradient":""},"mobile":{"background-color":"","background-image":"","background-repeat":"repeat","background-position":"center center","background-size":"auto","background-attachment":"scroll","background-type":"","background-media":"","overlay-type":"","overlay-color":"","overlay-opacity":"","overlay-gradient":""}},"ast-content-background-meta":{"desktop":{"background-color":"var(--ast-global-color-5)","background-image":"","background-repeat":"repeat","background-position":"center center","background-size":"auto","background-attachment":"scroll","background-type":"","background-media":"","overlay-type":"","overlay-color":"","overlay-opacity":"","overlay-gradient":""},"tablet":{"background-color":"var(--ast-global-color-5)","background-image":"","background-repeat":"repeat","background-position":"center center","background-size":"auto","background-attachment":"scroll","background-type":"","background-media":"","overlay-type":"","overlay-color":"","overlay-opacity":"","overlay-gradient":""},"mobile":{"background-color":"var(--ast-global-color-5)","background-image":"","background-repeat":"repeat","background-position":"center center","background-size":"auto","background-attachment":"scroll","background-type":"","background-media":"","overlay-type":"","overlay-color":"","overlay-opacity":"","overlay-gradient":""}},"footnotes":""},"categories":[22,1,4,44],"tags":[],"class_list":["post-1325","post","type-post","status-publish","format-standard","hentry","category-activitats","category-general","category-portada","category-sortides"],"post_mailing_queue_ids":[],"_links":{"self":[{"href":"https:\/\/agora.xtec.cat\/ceip-lesferreries-palafolls\/wp-json\/wp\/v2\/posts\/1325","targetHints":{"allow":["GET"]}}],"collection":[{"href":"https:\/\/agora.xtec.cat\/ceip-lesferreries-palafolls\/wp-json\/wp\/v2\/posts"}],"about":[{"href":"https:\/\/agora.xtec.cat\/ceip-lesferreries-palafolls\/wp-json\/wp\/v2\/types\/post"}],"author":[{"embeddable":true,"href":"https:\/\/agora.xtec.cat\/ceip-lesferreries-palafolls\/wp-json\/wp\/v2\/users\/1"}],"replies":[{"embeddable":true,"href":"https:\/\/agora.xtec.cat\/ceip-lesferreries-palafolls\/wp-json\/wp\/v2\/comments?post=1325"}],"version-history":[{"count":1,"href":"https:\/\/agora.xtec.cat\/ceip-lesferreries-palafolls\/wp-json\/wp\/v2\/posts\/1325\/revisions"}],"predecessor-version":[{"id":1354,"href":"https:\/\/agora.xtec.cat\/ceip-lesferreries-palafolls\/wp-json\/wp\/v2\/posts\/1325\/revisions\/1354"}],"wp:attachment":[{"href":"https:\/\/agora.xtec.cat\/ceip-lesferreries-palafolls\/wp-json\/wp\/v2\/media?parent=1325"}],"wp:term":[{"taxonomy":"category","embeddable":true,"href":"https:\/\/agora.xtec.cat\/ceip-lesferreries-palafolls\/wp-json\/wp\/v2\/categories?post=1325"},{"taxonomy":"post_tag","embeddable":true,"href":"https:\/\/agora.xtec.cat\/ceip-lesferreries-palafolls\/wp-json\/wp\/v2\/tags?post=1325"}],"curies":[{"name":"wp","href":"https:\/\/api.w.org\/{rel}","templated":true}]}}