{"id":109,"date":"2015-05-18T22:23:52","date_gmt":"2015-05-18T20:23:52","guid":{"rendered":"http:\/\/blocs.xtec.cat\/ferreriesedinfantil\/?p=109"},"modified":"2016-02-13T20:48:33","modified_gmt":"2016-02-13T19:48:33","slug":"excursio-a-la-granja","status":"publish","type":"post","link":"https:\/\/agora.xtec.cat\/ceip-lesferreries-palafolls\/portada\/excursio-a-la-granja\/","title":{"rendered":"Excursi\u00f3 a La Granja"},"content":{"rendered":"<p>Aquest curs ens hem proposat posar en el lloc que es mereix el treball dels sentiments. Per aix\u00f2 vam comen\u00e7ar a principi de curs amb \u201cEl monstre de colors\u201d, vam continuar amb el material \u201cVegetal, com sents\u201d, hem explicat contes sobre els sentiments, i hem parat atenci\u00f3 en la por i el valor.<\/p>\n<p>La visita a la Granja de Santa Maria de Palautordera ens ha ajudat a desenvolupar aquests conceptes i a superar les nostres pors. La Granja t\u00e9 un excel\u00b7lent programa del treball de les emocions per petits i grans, per escoles i fam\u00edlies. Combinant amb la visita als animals de la granja, i amb un circuit americ\u00e0 molt engrescador pels infants, els alumnes van v\u00e9ncer les seves pors i van trobar els ingredients necessaris per fer un beuratge per tenir valor. Tot aix\u00f2 amenitzat pel personatge de la Nana Bonilda, una bruixa bona, que finalment ens regal\u00e0 una pedra m\u00e0gica que posada a sota del coix\u00ed ens ajudar\u00e0 a dormir sense malsons.<\/p>\n<p>Podeu gaudir de tota aquesta activitat amb les fotos que trobareu en aquest enlla\u00e7<\/p>\n<p><a title=\"LA GRANJA\" href=\"https:\/\/picasaweb.google.com\/106252695956834965432\/LAGRANJA#slideshow\/6149079691344333858\" target=\"_blank\">https:\/\/picasaweb.google.com\/106252695956834965432\/LAGRANJA#slideshow\/6149079691344333858<\/a><\/p>\n","protected":false},"excerpt":{"rendered":"<p>Aquest curs ens hem proposat posar en el lloc que es mereix el treball dels sentiments. Per aix\u00f2 vam comen\u00e7ar a principi de curs amb \u201cEl monstre de colors\u201d, vam continuar amb el material \u201cVegetal, com sents\u201d, hem explicat contes sobre els sentiments, i hem parat atenci\u00f3 en la por i el valor. La visita [&hellip;]<\/p>\n","protected":false},"author":1,"featured_media":0,"comment_status":"open","ping_status":"open","sticky":false,"template":"","format":"standard","meta":{"_bbp_topic_count":0,"_bbp_reply_count":0,"_bbp_total_topic_count":0,"_bbp_total_reply_count":0,"_bbp_voice_count":0,"_bbp_anonymous_reply_count":0,"_bbp_topic_count_hidden":0,"_bbp_reply_count_hidden":0,"_bbp_forum_subforum_count":0,"site-sidebar-layout":"default","site-content-layout":"","ast-site-content-layout":"","site-content-style":"default","site-sidebar-style":"default","ast-global-header-display":"","ast-banner-title-visibility":"","ast-main-header-display":"","ast-hfb-above-header-display":"","ast-hfb-below-header-display":"","ast-hfb-mobile-header-display":"","site-post-title":"","ast-breadcrumbs-content":"","ast-featured-img":"","footer-sml-layout":"","theme-transparent-header-meta":"","adv-header-id-meta":"","stick-header-meta":"","header-above-stick-meta":"","header-main-stick-meta":"","header-below-stick-meta":"","astra-migrate-meta-layouts":"default","ast-page-background-enabled":"default","ast-page-background-meta":{"desktop":{"background-color":"var(--ast-global-color-4)","background-image":"","background-repeat":"repeat","background-position":"center center","background-size":"auto","background-attachment":"scroll","background-type":"","background-media":"","overlay-type":"","overlay-color":"","overlay-opacity":"","overlay-gradient":""},"tablet":{"background-color":"","background-image":"","background-repeat":"repeat","background-position":"center center","background-size":"auto","background-attachment":"scroll","background-type":"","background-media":"","overlay-type":"","overlay-color":"","overlay-opacity":"","overlay-gradient":""},"mobile":{"background-color":"","background-image":"","background-repeat":"repeat","background-position":"center center","background-size":"auto","background-attachment":"scroll","background-type":"","background-media":"","overlay-type":"","overlay-color":"","overlay-opacity":"","overlay-gradient":""}},"ast-content-background-meta":{"desktop":{"background-color":"var(--ast-global-color-5)","background-image":"","background-repeat":"repeat","background-position":"center center","background-size":"auto","background-attachment":"scroll","background-type":"","background-media":"","overlay-type":"","overlay-color":"","overlay-opacity":"","overlay-gradient":""},"tablet":{"background-color":"var(--ast-global-color-5)","background-image":"","background-repeat":"repeat","background-position":"center center","background-size":"auto","background-attachment":"scroll","background-type":"","background-media":"","overlay-type":"","overlay-color":"","overlay-opacity":"","overlay-gradient":""},"mobile":{"background-color":"var(--ast-global-color-5)","background-image":"","background-repeat":"repeat","background-position":"center center","background-size":"auto","background-attachment":"scroll","background-type":"","background-media":"","overlay-type":"","overlay-color":"","overlay-opacity":"","overlay-gradient":""}},"footnotes":""},"categories":[22,33,4,44],"tags":[],"class_list":["post-109","post","type-post","status-publish","format-standard","hentry","category-activitats","category-educacio-infantil","category-portada","category-sortides"],"post_mailing_queue_ids":[],"_links":{"self":[{"href":"https:\/\/agora.xtec.cat\/ceip-lesferreries-palafolls\/wp-json\/wp\/v2\/posts\/109","targetHints":{"allow":["GET"]}}],"collection":[{"href":"https:\/\/agora.xtec.cat\/ceip-lesferreries-palafolls\/wp-json\/wp\/v2\/posts"}],"about":[{"href":"https:\/\/agora.xtec.cat\/ceip-lesferreries-palafolls\/wp-json\/wp\/v2\/types\/post"}],"author":[{"embeddable":true,"href":"https:\/\/agora.xtec.cat\/ceip-lesferreries-palafolls\/wp-json\/wp\/v2\/users\/1"}],"replies":[{"embeddable":true,"href":"https:\/\/agora.xtec.cat\/ceip-lesferreries-palafolls\/wp-json\/wp\/v2\/comments?post=109"}],"version-history":[{"count":2,"href":"https:\/\/agora.xtec.cat\/ceip-lesferreries-palafolls\/wp-json\/wp\/v2\/posts\/109\/revisions"}],"predecessor-version":[{"id":1881,"href":"https:\/\/agora.xtec.cat\/ceip-lesferreries-palafolls\/wp-json\/wp\/v2\/posts\/109\/revisions\/1881"}],"wp:attachment":[{"href":"https:\/\/agora.xtec.cat\/ceip-lesferreries-palafolls\/wp-json\/wp\/v2\/media?parent=109"}],"wp:term":[{"taxonomy":"category","embeddable":true,"href":"https:\/\/agora.xtec.cat\/ceip-lesferreries-palafolls\/wp-json\/wp\/v2\/categories?post=109"},{"taxonomy":"post_tag","embeddable":true,"href":"https:\/\/agora.xtec.cat\/ceip-lesferreries-palafolls\/wp-json\/wp\/v2\/tags?post=109"}],"curies":[{"name":"wp","href":"https:\/\/api.w.org\/{rel}","templated":true}]}}