{"id":2737,"date":"2026-01-19T13:21:30","date_gmt":"2026-01-19T12:21:30","guid":{"rendered":"https:\/\/agora.xtec.cat\/ceip-lesfalgueres\/?p=2737"},"modified":"2026-01-19T13:38:21","modified_gmt":"2026-01-19T12:38:21","slug":"dia-de-la-musica","status":"publish","type":"post","link":"https:\/\/agora.xtec.cat\/ceip-lesfalgueres\/portada\/dia-de-la-musica\/","title":{"rendered":"Dia de la M\u00fasica"},"content":{"rendered":"<p>El passat 25 de novembre vam celebrar el dia de la m\u00fasica amb la col\u00b7laboraci\u00f3 d&#8217;alumnes de la Universitat de Girona.<\/p>\n<p>En Timri, un extraterrestre, ha arribat a la Terra a buscar m\u00fasica perqu\u00e8 al seu planeta no hi ha gaire varietat de m\u00fasica. L&#8217;extraterrestre, recorre diferents pa\u00efsos i gaudeix de la m\u00fasica i les danses.<\/p>\n<table style=\"border-collapse: collapse; width: 100%;\">\n<tbody>\n<tr>\n<td style=\"width: 33.3333%;\"><a href=\"https:\/\/agora.xtec.cat\/ceip-lesfalgueres\/wp-content\/uploads\/usu2081\/2026\/01\/IMG_6895-scaled.jpg\"><img loading=\"lazy\" decoding=\"async\" class=\"wp-image-2739 size-medium aligncenter\" src=\"https:\/\/agora.xtec.cat\/ceip-lesfalgueres\/wp-content\/uploads\/usu2081\/2026\/01\/IMG_6895-225x300.jpg\" alt=\"\" width=\"225\" height=\"300\" srcset=\"https:\/\/agora.xtec.cat\/ceip-lesfalgueres\/wp-content\/uploads\/usu2081\/2026\/01\/IMG_6895-225x300.jpg 225w, https:\/\/agora.xtec.cat\/ceip-lesfalgueres\/wp-content\/uploads\/usu2081\/2026\/01\/IMG_6895-768x1024.jpg 768w, https:\/\/agora.xtec.cat\/ceip-lesfalgueres\/wp-content\/uploads\/usu2081\/2026\/01\/IMG_6895-1152x1536.jpg 1152w, https:\/\/agora.xtec.cat\/ceip-lesfalgueres\/wp-content\/uploads\/usu2081\/2026\/01\/IMG_6895-1536x2048.jpg 1536w, https:\/\/agora.xtec.cat\/ceip-lesfalgueres\/wp-content\/uploads\/usu2081\/2026\/01\/IMG_6895-scaled.jpg 1920w\" sizes=\"auto, (max-width: 225px) 100vw, 225px\" \/><\/a><\/td>\n<td style=\"width: 33.3333%;\"><a href=\"https:\/\/agora.xtec.cat\/ceip-lesfalgueres\/wp-content\/uploads\/usu2081\/2026\/01\/IMG_6866-scaled.jpg\"><img loading=\"lazy\" decoding=\"async\" class=\"wp-image-2741 size-medium aligncenter\" src=\"https:\/\/agora.xtec.cat\/ceip-lesfalgueres\/wp-content\/uploads\/usu2081\/2026\/01\/IMG_6866-225x300.jpg\" alt=\"\" width=\"225\" height=\"300\" srcset=\"https:\/\/agora.xtec.cat\/ceip-lesfalgueres\/wp-content\/uploads\/usu2081\/2026\/01\/IMG_6866-225x300.jpg 225w, https:\/\/agora.xtec.cat\/ceip-lesfalgueres\/wp-content\/uploads\/usu2081\/2026\/01\/IMG_6866-768x1024.jpg 768w, https:\/\/agora.xtec.cat\/ceip-lesfalgueres\/wp-content\/uploads\/usu2081\/2026\/01\/IMG_6866-1152x1536.jpg 1152w, https:\/\/agora.xtec.cat\/ceip-lesfalgueres\/wp-content\/uploads\/usu2081\/2026\/01\/IMG_6866-1536x2048.jpg 1536w, https:\/\/agora.xtec.cat\/ceip-lesfalgueres\/wp-content\/uploads\/usu2081\/2026\/01\/IMG_6866-scaled.jpg 1920w\" sizes=\"auto, (max-width: 225px) 100vw, 225px\" \/><\/a><\/td>\n<td style=\"width: 33.3333%;\"><a href=\"https:\/\/agora.xtec.cat\/ceip-lesfalgueres\/wp-content\/uploads\/usu2081\/2026\/01\/IMG_6861-scaled.jpg\"><br \/>\n<img loading=\"lazy\" decoding=\"async\" class=\"wp-image-2742 size-medium aligncenter\" src=\"https:\/\/agora.xtec.cat\/ceip-lesfalgueres\/wp-content\/uploads\/usu2081\/2026\/01\/IMG_6861-225x300.jpg\" alt=\"\" width=\"225\" height=\"300\" srcset=\"https:\/\/agora.xtec.cat\/ceip-lesfalgueres\/wp-content\/uploads\/usu2081\/2026\/01\/IMG_6861-225x300.jpg 225w, https:\/\/agora.xtec.cat\/ceip-lesfalgueres\/wp-content\/uploads\/usu2081\/2026\/01\/IMG_6861-768x1024.jpg 768w, https:\/\/agora.xtec.cat\/ceip-lesfalgueres\/wp-content\/uploads\/usu2081\/2026\/01\/IMG_6861-1152x1536.jpg 1152w, https:\/\/agora.xtec.cat\/ceip-lesfalgueres\/wp-content\/uploads\/usu2081\/2026\/01\/IMG_6861-1536x2048.jpg 1536w, https:\/\/agora.xtec.cat\/ceip-lesfalgueres\/wp-content\/uploads\/usu2081\/2026\/01\/IMG_6861-scaled.jpg 1920w\" sizes=\"auto, (max-width: 225px) 100vw, 225px\" \/><\/a><\/td>\n<\/tr>\n<\/tbody>\n<\/table>\n<p><a href=\"https:\/\/agora.xtec.cat\/ceip-lesfalgueres\/wp-content\/uploads\/usu2081\/2026\/01\/IMG_6894-scaled.jpg\"><img loading=\"lazy\" decoding=\"async\" class=\"wp-image-2740 size-medium aligncenter\" src=\"https:\/\/agora.xtec.cat\/ceip-lesfalgueres\/wp-content\/uploads\/usu2081\/2026\/01\/IMG_6894-300x225.jpg\" alt=\"\" width=\"300\" height=\"225\" srcset=\"https:\/\/agora.xtec.cat\/ceip-lesfalgueres\/wp-content\/uploads\/usu2081\/2026\/01\/IMG_6894-300x225.jpg 300w, https:\/\/agora.xtec.cat\/ceip-lesfalgueres\/wp-content\/uploads\/usu2081\/2026\/01\/IMG_6894-1024x768.jpg 1024w, https:\/\/agora.xtec.cat\/ceip-lesfalgueres\/wp-content\/uploads\/usu2081\/2026\/01\/IMG_6894-768x576.jpg 768w, https:\/\/agora.xtec.cat\/ceip-lesfalgueres\/wp-content\/uploads\/usu2081\/2026\/01\/IMG_6894-1536x1152.jpg 1536w, https:\/\/agora.xtec.cat\/ceip-lesfalgueres\/wp-content\/uploads\/usu2081\/2026\/01\/IMG_6894-2048x1536.jpg 2048w, https:\/\/agora.xtec.cat\/ceip-lesfalgueres\/wp-content\/uploads\/usu2081\/2026\/01\/IMG_6894-200x150.jpg 200w\" sizes=\"auto, (max-width: 300px) 100vw, 300px\" \/><\/a><\/p>\n","protected":false},"excerpt":{"rendered":"<p>El passat 25 de novembre vam celebrar el dia de la m\u00fasica amb la col\u00b7laboraci\u00f3 d&#8217;alumnes de la Universitat de Girona.<br \/>\nEn Timri, un extraterrestre, ha arribat a la Terra a buscar m\u00fasica perqu\u00e8 al seu planeta no hi ha gaire varietat de m\u00fasica. L&#8217;extraterrestre, recorre&hellip;  <a href=\"https:\/\/agora.xtec.cat\/ceip-lesfalgueres\/portada\/dia-de-la-musica\/\" title=\"Read Dia de la M\u00fasica\">Llegeix m\u00e9s\u00bb<\/a><\/p>\n","protected":false},"author":3,"featured_media":2741,"comment_status":"open","ping_status":"open","sticky":false,"template":"","format":"standard","meta":{"_bbp_topic_count":0,"_bbp_reply_count":0,"_bbp_total_topic_count":0,"_bbp_total_reply_count":0,"_bbp_voice_count":0,"_bbp_anonymous_reply_count":0,"_bbp_topic_count_hidden":0,"_bbp_reply_count_hidden":0,"_bbp_forum_subforum_count":0,"footnotes":""},"categories":[4],"tags":[],"class_list":["post-2737","post","type-post","status-publish","format-standard","has-post-thumbnail","hentry","category-portada"],"post_mailing_queue_ids":[],"_links":{"self":[{"href":"https:\/\/agora.xtec.cat\/ceip-lesfalgueres\/wp-json\/wp\/v2\/posts\/2737","targetHints":{"allow":["GET"]}}],"collection":[{"href":"https:\/\/agora.xtec.cat\/ceip-lesfalgueres\/wp-json\/wp\/v2\/posts"}],"about":[{"href":"https:\/\/agora.xtec.cat\/ceip-lesfalgueres\/wp-json\/wp\/v2\/types\/post"}],"author":[{"embeddable":true,"href":"https:\/\/agora.xtec.cat\/ceip-lesfalgueres\/wp-json\/wp\/v2\/users\/3"}],"replies":[{"embeddable":true,"href":"https:\/\/agora.xtec.cat\/ceip-lesfalgueres\/wp-json\/wp\/v2\/comments?post=2737"}],"version-history":[{"count":6,"href":"https:\/\/agora.xtec.cat\/ceip-lesfalgueres\/wp-json\/wp\/v2\/posts\/2737\/revisions"}],"predecessor-version":[{"id":2749,"href":"https:\/\/agora.xtec.cat\/ceip-lesfalgueres\/wp-json\/wp\/v2\/posts\/2737\/revisions\/2749"}],"wp:featuredmedia":[{"embeddable":true,"href":"https:\/\/agora.xtec.cat\/ceip-lesfalgueres\/wp-json\/wp\/v2\/media\/2741"}],"wp:attachment":[{"href":"https:\/\/agora.xtec.cat\/ceip-lesfalgueres\/wp-json\/wp\/v2\/media?parent=2737"}],"wp:term":[{"taxonomy":"category","embeddable":true,"href":"https:\/\/agora.xtec.cat\/ceip-lesfalgueres\/wp-json\/wp\/v2\/categories?post=2737"},{"taxonomy":"post_tag","embeddable":true,"href":"https:\/\/agora.xtec.cat\/ceip-lesfalgueres\/wp-json\/wp\/v2\/tags?post=2737"}],"curies":[{"name":"wp","href":"https:\/\/api.w.org\/{rel}","templated":true}]}}