{"id":2732,"date":"2025-11-10T13:03:13","date_gmt":"2025-11-10T12:03:13","guid":{"rendered":"https:\/\/agora.xtec.cat\/ceip-lesfalgueres\/?p=2732"},"modified":"2025-11-10T13:03:13","modified_gmt":"2025-11-10T12:03:13","slug":"eleccions-al-consell-escolar","status":"publish","type":"post","link":"https:\/\/agora.xtec.cat\/ceip-lesfalgueres\/portada\/eleccions-al-consell-escolar\/","title":{"rendered":"Eleccions al consell escolar"},"content":{"rendered":"<p>Convidem a totes les fam\u00edlies a venir a participar, el proper dia <strong>20 de novembre<\/strong>, a la votaci\u00f3 dels representants de les fam\u00edlies al <strong>Consell Escolar.<\/strong><\/p>\n<p><a href=\"https:\/\/agora.xtec.cat\/ceip-lesfalgueres\/wp-content\/uploads\/usu2081\/2025\/11\/eleccions-consell-escolar.jpg\"><img loading=\"lazy\" decoding=\"async\" class=\"wp-image-2733 aligncenter\" src=\"https:\/\/agora.xtec.cat\/ceip-lesfalgueres\/wp-content\/uploads\/usu2081\/2025\/11\/eleccions-consell-escolar.jpg\" alt=\"\" width=\"479\" height=\"676\" srcset=\"https:\/\/agora.xtec.cat\/ceip-lesfalgueres\/wp-content\/uploads\/usu2081\/2025\/11\/eleccions-consell-escolar.jpg 725w, https:\/\/agora.xtec.cat\/ceip-lesfalgueres\/wp-content\/uploads\/usu2081\/2025\/11\/eleccions-consell-escolar-212x300.jpg 212w\" sizes=\"auto, (max-width: 479px) 100vw, 479px\" \/><\/a><\/p>\n<p>El consell escolar \u00e9s un \u00f2rgan molt important dins l&#8217;escola i per aix\u00f2 us animem a venir a votar!<\/p>\n","protected":false},"excerpt":{"rendered":"<p>Convidem a totes les fam\u00edlies a venir a participar, el proper dia 20 de novembre, a la votaci\u00f3 dels representants de les fam\u00edlies al Consell Escolar.<br \/>\n<a href=\"https:\/\/agora.xtec.cat\/ceip-lesfalgueres\/wp-content\/uploads\/usu2081\/2025\/11\/eleccions-consell-escolar.jpg\"><\/a><br \/>\nEl consell escolar \u00e9s un \u00f2rgan molt important dins l&#8217;escola i per aix\u00f2 us animem a venir a votar!<\/p>\n","protected":false},"author":3,"featured_media":2733,"comment_status":"open","ping_status":"open","sticky":false,"template":"","format":"standard","meta":{"_bbp_topic_count":0,"_bbp_reply_count":0,"_bbp_total_topic_count":0,"_bbp_total_reply_count":0,"_bbp_voice_count":0,"_bbp_anonymous_reply_count":0,"_bbp_topic_count_hidden":0,"_bbp_reply_count_hidden":0,"_bbp_forum_subforum_count":0,"footnotes":""},"categories":[4],"tags":[],"class_list":["post-2732","post","type-post","status-publish","format-standard","has-post-thumbnail","hentry","category-portada"],"post_mailing_queue_ids":[],"_links":{"self":[{"href":"https:\/\/agora.xtec.cat\/ceip-lesfalgueres\/wp-json\/wp\/v2\/posts\/2732","targetHints":{"allow":["GET"]}}],"collection":[{"href":"https:\/\/agora.xtec.cat\/ceip-lesfalgueres\/wp-json\/wp\/v2\/posts"}],"about":[{"href":"https:\/\/agora.xtec.cat\/ceip-lesfalgueres\/wp-json\/wp\/v2\/types\/post"}],"author":[{"embeddable":true,"href":"https:\/\/agora.xtec.cat\/ceip-lesfalgueres\/wp-json\/wp\/v2\/users\/3"}],"replies":[{"embeddable":true,"href":"https:\/\/agora.xtec.cat\/ceip-lesfalgueres\/wp-json\/wp\/v2\/comments?post=2732"}],"version-history":[{"count":2,"href":"https:\/\/agora.xtec.cat\/ceip-lesfalgueres\/wp-json\/wp\/v2\/posts\/2732\/revisions"}],"predecessor-version":[{"id":2735,"href":"https:\/\/agora.xtec.cat\/ceip-lesfalgueres\/wp-json\/wp\/v2\/posts\/2732\/revisions\/2735"}],"wp:featuredmedia":[{"embeddable":true,"href":"https:\/\/agora.xtec.cat\/ceip-lesfalgueres\/wp-json\/wp\/v2\/media\/2733"}],"wp:attachment":[{"href":"https:\/\/agora.xtec.cat\/ceip-lesfalgueres\/wp-json\/wp\/v2\/media?parent=2732"}],"wp:term":[{"taxonomy":"category","embeddable":true,"href":"https:\/\/agora.xtec.cat\/ceip-lesfalgueres\/wp-json\/wp\/v2\/categories?post=2732"},{"taxonomy":"post_tag","embeddable":true,"href":"https:\/\/agora.xtec.cat\/ceip-lesfalgueres\/wp-json\/wp\/v2\/tags?post=2732"}],"curies":[{"name":"wp","href":"https:\/\/api.w.org\/{rel}","templated":true}]}}