{"id":2607,"date":"2024-02-02T16:04:29","date_gmt":"2024-02-02T15:04:29","guid":{"rendered":"https:\/\/agora.xtec.cat\/ceip-lesfalgueres\/?p=2607"},"modified":"2024-02-26T10:32:42","modified_gmt":"2024-02-26T09:32:42","slug":"la-xerinola-ha-arribat","status":"publish","type":"post","link":"https:\/\/agora.xtec.cat\/ceip-lesfalgueres\/portada\/la-xerinola-ha-arribat\/","title":{"rendered":"LA XERINOLA HA ARRIBAT"},"content":{"rendered":"<p data-pm-slice=\"1 1 []\">En Carnestoltes, a trav\u00e9s de la seva germana Xerinola ha fet arribar les consignes per la setmana vinent.<\/p>\n<p><strong>Dilluns 5 de febrer: <\/strong>Causar\u00e0s sensaci\u00f3 si vens amb <strong>un mitj\u00f3 de cada color<\/strong> i per sobre el pantal\u00f3.<br \/>\n<strong>Dimarts 6 de febrer:<\/strong> Una mona de pasqua semblar\u00e0s si et poses<strong> un gran lla\u00e7<\/strong>.<br \/>\n<strong>Dimecres 7 de febrer:<\/strong> Una<strong> disfressa<\/strong> et pots fer i amb qualsevol cosa anir\u00e0s b\u00e9.<br \/>\n<strong>Dijous 8 de febrer<\/strong>: Per dijous gras<strong> vesteix-te d&#8217;un sol color de dalt a baix<\/strong>.<\/p>\n<p>Visca la gresca i la xerinola!<\/p>\n<p><a href=\"https:\/\/agora.xtec.cat\/ceip-lesfalgueres\/wp-content\/uploads\/usu2081\/2024\/02\/IMG-20240202-WA0006-e1706886577268.jpg\"><img loading=\"lazy\" decoding=\"async\" class=\"alignnone wp-image-2608\" src=\"https:\/\/agora.xtec.cat\/ceip-lesfalgueres\/wp-content\/uploads\/usu2081\/2024\/02\/IMG-20240202-WA0006-e1706886577268-1024x620.jpg\" alt=\"\" width=\"301\" height=\"182\" srcset=\"https:\/\/agora.xtec.cat\/ceip-lesfalgueres\/wp-content\/uploads\/usu2081\/2024\/02\/IMG-20240202-WA0006-e1706886577268-1024x620.jpg 1024w, https:\/\/agora.xtec.cat\/ceip-lesfalgueres\/wp-content\/uploads\/usu2081\/2024\/02\/IMG-20240202-WA0006-e1706886577268-300x182.jpg 300w, https:\/\/agora.xtec.cat\/ceip-lesfalgueres\/wp-content\/uploads\/usu2081\/2024\/02\/IMG-20240202-WA0006-e1706886577268-768x465.jpg 768w, https:\/\/agora.xtec.cat\/ceip-lesfalgueres\/wp-content\/uploads\/usu2081\/2024\/02\/IMG-20240202-WA0006-e1706886577268.jpg 1200w\" sizes=\"auto, (max-width: 301px) 100vw, 301px\" \/><\/a><\/p>\n","protected":false},"excerpt":{"rendered":"<p>En Carnestoltes, a trav\u00e9s de la seva germana Xerinola ha fet arribar les consignes per la setmana vinent.<br \/>\nDilluns 5 de febrer: Causar\u00e0s sensaci\u00f3 si vens amb un mitj\u00f3 de cada color i per sobre el pantal\u00f3.<br \/>\nDimarts 6 de febrer: Una mona de pasqua semblar\u00e0s si&hellip;  <a href=\"https:\/\/agora.xtec.cat\/ceip-lesfalgueres\/portada\/la-xerinola-ha-arribat\/\" title=\"Read LA XERINOLA HA ARRIBAT\">Llegeix m\u00e9s\u00bb<\/a><\/p>\n","protected":false},"author":1,"featured_media":2608,"comment_status":"closed","ping_status":"closed","sticky":false,"template":"","format":"standard","meta":{"_bbp_topic_count":0,"_bbp_reply_count":0,"_bbp_total_topic_count":0,"_bbp_total_reply_count":0,"_bbp_voice_count":0,"_bbp_anonymous_reply_count":0,"_bbp_topic_count_hidden":0,"_bbp_reply_count_hidden":0,"_bbp_forum_subforum_count":0,"footnotes":""},"categories":[4],"tags":[],"class_list":["post-2607","post","type-post","status-publish","format-standard","has-post-thumbnail","hentry","category-portada"],"post_mailing_queue_ids":[],"_links":{"self":[{"href":"https:\/\/agora.xtec.cat\/ceip-lesfalgueres\/wp-json\/wp\/v2\/posts\/2607","targetHints":{"allow":["GET"]}}],"collection":[{"href":"https:\/\/agora.xtec.cat\/ceip-lesfalgueres\/wp-json\/wp\/v2\/posts"}],"about":[{"href":"https:\/\/agora.xtec.cat\/ceip-lesfalgueres\/wp-json\/wp\/v2\/types\/post"}],"author":[{"embeddable":true,"href":"https:\/\/agora.xtec.cat\/ceip-lesfalgueres\/wp-json\/wp\/v2\/users\/1"}],"replies":[{"embeddable":true,"href":"https:\/\/agora.xtec.cat\/ceip-lesfalgueres\/wp-json\/wp\/v2\/comments?post=2607"}],"version-history":[{"count":4,"href":"https:\/\/agora.xtec.cat\/ceip-lesfalgueres\/wp-json\/wp\/v2\/posts\/2607\/revisions"}],"predecessor-version":[{"id":2615,"href":"https:\/\/agora.xtec.cat\/ceip-lesfalgueres\/wp-json\/wp\/v2\/posts\/2607\/revisions\/2615"}],"wp:featuredmedia":[{"embeddable":true,"href":"https:\/\/agora.xtec.cat\/ceip-lesfalgueres\/wp-json\/wp\/v2\/media\/2608"}],"wp:attachment":[{"href":"https:\/\/agora.xtec.cat\/ceip-lesfalgueres\/wp-json\/wp\/v2\/media?parent=2607"}],"wp:term":[{"taxonomy":"category","embeddable":true,"href":"https:\/\/agora.xtec.cat\/ceip-lesfalgueres\/wp-json\/wp\/v2\/categories?post=2607"},{"taxonomy":"post_tag","embeddable":true,"href":"https:\/\/agora.xtec.cat\/ceip-lesfalgueres\/wp-json\/wp\/v2\/tags?post=2607"}],"curies":[{"name":"wp","href":"https:\/\/api.w.org\/{rel}","templated":true}]}}