{"id":9826,"date":"2021-10-05T17:40:33","date_gmt":"2021-10-05T15:40:33","guid":{"rendered":"https:\/\/agora.xtec.cat\/ceip-lasardana\/?p=9826"},"modified":"2021-10-05T17:54:04","modified_gmt":"2021-10-05T15:54:04","slug":"la-classe-de-4tb-ja-ha-escollit-el-nou-projecte","status":"publish","type":"post","link":"https:\/\/agora.xtec.cat\/ceip-lasardana\/general\/la-classe-de-4tb-ja-ha-escollit-el-nou-projecte\/","title":{"rendered":"La classe de 4tB ja ha escollit el nou projecte!"},"content":{"rendered":"<p>Els alumnes i les alumnes de\u00a0<span class=\"hiddenSpellError\">4tB<\/span>\u00a0feia dues setmanes que estavem intentant escollir un tema o pregunta que ens serv\u00eds com a punt de partida per comen\u00e7ar el primer projecte d&#8217;aquest curs escolar. Despr\u00e9s de moltes converses, raonaments i votacions, hem acabat decidint que el nostre projecte tindr\u00e0 a veure amb l&#8217;<span style=\"text-decoration: underline\">ANTIC EGIPTE<\/span>, i \u00e9s que els alumnes i les alumnes tenen moltes preguntes sobre aquesta civilitzaci\u00f3!<\/p>\n<p>Aix\u00ed doncs,\u00a0 ahir a la tarda vam baixar a <span class=\"hiddenGrammarError\">l &#8216;aula<\/span> d&#8217;inform\u00e0tica i l&#8217;alumnat, distribu\u00eft en parelles, va buscar a &#8220;Google Maps&#8221; on es troba Egipte, i vam identificar tots plegats amb quins pa\u00efsos limita, quin \u00e9s el riu principal, quins mars envolten aquest pa\u00eds,etc.<\/p>\n<p>Tamb\u00e9, vam fer una activitat molt divertida on vam poder explorar mitjan\u00e7ant &#8220;Google Maps&#8221; <strong>com es conserven a l&#8217;actualitat els diferents monuments de l&#8217;Antic Egipte<\/strong>. D&#8217;aquesta manera, vam observar l&#8217;estat actual de les diferents pir\u00e0mides i temples i, fins i tot, vam poder visitar l&#8217;interior d&#8217;alguns d&#8217;aquests temples com el <span class=\"hiddenGrammarError\">d&#8217; Abu<\/span> Simbel o el temple de Luxor.<\/p>\n<p>Despr\u00e9s de fer aquesta activitat, ens va sorgir un gran dubte: <strong>per qu\u00e8 servien tots aquests temples a l&#8217;Antic Egipte?<\/strong><\/p>\n<p>Per resoldre els nostres dubtes, durant les properes setmanes ens <span class=\"hiddenGrammarError\" style=\"padding-bottom: 2px;background-image: url('..\/..\/..\/..\/..\/images\/squiggle.png');background-position: left bottom;cursor: default;color: #000000;font-family: 'Open Sans', Helvetica, Arial, sans-serif;font-size: 16px;font-style: normal;font-weight: 300;letter-spacing: normal;text-align: start;text-indent: 0px;text-transform: none\">haurem<\/span> d&#8217;endinsar en la cultura i la vida a l&#8217;Antic Egipte.<\/p>\n<p>Fins aviat fam\u00edlies!<\/p>\n<p><a href=\"https:\/\/agora.xtec.cat\/ceip-lasardana\/wp-content\/uploads\/usu659\/2021\/10\/IMG_20211004_155105.jpg\"><img loading=\"lazy\" decoding=\"async\" class=\"alignnone size-full wp-image-9833\" src=\"https:\/\/agora.xtec.cat\/ceip-lasardana\/wp-content\/uploads\/usu659\/2021\/10\/IMG_20211004_155105.jpg\" alt=\"\" width=\"925\" height=\"520\" srcset=\"https:\/\/agora.xtec.cat\/ceip-lasardana\/wp-content\/uploads\/usu659\/2021\/10\/IMG_20211004_155105.jpg 925w, https:\/\/agora.xtec.cat\/ceip-lasardana\/wp-content\/uploads\/usu659\/2021\/10\/IMG_20211004_155105-300x169.jpg 300w, https:\/\/agora.xtec.cat\/ceip-lasardana\/wp-content\/uploads\/usu659\/2021\/10\/IMG_20211004_155105-768x432.jpg 768w\" sizes=\"auto, (max-width: 925px) 100vw, 925px\" \/><\/a> <a href=\"https:\/\/agora.xtec.cat\/ceip-lasardana\/wp-content\/uploads\/usu659\/2021\/10\/IMG_20211004_155059.jpg\"><img loading=\"lazy\" decoding=\"async\" class=\"alignnone size-full wp-image-9832\" src=\"https:\/\/agora.xtec.cat\/ceip-lasardana\/wp-content\/uploads\/usu659\/2021\/10\/IMG_20211004_155059.jpg\" alt=\"\" width=\"626\" height=\"517\" srcset=\"https:\/\/agora.xtec.cat\/ceip-lasardana\/wp-content\/uploads\/usu659\/2021\/10\/IMG_20211004_155059.jpg 626w, https:\/\/agora.xtec.cat\/ceip-lasardana\/wp-content\/uploads\/usu659\/2021\/10\/IMG_20211004_155059-300x248.jpg 300w\" sizes=\"auto, (max-width: 626px) 100vw, 626px\" \/><\/a> <a href=\"https:\/\/agora.xtec.cat\/ceip-lasardana\/wp-content\/uploads\/usu659\/2021\/10\/IMG_20211004_155054.jpg\"><img loading=\"lazy\" decoding=\"async\" class=\"alignnone size-full wp-image-9831\" src=\"https:\/\/agora.xtec.cat\/ceip-lasardana\/wp-content\/uploads\/usu659\/2021\/10\/IMG_20211004_155054.jpg\" alt=\"\" width=\"925\" height=\"520\" srcset=\"https:\/\/agora.xtec.cat\/ceip-lasardana\/wp-content\/uploads\/usu659\/2021\/10\/IMG_20211004_155054.jpg 925w, https:\/\/agora.xtec.cat\/ceip-lasardana\/wp-content\/uploads\/usu659\/2021\/10\/IMG_20211004_155054-300x169.jpg 300w, https:\/\/agora.xtec.cat\/ceip-lasardana\/wp-content\/uploads\/usu659\/2021\/10\/IMG_20211004_155054-768x432.jpg 768w\" sizes=\"auto, (max-width: 925px) 100vw, 925px\" \/><\/a> <a href=\"https:\/\/agora.xtec.cat\/ceip-lasardana\/wp-content\/uploads\/usu659\/2021\/10\/IMG_20211004_155052.jpg\"><img loading=\"lazy\" decoding=\"async\" class=\"alignnone size-full wp-image-9830\" src=\"https:\/\/agora.xtec.cat\/ceip-lasardana\/wp-content\/uploads\/usu659\/2021\/10\/IMG_20211004_155052.jpg\" alt=\"\" width=\"935\" height=\"621\" srcset=\"https:\/\/agora.xtec.cat\/ceip-lasardana\/wp-content\/uploads\/usu659\/2021\/10\/IMG_20211004_155052.jpg 935w, https:\/\/agora.xtec.cat\/ceip-lasardana\/wp-content\/uploads\/usu659\/2021\/10\/IMG_20211004_155052-300x199.jpg 300w, https:\/\/agora.xtec.cat\/ceip-lasardana\/wp-content\/uploads\/usu659\/2021\/10\/IMG_20211004_155052-768x510.jpg 768w\" sizes=\"auto, (max-width: 935px) 100vw, 935px\" \/><\/a> <a href=\"https:\/\/agora.xtec.cat\/ceip-lasardana\/wp-content\/uploads\/usu659\/2021\/10\/IMG_20211004_154819.jpg\"><img loading=\"lazy\" decoding=\"async\" class=\"alignnone size-full wp-image-9829\" src=\"https:\/\/agora.xtec.cat\/ceip-lasardana\/wp-content\/uploads\/usu659\/2021\/10\/IMG_20211004_154819.jpg\" alt=\"\" width=\"578\" height=\"325\" srcset=\"https:\/\/agora.xtec.cat\/ceip-lasardana\/wp-content\/uploads\/usu659\/2021\/10\/IMG_20211004_154819.jpg 578w, https:\/\/agora.xtec.cat\/ceip-lasardana\/wp-content\/uploads\/usu659\/2021\/10\/IMG_20211004_154819-300x169.jpg 300w\" sizes=\"auto, (max-width: 578px) 100vw, 578px\" \/><\/a><\/p>\n<p>&nbsp;<\/p>\n","protected":false},"excerpt":{"rendered":"<p>Els alumnes i les alumnes de\u00a04tB\u00a0feia dues setmanes que estavem intentant escollir un tema o pregunta que ens serv\u00eds com a punt de partida per comen\u00e7ar el primer projecte d&#8217;aquest curs escolar. Despr\u00e9s de moltes converses, raonaments i votacions, hem acabat decidint que el nostre&hellip;  <a href=\"https:\/\/agora.xtec.cat\/ceip-lasardana\/general\/la-classe-de-4tb-ja-ha-escollit-el-nou-projecte\/\" title=\"Read La classe de 4tB ja ha escollit el nou projecte!\">Llegeix m\u00e9s\u00bb<\/a><\/p>\n","protected":false},"author":71,"featured_media":9832,"comment_status":"open","ping_status":"closed","sticky":false,"template":"","format":"standard","meta":{"_bbp_topic_count":0,"_bbp_reply_count":0,"_bbp_total_topic_count":0,"_bbp_total_reply_count":0,"_bbp_voice_count":0,"_bbp_anonymous_reply_count":0,"_bbp_topic_count_hidden":0,"_bbp_reply_count_hidden":0,"_bbp_forum_subforum_count":0,"footnotes":""},"categories":[13,182,1,4,5],"tags":[156],"class_list":["post-9826","post","type-post","status-publish","format-standard","has-post-thumbnail","hentry","category-4t","category-curs-2021-2022","category-general","category-portada","category-primaria","tag-cicle-mitja"],"post_mailing_queue_ids":[],"_links":{"self":[{"href":"https:\/\/agora.xtec.cat\/ceip-lasardana\/wp-json\/wp\/v2\/posts\/9826","targetHints":{"allow":["GET"]}}],"collection":[{"href":"https:\/\/agora.xtec.cat\/ceip-lasardana\/wp-json\/wp\/v2\/posts"}],"about":[{"href":"https:\/\/agora.xtec.cat\/ceip-lasardana\/wp-json\/wp\/v2\/types\/post"}],"author":[{"embeddable":true,"href":"https:\/\/agora.xtec.cat\/ceip-lasardana\/wp-json\/wp\/v2\/users\/71"}],"replies":[{"embeddable":true,"href":"https:\/\/agora.xtec.cat\/ceip-lasardana\/wp-json\/wp\/v2\/comments?post=9826"}],"version-history":[{"count":3,"href":"https:\/\/agora.xtec.cat\/ceip-lasardana\/wp-json\/wp\/v2\/posts\/9826\/revisions"}],"predecessor-version":[{"id":9839,"href":"https:\/\/agora.xtec.cat\/ceip-lasardana\/wp-json\/wp\/v2\/posts\/9826\/revisions\/9839"}],"wp:featuredmedia":[{"embeddable":true,"href":"https:\/\/agora.xtec.cat\/ceip-lasardana\/wp-json\/wp\/v2\/media\/9832"}],"wp:attachment":[{"href":"https:\/\/agora.xtec.cat\/ceip-lasardana\/wp-json\/wp\/v2\/media?parent=9826"}],"wp:term":[{"taxonomy":"category","embeddable":true,"href":"https:\/\/agora.xtec.cat\/ceip-lasardana\/wp-json\/wp\/v2\/categories?post=9826"},{"taxonomy":"post_tag","embeddable":true,"href":"https:\/\/agora.xtec.cat\/ceip-lasardana\/wp-json\/wp\/v2\/tags?post=9826"}],"curies":[{"name":"wp","href":"https:\/\/api.w.org\/{rel}","templated":true}]}}