{"id":964,"date":"2016-06-08T23:10:28","date_gmt":"2016-06-08T22:10:28","guid":{"rendered":"http:\/\/agora.xtec.cat\/ceip-lasardana\/?p=964"},"modified":"2016-06-08T23:14:47","modified_gmt":"2016-06-08T22:14:47","slug":"5-de-juny-dia-mundial-del-medi-ambient","status":"publish","type":"post","link":"https:\/\/agora.xtec.cat\/ceip-lasardana\/general\/5-de-juny-dia-mundial-del-medi-ambient\/","title":{"rendered":"5 de juny. Dia Mundial del medi ambient"},"content":{"rendered":"<p>A tot el m\u00f3n es va celebrar el diumenge 5 de juny el <strong>Dia mundial del Medi Ambient<\/strong> (DMMA). Aix\u00ed ho va establir l&#8217;assemblea General de les Nacions Unides al 1972. Aquest \u00e9s un dels principals vehicles pels quals l&#8217;Organitzaci\u00f3 de les Nacions Unides estimula la sensibilitzaci\u00f3 mundial entorn del medi ambient i intensifica l&#8217;atenci\u00f3 i l&#8217;acci\u00f3 pol\u00edtica.<\/p>\n<p>A la nostra poblaci\u00f3 el passat divendres 3 de juny,\u00a0 et canviaven una idea per una carmanyola. Una iniciativa que promou aquesta conscienciaci\u00f3 de respecte pel nostre planeta i que volia contribuir a l&#8217;hora de garantir un <strong>esmorzar sense residus.<\/strong><\/p>\n<p>Molts dels nostres alumnes van participar de manera espont\u00e0nia.\u00a0 Aquestes s\u00f3n algunes de les seves idees:<\/p>\n<p style=\"text-align: center\">&#8221; Reutilitza la roba vella i no utilitzis el paper d&#8217;alumini&#8221;\u00a0\u00a0\u00a0\u00a0\u00a0\u00a0 Khadija Ben yedir<\/p>\n<p style=\"text-align: center\">&#8220;Utilitza les papereres&#8221;\u00a0\u00a0\u00a0\u00a0\u00a0\u00a0\u00a0\u00a0\u00a0\u00a0\u00a0\u00a0\u00a0\u00a0\u00a0\u00a0\u00a0\u00a0\u00a0\u00a0\u00a0\u00a0\u00a0\u00a0\u00a0\u00a0\u00a0\u00a0\u00a0\u00a0\u00a0\u00a0\u00a0\u00a0\u00a0\u00a0\u00a0\u00a0\u00a0\u00a0\u00a0\u00a0\u00a0\u00a0\u00a0\u00a0\u00a0\u00a0\u00a0\u00a0\u00a0\u00a0 David Tomala<\/p>\n<p style=\"text-align: center\">&#8220;No trepitgeu les plantes, les hem de cuidar&#8221;\u00a0\u00a0\u00a0\u00a0\u00a0\u00a0\u00a0\u00a0\u00a0\u00a0\u00a0\u00a0\u00a0\u00a0\u00a0\u00a0\u00a0\u00a0\u00a0 Sanaira Tomala<\/p>\n<p>&nbsp;<\/p>\n<p>.<a href=\"http:\/\/agora.xtec.cat\/ceip-lasardana\/wp-content\/uploads\/usu659\/2016\/06\/Dia-mundial-del-medi-ambient.jpg\" rel=\"attachment wp-att-965\"><img loading=\"lazy\" decoding=\"async\" class=\"alignnone wp-image-965\" src=\"http:\/\/agora.xtec.cat\/ceip-lasardana\/wp-content\/uploads\/usu659\/2016\/06\/Dia-mundial-del-medi-ambient-724x1024.jpg\" alt=\"Dia-mundial-del-medi-ambient\" width=\"203\" height=\"287\" srcset=\"https:\/\/agora.xtec.cat\/ceip-lasardana\/wp-content\/uploads\/usu659\/2016\/06\/Dia-mundial-del-medi-ambient-724x1024.jpg 724w, https:\/\/agora.xtec.cat\/ceip-lasardana\/wp-content\/uploads\/usu659\/2016\/06\/Dia-mundial-del-medi-ambient-212x300.jpg 212w, https:\/\/agora.xtec.cat\/ceip-lasardana\/wp-content\/uploads\/usu659\/2016\/06\/Dia-mundial-del-medi-ambient-768x1086.jpg 768w, https:\/\/agora.xtec.cat\/ceip-lasardana\/wp-content\/uploads\/usu659\/2016\/06\/Dia-mundial-del-medi-ambient.jpg 842w\" sizes=\"auto, (max-width: 203px) 100vw, 203px\" \/><\/a> \u00a0 \u00a0 \u00a0 \u00a0 \u00a0 \u00a0 \u00a0 \u00a0 \u00a0\u00a0 <a href=\"http:\/\/agora.xtec.cat\/ceip-lasardana\/wp-content\/uploads\/usu659\/2016\/06\/Dia-mundial-del-medi-ambient2-1024x723.jpg\" rel=\"attachment wp-att-966\"><img loading=\"lazy\" decoding=\"async\" class=\"alignnone wp-image-966\" src=\"http:\/\/agora.xtec.cat\/ceip-lasardana\/wp-content\/uploads\/usu659\/2016\/06\/Dia-mundial-del-medi-ambient2-1024x723-1024x723.jpg\" alt=\"Dia-mundial-del-medi-ambient2-1024x723\" width=\"364\" height=\"257\" srcset=\"https:\/\/agora.xtec.cat\/ceip-lasardana\/wp-content\/uploads\/usu659\/2016\/06\/Dia-mundial-del-medi-ambient2-1024x723.jpg 1024w, https:\/\/agora.xtec.cat\/ceip-lasardana\/wp-content\/uploads\/usu659\/2016\/06\/Dia-mundial-del-medi-ambient2-1024x723-300x212.jpg 300w, https:\/\/agora.xtec.cat\/ceip-lasardana\/wp-content\/uploads\/usu659\/2016\/06\/Dia-mundial-del-medi-ambient2-1024x723-768x542.jpg 768w\" sizes=\"auto, (max-width: 364px) 100vw, 364px\" \/><\/a><\/p>\n","protected":false},"excerpt":{"rendered":"<p>A tot el m\u00f3n es va celebrar el diumenge 5 de juny el Dia mundial del Medi Ambient (DMMA). Aix\u00ed ho va establir l&#8217;assemblea General de les Nacions Unides al 1972. Aquest \u00e9s un dels principals vehicles pels quals l&#8217;Organitzaci\u00f3 de les Nacions Unides estimula&hellip;  <a href=\"https:\/\/agora.xtec.cat\/ceip-lasardana\/general\/5-de-juny-dia-mundial-del-medi-ambient\/\" title=\"Read 5 de juny. Dia Mundial del medi ambient\">Llegeix m\u00e9s\u00bb<\/a><\/p>\n","protected":false},"author":8,"featured_media":0,"comment_status":"open","ping_status":"open","sticky":false,"template":"","format":"standard","meta":{"_bbp_topic_count":0,"_bbp_reply_count":0,"_bbp_total_topic_count":0,"_bbp_total_reply_count":0,"_bbp_voice_count":0,"_bbp_anonymous_reply_count":0,"_bbp_topic_count_hidden":0,"_bbp_reply_count_hidden":0,"_bbp_forum_subforum_count":0,"footnotes":""},"categories":[22,1,4],"tags":[],"class_list":["post-964","post","type-post","status-publish","format-standard","hentry","category-escola-verda","category-general","category-portada"],"post_mailing_queue_ids":[],"_links":{"self":[{"href":"https:\/\/agora.xtec.cat\/ceip-lasardana\/wp-json\/wp\/v2\/posts\/964","targetHints":{"allow":["GET"]}}],"collection":[{"href":"https:\/\/agora.xtec.cat\/ceip-lasardana\/wp-json\/wp\/v2\/posts"}],"about":[{"href":"https:\/\/agora.xtec.cat\/ceip-lasardana\/wp-json\/wp\/v2\/types\/post"}],"author":[{"embeddable":true,"href":"https:\/\/agora.xtec.cat\/ceip-lasardana\/wp-json\/wp\/v2\/users\/8"}],"replies":[{"embeddable":true,"href":"https:\/\/agora.xtec.cat\/ceip-lasardana\/wp-json\/wp\/v2\/comments?post=964"}],"version-history":[{"count":1,"href":"https:\/\/agora.xtec.cat\/ceip-lasardana\/wp-json\/wp\/v2\/posts\/964\/revisions"}],"predecessor-version":[{"id":967,"href":"https:\/\/agora.xtec.cat\/ceip-lasardana\/wp-json\/wp\/v2\/posts\/964\/revisions\/967"}],"wp:attachment":[{"href":"https:\/\/agora.xtec.cat\/ceip-lasardana\/wp-json\/wp\/v2\/media?parent=964"}],"wp:term":[{"taxonomy":"category","embeddable":true,"href":"https:\/\/agora.xtec.cat\/ceip-lasardana\/wp-json\/wp\/v2\/categories?post=964"},{"taxonomy":"post_tag","embeddable":true,"href":"https:\/\/agora.xtec.cat\/ceip-lasardana\/wp-json\/wp\/v2\/tags?post=964"}],"curies":[{"name":"wp","href":"https:\/\/api.w.org\/{rel}","templated":true}]}}