{"id":9341,"date":"2021-06-05T11:54:11","date_gmt":"2021-06-05T09:54:11","guid":{"rendered":"http:\/\/agora.xtec.cat\/ceip-lasardana\/?p=9341"},"modified":"2021-06-07T18:23:07","modified_gmt":"2021-06-07T16:23:07","slug":"dia-mundial-del-medi-ambient-3","status":"publish","type":"post","link":"https:\/\/agora.xtec.cat\/ceip-lasardana\/general\/dia-mundial-del-medi-ambient-3\/","title":{"rendered":"Dia Mundial del Medi ambient"},"content":{"rendered":"<p><a href=\"https:\/\/agora.xtec.cat\/ceip-lasardana\/wp-content\/uploads\/usu659\/2021\/06\/5-juny-dia-mundial-del-medi-ambient.png\"><img loading=\"lazy\" decoding=\"async\" class=\"wp-image-9342 alignleft\" src=\"https:\/\/agora.xtec.cat\/ceip-lasardana\/wp-content\/uploads\/usu659\/2021\/06\/5-juny-dia-mundial-del-medi-ambient.png\" alt=\"\" width=\"278\" height=\"159\" srcset=\"https:\/\/agora.xtec.cat\/ceip-lasardana\/wp-content\/uploads\/usu659\/2021\/06\/5-juny-dia-mundial-del-medi-ambient.png 709w, https:\/\/agora.xtec.cat\/ceip-lasardana\/wp-content\/uploads\/usu659\/2021\/06\/5-juny-dia-mundial-del-medi-ambient-300x171.png 300w\" sizes=\"auto, (max-width: 278px) 100vw, 278px\" \/><\/a>Com sabeu, el 5 de juny celebrem el <em><strong>Dia Mundial del Medi Ambient<\/strong><\/em> .<\/p>\n<p>El lema acordat per celebrar el dia del Medi Ambient enguany \u00e9s\u00a0<strong><em>\u201cLa restauraci\u00f3 dels ecosistemes i la urg\u00e8ncia per fer les paus amb la natura\u201d<\/em><\/strong><\/p>\n<p>&nbsp;<\/p>\n<p>Els ecosistemes s\u00f3n la base de la vida en el planeta. Tenir-ne cura repercuteix de forma directa en la salut del planeta i en els seus habitants.<\/p>\n<p>L&#8217;objectiu \u00e9s recuperar aquells ecosistemes deteriorats o degradats i alhora preservar i protegir aquells que encara estan intactes perqu\u00e8 uns ecosistemes saludables tenen beneficis per una biodiversitat m\u00e9s rica, unes terres m\u00e9s f\u00e8rtils i amb major productivitat i com no, sumar en la lluita contra el canvi clim\u00e0tic.<\/p>\n<p>D&#8217;aquesta manera podrem millorar la nostra qualitat de vida, ajudar a eradicar la pobresa al m\u00f3n i fer cam\u00ed cap a <strong><em>una societat i un futur sostenible.<\/em><\/strong><\/p>\n<p>L&#8217;Escola la Sardana participar\u00e0 amb la <strong><em>Setmana de la Natura <\/em><\/strong>duent a terme diferents activitats amb la finalitat de fomentar en els nostres infants aquest comprom\u00eds amb el medi ambient!<\/p>\n","protected":false},"excerpt":{"rendered":"<p><a href=\"https:\/\/agora.xtec.cat\/ceip-lasardana\/wp-content\/uploads\/usu659\/2021\/06\/5-juny-dia-mundial-del-medi-ambient.png\"><\/a>Com sabeu, el 5 de juny celebrem el Dia Mundial del Medi Ambient .<br \/>\nEl lema acordat per celebrar el dia del Medi Ambient enguany \u00e9s\u00a0\u201cLa restauraci\u00f3 dels ecosistemes i la urg\u00e8ncia per fer les paus amb la natura\u201d<br \/>\n&nbsp;<br \/>\nEls ecosistemes s\u00f3n la base de la&hellip;  <a href=\"https:\/\/agora.xtec.cat\/ceip-lasardana\/general\/dia-mundial-del-medi-ambient-3\/\" title=\"Read Dia Mundial del Medi ambient\">Llegeix m\u00e9s\u00bb<\/a><\/p>\n","protected":false},"author":8,"featured_media":9342,"comment_status":"open","ping_status":"closed","sticky":false,"template":"","format":"standard","meta":{"_bbp_topic_count":0,"_bbp_reply_count":0,"_bbp_total_topic_count":0,"_bbp_total_reply_count":0,"_bbp_voice_count":0,"_bbp_anonymous_reply_count":0,"_bbp_topic_count_hidden":0,"_bbp_reply_count_hidden":0,"_bbp_forum_subforum_count":0,"footnotes":""},"categories":[98,170,22,1,4],"tags":[],"class_list":["post-9341","post","type-post","status-publish","format-standard","has-post-thumbnail","hentry","category-aula-de-ciencies","category-curs20-21","category-escola-verda","category-general","category-portada"],"post_mailing_queue_ids":[],"_links":{"self":[{"href":"https:\/\/agora.xtec.cat\/ceip-lasardana\/wp-json\/wp\/v2\/posts\/9341","targetHints":{"allow":["GET"]}}],"collection":[{"href":"https:\/\/agora.xtec.cat\/ceip-lasardana\/wp-json\/wp\/v2\/posts"}],"about":[{"href":"https:\/\/agora.xtec.cat\/ceip-lasardana\/wp-json\/wp\/v2\/types\/post"}],"author":[{"embeddable":true,"href":"https:\/\/agora.xtec.cat\/ceip-lasardana\/wp-json\/wp\/v2\/users\/8"}],"replies":[{"embeddable":true,"href":"https:\/\/agora.xtec.cat\/ceip-lasardana\/wp-json\/wp\/v2\/comments?post=9341"}],"version-history":[{"count":2,"href":"https:\/\/agora.xtec.cat\/ceip-lasardana\/wp-json\/wp\/v2\/posts\/9341\/revisions"}],"predecessor-version":[{"id":9344,"href":"https:\/\/agora.xtec.cat\/ceip-lasardana\/wp-json\/wp\/v2\/posts\/9341\/revisions\/9344"}],"wp:featuredmedia":[{"embeddable":true,"href":"https:\/\/agora.xtec.cat\/ceip-lasardana\/wp-json\/wp\/v2\/media\/9342"}],"wp:attachment":[{"href":"https:\/\/agora.xtec.cat\/ceip-lasardana\/wp-json\/wp\/v2\/media?parent=9341"}],"wp:term":[{"taxonomy":"category","embeddable":true,"href":"https:\/\/agora.xtec.cat\/ceip-lasardana\/wp-json\/wp\/v2\/categories?post=9341"},{"taxonomy":"post_tag","embeddable":true,"href":"https:\/\/agora.xtec.cat\/ceip-lasardana\/wp-json\/wp\/v2\/tags?post=9341"}],"curies":[{"name":"wp","href":"https:\/\/api.w.org\/{rel}","templated":true}]}}