{"id":9209,"date":"2021-05-21T11:01:29","date_gmt":"2021-05-21T09:01:29","guid":{"rendered":"http:\/\/agora.xtec.cat\/ceip-lasardana\/?p=9209"},"modified":"2021-05-21T11:12:43","modified_gmt":"2021-05-21T09:12:43","slug":"art-collaboratiu-creacions-amb-paper","status":"publish","type":"post","link":"https:\/\/agora.xtec.cat\/ceip-lasardana\/portada\/art-collaboratiu-creacions-amb-paper\/","title":{"rendered":"Art col\u00b7laboratiu: creacions amb paper."},"content":{"rendered":"<p style=\"text-align: justify\">Els <em>alumnes de prim\u00e0ria<\/em> acepten un nou repte d&#8217;<strong>art col\u00b7labratiu<\/strong>: transformar paper!<\/p>\n<p style=\"text-align: justify\">Quan pleguen el paper, els infants desenvolupen especialment la motricitat fina, i per tant, la sensibilitat a les puntes dels dits, la prensi\u00f3 i la pressi\u00f3, la coordinaci\u00f3 de les mans i els dits, l&#8217;orientaci\u00f3 espacial i la representaci\u00f3 en l&#8217;espai.<\/p>\n<p style=\"text-align: justify\">En les mans dels nens i les nenes, el paper deixa de ser un element pla sobre una superf\u00edcie horitzontal. P<span style=\"font-family: inherit;font-size: 1em\">leguen el paper, l&#8217;uneixen, el superposen, l&#8217;ensamblen, el modelen, tallen formes i tamanys.<\/span><span style=\"font-family: inherit;font-size: 1em\">.. Creen volums i passen del pla bidimensional al tridimensional. Tot plegat, el paper es converteix en una font de m\u00faltiples possibilitats i els alumnes construeixen composicions ben diverses.<\/span><\/p>\n<p style=\"text-align: justify\">I per qu\u00e8 art col\u00b7laboratiu? Aquesta forma d&#8217;expressi\u00f3 art\u00edstica permet que les nenes i els nens persegueixin un projecte com\u00fa, on tots i totes juguen un paper clau: promou el sentiment de pertinen\u00e7a a la comunitat educativa, fomenta l&#8217;intercanvi d&#8217;idees, potencia la creativitat i millora la confian\u00e7a en el grup i la comunicaci\u00f3, ja que promou valors com la cooperaci\u00f3, el treball en equip, l&#8217;empatia i el respecte, entre d&#8217;altres.<\/p>\n<p style=\"text-align: justify\"><span style=\"font-family: inherit;font-size: 1em\">L&#8217;escola, a m\u00e9s d&#8217;un espai d&#8217;aprenentatge, \u00e9s un espai de vida per als infants. Per aquest motiu, els nostres alumnes prenen sempre protagonisme a l&#8217;hora de decorar l&#8217;escola i crear ambients acollidors amb les seves produccions. Tanmateix, aconsegueixen fer l&#8217;espai seu, i fa que se sentin b\u00e9 en el mateix.<\/span><\/p>\n<p style=\"text-align: justify\">Aqu\u00ed teniu una petita mostra del proc\u00e9s seguit i del resultat. Tots tenim el potencial de crear coses m\u00e0giques, i<a href=\"https:\/\/photos.app.goo.gl\/Bz3kPHv6tv3Lz9pu8\"> junts arribem m\u00e9s lluny!!<\/a><\/p>\n<p>&nbsp;<\/p>\n","protected":false},"excerpt":{"rendered":"<p>Els alumnes de prim\u00e0ria acepten un nou repte d&#8217;art col\u00b7labratiu: transformar paper!<br \/>\nQuan pleguen el paper, els infants desenvolupen especialment la motricitat fina, i per tant, la sensibilitat a les puntes dels dits, la prensi\u00f3 i la pressi\u00f3, la coordinaci\u00f3 de les mans i els dits,&hellip;  <a href=\"https:\/\/agora.xtec.cat\/ceip-lasardana\/portada\/art-collaboratiu-creacions-amb-paper\/\" title=\"Read Art col\u00b7laboratiu: creacions amb paper.\">Llegeix m\u00e9s\u00bb<\/a><\/p>\n","protected":false},"author":6,"featured_media":9221,"comment_status":"open","ping_status":"closed","sticky":false,"template":"","format":"standard","meta":{"_bbp_topic_count":0,"_bbp_reply_count":0,"_bbp_total_topic_count":0,"_bbp_total_reply_count":0,"_bbp_voice_count":0,"_bbp_anonymous_reply_count":0,"_bbp_topic_count_hidden":0,"_bbp_reply_count_hidden":0,"_bbp_forum_subforum_count":0,"footnotes":""},"categories":[4,5],"tags":[],"class_list":["post-9209","post","type-post","status-publish","format-standard","has-post-thumbnail","hentry","category-portada","category-primaria"],"post_mailing_queue_ids":[],"_links":{"self":[{"href":"https:\/\/agora.xtec.cat\/ceip-lasardana\/wp-json\/wp\/v2\/posts\/9209","targetHints":{"allow":["GET"]}}],"collection":[{"href":"https:\/\/agora.xtec.cat\/ceip-lasardana\/wp-json\/wp\/v2\/posts"}],"about":[{"href":"https:\/\/agora.xtec.cat\/ceip-lasardana\/wp-json\/wp\/v2\/types\/post"}],"author":[{"embeddable":true,"href":"https:\/\/agora.xtec.cat\/ceip-lasardana\/wp-json\/wp\/v2\/users\/6"}],"replies":[{"embeddable":true,"href":"https:\/\/agora.xtec.cat\/ceip-lasardana\/wp-json\/wp\/v2\/comments?post=9209"}],"version-history":[{"count":3,"href":"https:\/\/agora.xtec.cat\/ceip-lasardana\/wp-json\/wp\/v2\/posts\/9209\/revisions"}],"predecessor-version":[{"id":9223,"href":"https:\/\/agora.xtec.cat\/ceip-lasardana\/wp-json\/wp\/v2\/posts\/9209\/revisions\/9223"}],"wp:featuredmedia":[{"embeddable":true,"href":"https:\/\/agora.xtec.cat\/ceip-lasardana\/wp-json\/wp\/v2\/media\/9221"}],"wp:attachment":[{"href":"https:\/\/agora.xtec.cat\/ceip-lasardana\/wp-json\/wp\/v2\/media?parent=9209"}],"wp:term":[{"taxonomy":"category","embeddable":true,"href":"https:\/\/agora.xtec.cat\/ceip-lasardana\/wp-json\/wp\/v2\/categories?post=9209"},{"taxonomy":"post_tag","embeddable":true,"href":"https:\/\/agora.xtec.cat\/ceip-lasardana\/wp-json\/wp\/v2\/tags?post=9209"}],"curies":[{"name":"wp","href":"https:\/\/api.w.org\/{rel}","templated":true}]}}