{"id":9104,"date":"2021-04-26T09:24:57","date_gmt":"2021-04-26T07:24:57","guid":{"rendered":"http:\/\/agora.xtec.cat\/ceip-lasardana\/?p=9104"},"modified":"2021-04-26T09:26:17","modified_gmt":"2021-04-26T07:26:17","slug":"diada-de-sant-jordi-a-cicle-superior","status":"publish","type":"post","link":"https:\/\/agora.xtec.cat\/ceip-lasardana\/general\/diada-de-sant-jordi-a-cicle-superior\/","title":{"rendered":"Diada de Sant Jordi a Cicle Superior"},"content":{"rendered":"<p>Un any m\u00e9s els nens i nenes de Cicle Superior hem celebrat la Diada de Sant Jordi entregant els premis del concurs literari del cicle. A m\u00e9s, hem constru\u00eft un m\u00f2bil en forma de drac i hem fet uns dibuixos en grup sobre la diada. Aqu\u00ed us mostrem un petit recull del nostre dia:<\/p>\n<p><a href=\"https:\/\/agora.xtec.cat\/ceip-lasardana\/wp-content\/uploads\/usu659\/2021\/04\/unnamed-1.jpg\"><img loading=\"lazy\" decoding=\"async\" class=\"alignnone size-large wp-image-9124\" src=\"https:\/\/agora.xtec.cat\/ceip-lasardana\/wp-content\/uploads\/usu659\/2021\/04\/unnamed-1-768x1024.jpg\" alt=\"\" width=\"768\" height=\"1024\" srcset=\"https:\/\/agora.xtec.cat\/ceip-lasardana\/wp-content\/uploads\/usu659\/2021\/04\/unnamed-1-768x1024.jpg 768w, https:\/\/agora.xtec.cat\/ceip-lasardana\/wp-content\/uploads\/usu659\/2021\/04\/unnamed-1-225x300.jpg 225w, https:\/\/agora.xtec.cat\/ceip-lasardana\/wp-content\/uploads\/usu659\/2021\/04\/unnamed-1.jpg 1536w\" sizes=\"auto, (max-width: 768px) 100vw, 768px\" \/><\/a><a href=\"https:\/\/agora.xtec.cat\/ceip-lasardana\/wp-content\/uploads\/usu659\/2021\/04\/8357277f-137f-4979-8b8d-b1c6ef025b52.jpg\"><img loading=\"lazy\" decoding=\"async\" class=\"alignnone size-large wp-image-9121\" src=\"https:\/\/agora.xtec.cat\/ceip-lasardana\/wp-content\/uploads\/usu659\/2021\/04\/8357277f-137f-4979-8b8d-b1c6ef025b52-768x1024.jpg\" alt=\"\" width=\"768\" height=\"1024\" srcset=\"https:\/\/agora.xtec.cat\/ceip-lasardana\/wp-content\/uploads\/usu659\/2021\/04\/8357277f-137f-4979-8b8d-b1c6ef025b52-768x1024.jpg 768w, https:\/\/agora.xtec.cat\/ceip-lasardana\/wp-content\/uploads\/usu659\/2021\/04\/8357277f-137f-4979-8b8d-b1c6ef025b52-225x300.jpg 225w, https:\/\/agora.xtec.cat\/ceip-lasardana\/wp-content\/uploads\/usu659\/2021\/04\/8357277f-137f-4979-8b8d-b1c6ef025b52.jpg 1536w\" sizes=\"auto, (max-width: 768px) 100vw, 768px\" \/><\/a><a href=\"https:\/\/agora.xtec.cat\/ceip-lasardana\/wp-content\/uploads\/usu659\/2021\/04\/e9194dfc-40c5-4f90-9fa0-a71d36e75423.jpg\"><img loading=\"lazy\" decoding=\"async\" class=\"alignnone size-large wp-image-9122\" src=\"https:\/\/agora.xtec.cat\/ceip-lasardana\/wp-content\/uploads\/usu659\/2021\/04\/e9194dfc-40c5-4f90-9fa0-a71d36e75423-768x1024.jpg\" alt=\"\" width=\"768\" height=\"1024\" srcset=\"https:\/\/agora.xtec.cat\/ceip-lasardana\/wp-content\/uploads\/usu659\/2021\/04\/e9194dfc-40c5-4f90-9fa0-a71d36e75423-768x1024.jpg 768w, https:\/\/agora.xtec.cat\/ceip-lasardana\/wp-content\/uploads\/usu659\/2021\/04\/e9194dfc-40c5-4f90-9fa0-a71d36e75423-225x300.jpg 225w, https:\/\/agora.xtec.cat\/ceip-lasardana\/wp-content\/uploads\/usu659\/2021\/04\/e9194dfc-40c5-4f90-9fa0-a71d36e75423.jpg 1536w\" sizes=\"auto, (max-width: 768px) 100vw, 768px\" \/><\/a><a href=\"https:\/\/agora.xtec.cat\/ceip-lasardana\/wp-content\/uploads\/usu659\/2021\/04\/2db754d2-4d31-4a2e-a8a9-439be8516b8d.jpg\"><img loading=\"lazy\" decoding=\"async\" class=\"alignnone size-large wp-image-9123\" src=\"https:\/\/agora.xtec.cat\/ceip-lasardana\/wp-content\/uploads\/usu659\/2021\/04\/2db754d2-4d31-4a2e-a8a9-439be8516b8d-768x1024.jpg\" alt=\"\" width=\"768\" height=\"1024\" srcset=\"https:\/\/agora.xtec.cat\/ceip-lasardana\/wp-content\/uploads\/usu659\/2021\/04\/2db754d2-4d31-4a2e-a8a9-439be8516b8d-768x1024.jpg 768w, https:\/\/agora.xtec.cat\/ceip-lasardana\/wp-content\/uploads\/usu659\/2021\/04\/2db754d2-4d31-4a2e-a8a9-439be8516b8d-225x300.jpg 225w, https:\/\/agora.xtec.cat\/ceip-lasardana\/wp-content\/uploads\/usu659\/2021\/04\/2db754d2-4d31-4a2e-a8a9-439be8516b8d.jpg 1536w\" sizes=\"auto, (max-width: 768px) 100vw, 768px\" \/><\/a><\/p>\n<p><a href=\"https:\/\/agora.xtec.cat\/ceip-lasardana\/wp-content\/uploads\/usu659\/2021\/04\/5af3ed21-63f5-4581-ac35-288797ff00d7.jpg\"><img loading=\"lazy\" decoding=\"async\" class=\"alignnone size-large wp-image-9118\" src=\"https:\/\/agora.xtec.cat\/ceip-lasardana\/wp-content\/uploads\/usu659\/2021\/04\/5af3ed21-63f5-4581-ac35-288797ff00d7-1024x461.jpg\" alt=\"\" width=\"1024\" height=\"461\" srcset=\"https:\/\/agora.xtec.cat\/ceip-lasardana\/wp-content\/uploads\/usu659\/2021\/04\/5af3ed21-63f5-4581-ac35-288797ff00d7-1024x461.jpg 1024w, https:\/\/agora.xtec.cat\/ceip-lasardana\/wp-content\/uploads\/usu659\/2021\/04\/5af3ed21-63f5-4581-ac35-288797ff00d7-300x135.jpg 300w, https:\/\/agora.xtec.cat\/ceip-lasardana\/wp-content\/uploads\/usu659\/2021\/04\/5af3ed21-63f5-4581-ac35-288797ff00d7-768x346.jpg 768w, https:\/\/agora.xtec.cat\/ceip-lasardana\/wp-content\/uploads\/usu659\/2021\/04\/5af3ed21-63f5-4581-ac35-288797ff00d7.jpg 2000w\" sizes=\"auto, (max-width: 1024px) 100vw, 1024px\" \/><\/a><a href=\"https:\/\/agora.xtec.cat\/ceip-lasardana\/wp-content\/uploads\/usu659\/2021\/04\/194f1c61-7b1f-446c-b10d-7b1ebcfebfb6.jpg\"><img loading=\"lazy\" decoding=\"async\" class=\"alignnone size-large wp-image-9119\" src=\"https:\/\/agora.xtec.cat\/ceip-lasardana\/wp-content\/uploads\/usu659\/2021\/04\/194f1c61-7b1f-446c-b10d-7b1ebcfebfb6-1024x768.jpg\" alt=\"\" width=\"1024\" height=\"768\" srcset=\"https:\/\/agora.xtec.cat\/ceip-lasardana\/wp-content\/uploads\/usu659\/2021\/04\/194f1c61-7b1f-446c-b10d-7b1ebcfebfb6-1024x768.jpg 1024w, https:\/\/agora.xtec.cat\/ceip-lasardana\/wp-content\/uploads\/usu659\/2021\/04\/194f1c61-7b1f-446c-b10d-7b1ebcfebfb6-300x225.jpg 300w, https:\/\/agora.xtec.cat\/ceip-lasardana\/wp-content\/uploads\/usu659\/2021\/04\/194f1c61-7b1f-446c-b10d-7b1ebcfebfb6-768x576.jpg 768w, https:\/\/agora.xtec.cat\/ceip-lasardana\/wp-content\/uploads\/usu659\/2021\/04\/194f1c61-7b1f-446c-b10d-7b1ebcfebfb6-200x150.jpg 200w, https:\/\/agora.xtec.cat\/ceip-lasardana\/wp-content\/uploads\/usu659\/2021\/04\/194f1c61-7b1f-446c-b10d-7b1ebcfebfb6.jpg 2048w\" sizes=\"auto, (max-width: 1024px) 100vw, 1024px\" \/><\/a><a href=\"https:\/\/agora.xtec.cat\/ceip-lasardana\/wp-content\/uploads\/usu659\/2021\/04\/413abe44-8ede-4133-91e8-e6f336805cb3.jpg\"><img loading=\"lazy\" decoding=\"async\" class=\"alignnone size-large wp-image-9120\" src=\"https:\/\/agora.xtec.cat\/ceip-lasardana\/wp-content\/uploads\/usu659\/2021\/04\/413abe44-8ede-4133-91e8-e6f336805cb3-1024x768.jpg\" alt=\"\" width=\"1024\" height=\"768\" srcset=\"https:\/\/agora.xtec.cat\/ceip-lasardana\/wp-content\/uploads\/usu659\/2021\/04\/413abe44-8ede-4133-91e8-e6f336805cb3-1024x768.jpg 1024w, https:\/\/agora.xtec.cat\/ceip-lasardana\/wp-content\/uploads\/usu659\/2021\/04\/413abe44-8ede-4133-91e8-e6f336805cb3-300x225.jpg 300w, https:\/\/agora.xtec.cat\/ceip-lasardana\/wp-content\/uploads\/usu659\/2021\/04\/413abe44-8ede-4133-91e8-e6f336805cb3-768x576.jpg 768w, https:\/\/agora.xtec.cat\/ceip-lasardana\/wp-content\/uploads\/usu659\/2021\/04\/413abe44-8ede-4133-91e8-e6f336805cb3-200x150.jpg 200w, https:\/\/agora.xtec.cat\/ceip-lasardana\/wp-content\/uploads\/usu659\/2021\/04\/413abe44-8ede-4133-91e8-e6f336805cb3.jpg 1600w\" sizes=\"auto, (max-width: 1024px) 100vw, 1024px\" \/><\/a><\/p>\n","protected":false},"excerpt":{"rendered":"<p>Un any m\u00e9s els nens i nenes de Cicle Superior hem celebrat la Diada de Sant Jordi entregant els premis del concurs literari del cicle. A m\u00e9s, hem constru\u00eft un m\u00f2bil en forma de drac i hem fet uns dibuixos en grup sobre la diada.&hellip;  <a href=\"https:\/\/agora.xtec.cat\/ceip-lasardana\/general\/diada-de-sant-jordi-a-cicle-superior\/\" title=\"Read Diada de Sant Jordi a Cicle Superior\">Llegeix m\u00e9s\u00bb<\/a><\/p>\n","protected":false},"author":1,"featured_media":9120,"comment_status":"open","ping_status":"closed","sticky":false,"template":"","format":"standard","meta":{"_bbp_topic_count":0,"_bbp_reply_count":0,"_bbp_total_topic_count":0,"_bbp_total_reply_count":0,"_bbp_voice_count":0,"_bbp_anonymous_reply_count":0,"_bbp_topic_count_hidden":0,"_bbp_reply_count_hidden":0,"_bbp_forum_subforum_count":0,"footnotes":""},"categories":[14,15,1,4],"tags":[],"class_list":["post-9104","post","type-post","status-publish","format-standard","has-post-thumbnail","hentry","category-5e","category-6e","category-general","category-portada"],"post_mailing_queue_ids":[],"_links":{"self":[{"href":"https:\/\/agora.xtec.cat\/ceip-lasardana\/wp-json\/wp\/v2\/posts\/9104","targetHints":{"allow":["GET"]}}],"collection":[{"href":"https:\/\/agora.xtec.cat\/ceip-lasardana\/wp-json\/wp\/v2\/posts"}],"about":[{"href":"https:\/\/agora.xtec.cat\/ceip-lasardana\/wp-json\/wp\/v2\/types\/post"}],"author":[{"embeddable":true,"href":"https:\/\/agora.xtec.cat\/ceip-lasardana\/wp-json\/wp\/v2\/users\/1"}],"replies":[{"embeddable":true,"href":"https:\/\/agora.xtec.cat\/ceip-lasardana\/wp-json\/wp\/v2\/comments?post=9104"}],"version-history":[{"count":2,"href":"https:\/\/agora.xtec.cat\/ceip-lasardana\/wp-json\/wp\/v2\/posts\/9104\/revisions"}],"predecessor-version":[{"id":9126,"href":"https:\/\/agora.xtec.cat\/ceip-lasardana\/wp-json\/wp\/v2\/posts\/9104\/revisions\/9126"}],"wp:featuredmedia":[{"embeddable":true,"href":"https:\/\/agora.xtec.cat\/ceip-lasardana\/wp-json\/wp\/v2\/media\/9120"}],"wp:attachment":[{"href":"https:\/\/agora.xtec.cat\/ceip-lasardana\/wp-json\/wp\/v2\/media?parent=9104"}],"wp:term":[{"taxonomy":"category","embeddable":true,"href":"https:\/\/agora.xtec.cat\/ceip-lasardana\/wp-json\/wp\/v2\/categories?post=9104"},{"taxonomy":"post_tag","embeddable":true,"href":"https:\/\/agora.xtec.cat\/ceip-lasardana\/wp-json\/wp\/v2\/tags?post=9104"}],"curies":[{"name":"wp","href":"https:\/\/api.w.org\/{rel}","templated":true}]}}