{"id":8946,"date":"2021-03-18T09:00:16","date_gmt":"2021-03-18T08:00:16","guid":{"rendered":"http:\/\/agora.xtec.cat\/ceip-lasardana\/?p=8946"},"modified":"2021-03-18T09:33:48","modified_gmt":"2021-03-18T08:33:48","slug":"torna-la-jugateca-del-parc-joan-oliver","status":"publish","type":"post","link":"https:\/\/agora.xtec.cat\/ceip-lasardana\/portada\/torna-la-jugateca-del-parc-joan-oliver\/","title":{"rendered":"Torna la Jugateca del Parc Joan Oliver!"},"content":{"rendered":"<p><a href=\"https:\/\/agora.xtec.cat\/ceip-lasardana\/wp-content\/uploads\/usu659\/2021\/03\/jugateca.png\"><img loading=\"lazy\" decoding=\"async\" class=\"size-full wp-image-8948 alignleft\" src=\"https:\/\/agora.xtec.cat\/ceip-lasardana\/wp-content\/uploads\/usu659\/2021\/03\/jugateca.png\" alt=\"\" width=\"434\" height=\"612\" srcset=\"https:\/\/agora.xtec.cat\/ceip-lasardana\/wp-content\/uploads\/usu659\/2021\/03\/jugateca.png 434w, https:\/\/agora.xtec.cat\/ceip-lasardana\/wp-content\/uploads\/usu659\/2021\/03\/jugateca-213x300.png 213w\" sizes=\"auto, (max-width: 434px) 100vw, 434px\" \/><\/a><\/p>\n<p>La Jugatecambiental obre les seves portes per donar la benvinguda a la Primavera!<\/p>\n<p>La temporada s&#8217;inicia aquest diumenge 21 de mar\u00e7 i s\u2019allargar\u00e0 fins el 6 de juny i es far\u00e0 tots els diumenges d\u201911.30 a 13.30 h, al Parc de Joan Oliver.<\/p>\n<p>A banda de les activitats programades, la Jugatecambiental de Badia disposar\u00e0 d\u2019espai de joc i experimentaci\u00f3 guiats per educadors, un punt d\u2019informaci\u00f3 amb propostes per gaudir del parc i del municipi i una activitat guiada diferent cada dia, relacionada amb la natura i el medi ambient. Ser\u00e0 doncs, un espai ideal on les fam\u00edlies amb nens i nenes de totes les edats podran compartir una estona de joc i experimentaci\u00f3, a m\u00e9s de molts continguts relacionats amb la sostenibilitat tot garantint les mesures de prevenci\u00f3 i seguretat establertes.<\/p>\n<p>&nbsp;<\/p>\n<p>&nbsp;<\/p>\n","protected":false},"excerpt":{"rendered":"<p><a href=\"https:\/\/agora.xtec.cat\/ceip-lasardana\/wp-content\/uploads\/usu659\/2021\/03\/jugateca.png\"><\/a><br \/>\nLa Jugatecambiental obre les seves portes per donar la benvinguda a la Primavera!<br \/>\nLa temporada s&#8217;inicia aquest diumenge 21 de mar\u00e7 i s\u2019allargar\u00e0 fins el 6 de juny i es far\u00e0 tots els diumenges d\u201911.30 a 13.30 h, al Parc de Joan Oliver.<br \/>\nA banda de&hellip;  <a href=\"https:\/\/agora.xtec.cat\/ceip-lasardana\/portada\/torna-la-jugateca-del-parc-joan-oliver\/\" title=\"Read Torna la Jugateca del Parc Joan Oliver!\">Llegeix m\u00e9s\u00bb<\/a><\/p>\n","protected":false},"author":8,"featured_media":0,"comment_status":"open","ping_status":"closed","sticky":false,"template":"","format":"standard","meta":{"_bbp_topic_count":0,"_bbp_reply_count":0,"_bbp_total_topic_count":0,"_bbp_total_reply_count":0,"_bbp_voice_count":0,"_bbp_anonymous_reply_count":0,"_bbp_topic_count_hidden":0,"_bbp_reply_count_hidden":0,"_bbp_forum_subforum_count":0,"footnotes":""},"categories":[22,4],"tags":[],"class_list":["post-8946","post","type-post","status-publish","format-standard","hentry","category-escola-verda","category-portada"],"post_mailing_queue_ids":[],"_links":{"self":[{"href":"https:\/\/agora.xtec.cat\/ceip-lasardana\/wp-json\/wp\/v2\/posts\/8946","targetHints":{"allow":["GET"]}}],"collection":[{"href":"https:\/\/agora.xtec.cat\/ceip-lasardana\/wp-json\/wp\/v2\/posts"}],"about":[{"href":"https:\/\/agora.xtec.cat\/ceip-lasardana\/wp-json\/wp\/v2\/types\/post"}],"author":[{"embeddable":true,"href":"https:\/\/agora.xtec.cat\/ceip-lasardana\/wp-json\/wp\/v2\/users\/8"}],"replies":[{"embeddable":true,"href":"https:\/\/agora.xtec.cat\/ceip-lasardana\/wp-json\/wp\/v2\/comments?post=8946"}],"version-history":[{"count":3,"href":"https:\/\/agora.xtec.cat\/ceip-lasardana\/wp-json\/wp\/v2\/posts\/8946\/revisions"}],"predecessor-version":[{"id":8964,"href":"https:\/\/agora.xtec.cat\/ceip-lasardana\/wp-json\/wp\/v2\/posts\/8946\/revisions\/8964"}],"wp:attachment":[{"href":"https:\/\/agora.xtec.cat\/ceip-lasardana\/wp-json\/wp\/v2\/media?parent=8946"}],"wp:term":[{"taxonomy":"category","embeddable":true,"href":"https:\/\/agora.xtec.cat\/ceip-lasardana\/wp-json\/wp\/v2\/categories?post=8946"},{"taxonomy":"post_tag","embeddable":true,"href":"https:\/\/agora.xtec.cat\/ceip-lasardana\/wp-json\/wp\/v2\/tags?post=8946"}],"curies":[{"name":"wp","href":"https:\/\/api.w.org\/{rel}","templated":true}]}}