{"id":8870,"date":"2021-03-04T10:24:21","date_gmt":"2021-03-04T09:24:21","guid":{"rendered":"http:\/\/agora.xtec.cat\/ceip-lasardana\/?p=8870"},"modified":"2021-03-05T09:34:06","modified_gmt":"2021-03-05T08:34:06","slug":"dones-valentes-espectacle-familiar-a-lauditori","status":"publish","type":"post","link":"https:\/\/agora.xtec.cat\/ceip-lasardana\/portada\/dones-valentes-espectacle-familiar-a-lauditori\/","title":{"rendered":"&#8220;Dones valentes&#8221;, espectacle familiar a l&#8217;Auditori!"},"content":{"rendered":"<p><a href=\"https:\/\/agora.xtec.cat\/ceip-lasardana\/wp-content\/uploads\/usu659\/2021\/03\/dones_imatge.jpg\"><img loading=\"lazy\" decoding=\"async\" class=\"alignnone size-large wp-image-8871\" src=\"https:\/\/agora.xtec.cat\/ceip-lasardana\/wp-content\/uploads\/usu659\/2021\/03\/dones_imatge-1024x683.jpg\" alt=\"\" width=\"1024\" height=\"683\" srcset=\"https:\/\/agora.xtec.cat\/ceip-lasardana\/wp-content\/uploads\/usu659\/2021\/03\/dones_imatge-1024x683.jpg 1024w, https:\/\/agora.xtec.cat\/ceip-lasardana\/wp-content\/uploads\/usu659\/2021\/03\/dones_imatge-300x200.jpg 300w, https:\/\/agora.xtec.cat\/ceip-lasardana\/wp-content\/uploads\/usu659\/2021\/03\/dones_imatge-768x512.jpg 768w, https:\/\/agora.xtec.cat\/ceip-lasardana\/wp-content\/uploads\/usu659\/2021\/03\/dones_imatge.jpg 1200w\" sizes=\"auto, (max-width: 1024px) 100vw, 1024px\" \/><\/a>Fam\u00edlies us volem informar d&#8217;una activitat que es realitzar\u00e0 aquest diumenge 7 de mar\u00e7, a les 12 del migdia a l&#8217;Auditori Municipal.<br \/>\nHi haur\u00e0 un espectacle familiar &#8220;Dones valentes&#8221;, com a part dels actes pel Dia Internacional de la Dona. L&#8217;espectacle \u00e9s a c\u00e0rrec de Sensedrama Teatre, i est\u00e0 dirigit a fam\u00edlies i infants de 7 a 12 anys. Per assistir-hi, cal reservar 1 entrada pr\u00e8via per PER PERSONA (Pots posar el teu nom i DNI a l&#8217;entrada del teu fill).<br \/>\n\u00c9s temps de dones, de &#8220;Dones valentes&#8221;. En aquest espectacle, ens endinsarem en la vida, traject\u00f2ria, aventures i desventures de dones que han superat tota mena de dificultats i que destaquen per tot all\u00f2 que han aconseguit. Com \u00e9s habitual en els espectacles familiars de Sensedrama Teatre, comptar\u00e0 amb la participaci\u00f3 del p\u00fablic, per a dur a terme algunes proves ben divertides.<\/p>\n<p>Per assistir-hi \u00e9s necessari reservar entrada, que \u00e9s gratu\u00efta. Cal reservar 1 entrada per a cada persona de la teva fam\u00edlia. A l&#8217;hora de reservar l&#8217;entrada, el sistema et demanar\u00e0 nom i DNI. Pots tornar a posar les teves dades per reservar les entrades dels teus infants, per\u00f2 necessites que cada persona disposi d&#8217;una entrada, per q\u00fcestions de reserva d&#8217;espai.<\/p>\n<p>Reserva les entrades per a la teva fam\u00edlia a www.recintes.cat\/badiadelvalles.<\/p>\n<p>Si necessites ajuda per inscriure&#8217;t o vols anul\u00b7lar una entrada que hagis reservat, envia un mail a: navalescn@badiadelvalles.net.<\/p>\n<p>L&#8217;acte es portar\u00e0 a terme garantint totes les mesures de seguretat i higiene davant la COVID-19.<\/p>\n","protected":false},"excerpt":{"rendered":"<p><a href=\"https:\/\/agora.xtec.cat\/ceip-lasardana\/wp-content\/uploads\/usu659\/2021\/03\/dones_imatge.jpg\"><\/a>Fam\u00edlies us volem informar d&#8217;una activitat que es realitzar\u00e0 aquest diumenge 7 de mar\u00e7, a les 12 del migdia a l&#8217;Auditori Municipal.<br \/>\nHi haur\u00e0 un espectacle familiar &#8220;Dones valentes&#8221;, com a part dels actes pel Dia Internacional de la Dona. L&#8217;espectacle \u00e9s a c\u00e0rrec de&hellip;  <a href=\"https:\/\/agora.xtec.cat\/ceip-lasardana\/portada\/dones-valentes-espectacle-familiar-a-lauditori\/\" title=\"Read &#8220;Dones valentes&#8221;, espectacle familiar a l&#8217;Auditori!\">Llegeix m\u00e9s\u00bb<\/a><\/p>\n","protected":false},"author":8,"featured_media":8871,"comment_status":"open","ping_status":"closed","sticky":false,"template":"","format":"standard","meta":{"_bbp_topic_count":0,"_bbp_reply_count":0,"_bbp_total_topic_count":0,"_bbp_total_reply_count":0,"_bbp_voice_count":0,"_bbp_anonymous_reply_count":0,"_bbp_topic_count_hidden":0,"_bbp_reply_count_hidden":0,"_bbp_forum_subforum_count":0,"footnotes":""},"categories":[4],"tags":[],"class_list":["post-8870","post","type-post","status-publish","format-standard","has-post-thumbnail","hentry","category-portada"],"post_mailing_queue_ids":[],"_links":{"self":[{"href":"https:\/\/agora.xtec.cat\/ceip-lasardana\/wp-json\/wp\/v2\/posts\/8870","targetHints":{"allow":["GET"]}}],"collection":[{"href":"https:\/\/agora.xtec.cat\/ceip-lasardana\/wp-json\/wp\/v2\/posts"}],"about":[{"href":"https:\/\/agora.xtec.cat\/ceip-lasardana\/wp-json\/wp\/v2\/types\/post"}],"author":[{"embeddable":true,"href":"https:\/\/agora.xtec.cat\/ceip-lasardana\/wp-json\/wp\/v2\/users\/8"}],"replies":[{"embeddable":true,"href":"https:\/\/agora.xtec.cat\/ceip-lasardana\/wp-json\/wp\/v2\/comments?post=8870"}],"version-history":[{"count":3,"href":"https:\/\/agora.xtec.cat\/ceip-lasardana\/wp-json\/wp\/v2\/posts\/8870\/revisions"}],"predecessor-version":[{"id":8895,"href":"https:\/\/agora.xtec.cat\/ceip-lasardana\/wp-json\/wp\/v2\/posts\/8870\/revisions\/8895"}],"wp:featuredmedia":[{"embeddable":true,"href":"https:\/\/agora.xtec.cat\/ceip-lasardana\/wp-json\/wp\/v2\/media\/8871"}],"wp:attachment":[{"href":"https:\/\/agora.xtec.cat\/ceip-lasardana\/wp-json\/wp\/v2\/media?parent=8870"}],"wp:term":[{"taxonomy":"category","embeddable":true,"href":"https:\/\/agora.xtec.cat\/ceip-lasardana\/wp-json\/wp\/v2\/categories?post=8870"},{"taxonomy":"post_tag","embeddable":true,"href":"https:\/\/agora.xtec.cat\/ceip-lasardana\/wp-json\/wp\/v2\/tags?post=8870"}],"curies":[{"name":"wp","href":"https:\/\/api.w.org\/{rel}","templated":true}]}}