{"id":8619,"date":"2021-02-14T13:24:45","date_gmt":"2021-02-14T12:24:45","guid":{"rendered":"http:\/\/agora.xtec.cat\/ceip-lasardana\/?p=8619"},"modified":"2021-02-18T09:25:12","modified_gmt":"2021-02-18T08:25:12","slug":"carnaval-al-cicle-mitja","status":"publish","type":"post","link":"https:\/\/agora.xtec.cat\/ceip-lasardana\/portada\/carnaval-al-cicle-mitja\/","title":{"rendered":"Carnaval al Cicle Mitj\u00e0"},"content":{"rendered":"<p>En aquesta setmana de carnaval, els alumnes del cicle mitj\u00e0, han sigut molt obedients i han fet cas de totes les consignes que el nostre senyor carnestoltes que els ha manat : venir en pijama, amb un barret, amb un pentinat ben esbojarrat i disfressats el divendres.<\/p>\n<p>Dels quatre grups del CM, el que s\u2019ha emportat el trofeu a la classe m\u00e9s poca-solta ha sigut els nostres companys i companyes de 4t A. FELICITATS!!!<\/p>\n<p><a href=\"https:\/\/agora.xtec.cat\/ceip-lasardana\/wp-content\/uploads\/usu659\/2021\/02\/4t-A-CM.jpg\"><img loading=\"lazy\" decoding=\"async\" class=\"alignnone wp-image-8646\" src=\"https:\/\/agora.xtec.cat\/ceip-lasardana\/wp-content\/uploads\/usu659\/2021\/02\/4t-A-CM-1024x575.jpg\" alt=\"\" width=\"689\" height=\"387\" srcset=\"https:\/\/agora.xtec.cat\/ceip-lasardana\/wp-content\/uploads\/usu659\/2021\/02\/4t-A-CM-1024x575.jpg 1024w, https:\/\/agora.xtec.cat\/ceip-lasardana\/wp-content\/uploads\/usu659\/2021\/02\/4t-A-CM-300x169.jpg 300w, https:\/\/agora.xtec.cat\/ceip-lasardana\/wp-content\/uploads\/usu659\/2021\/02\/4t-A-CM-768x432.jpg 768w, https:\/\/agora.xtec.cat\/ceip-lasardana\/wp-content\/uploads\/usu659\/2021\/02\/4t-A-CM.jpg 1600w\" sizes=\"auto, (max-width: 689px) 100vw, 689px\" \/><\/a><\/p>\n<p>El carnaval d\u2019enguany, no ha sigut tant festiu com altres anys, no hem fet la rua pel poble, ni hem ballat tots plegats , lluint les nostres disfresses amb tots els companys i companyes de l\u2019escola &#8230;<\/p>\n<p>Per\u00f2 amb el nostre grup-bombolla hem gaudit del dijous gras, fent una sortida a un dels parcs del nostre poble i el divendres hem realitzat diverses activitats carnavalesques.<\/p>\n<p>I com diu la can\u00e7\u00f3 del grup Pa\u00eds de Xauxa:<\/p>\n<p><em>\u00a0 \u00a0 \u00a0 \u00a0 \u00a0 \u00a0 \u00a0 \u00a0 \u00a0 \u00a0\u2026Pel febrer el carnestoltes<\/em><\/p>\n<p><em>\u00a0 \u00a0 \u00a0 \u00a0 \u00a0 \u00a0 \u00a0 \u00a0 \u00a0 \u00a0 \u00a0 \u00a0Ens convida a fer tabola<\/em><\/p>\n<p><em>\u00a0 \u00a0 \u00a0 \u00a0 \u00a0 \u00a0 \u00a0 \u00a0 \u00a0 \u00a0 \u00a0 Que no falti la disbauxa<\/em><\/p>\n<p><em>\u00a0 \u00a0 \u00a0 \u00a0 \u00a0 \u00a0 \u00a0 \u00a0 \u00a0 \u00a0 \u00a0 Xerinola i sarau.. <\/em><\/p>\n<p>Malgrat a la situaci\u00f3 pand\u00e8mica hem fet una mica de gresca i ens divertit tots plegats.<\/p>\n<p>Aqu\u00ed teniu un petit recull de les activitats realitzades. <a href=\"https:\/\/drive.google.com\/file\/d\/1V6uSPyjgv6jd0EzdliNvKiRaI2g4s4B4\/view?usp=sharing\" target=\"_blank\" rel=\"noopener noreferrer\"><img loading=\"lazy\" decoding=\"async\" class=\"aligncenter wp-image-8647\" src=\"https:\/\/agora.xtec.cat\/ceip-lasardana\/wp-content\/uploads\/usu659\/2021\/02\/camara-fotos.jpg\" alt=\"\" width=\"181\" height=\"147\" \/><\/a><\/p>\n","protected":false},"excerpt":{"rendered":"<p>En aquesta setmana de carnaval, els alumnes del cicle mitj\u00e0, han sigut molt obedients i han fet cas de totes les consignes que el nostre senyor carnestoltes que els ha manat : venir en pijama, amb un barret, amb un pentinat ben esbojarrat i disfressats&hellip;  <a href=\"https:\/\/agora.xtec.cat\/ceip-lasardana\/portada\/carnaval-al-cicle-mitja\/\" title=\"Read Carnaval al Cicle Mitj\u00e0\">Llegeix m\u00e9s\u00bb<\/a><\/p>\n","protected":false},"author":14,"featured_media":8646,"comment_status":"open","ping_status":"closed","sticky":false,"template":"","format":"standard","meta":{"_bbp_topic_count":0,"_bbp_reply_count":0,"_bbp_total_topic_count":0,"_bbp_total_reply_count":0,"_bbp_voice_count":0,"_bbp_anonymous_reply_count":0,"_bbp_topic_count_hidden":0,"_bbp_reply_count_hidden":0,"_bbp_forum_subforum_count":0,"footnotes":""},"categories":[12,13,4],"tags":[],"class_list":["post-8619","post","type-post","status-publish","format-standard","has-post-thumbnail","hentry","category-3r","category-4t","category-portada"],"post_mailing_queue_ids":[],"_links":{"self":[{"href":"https:\/\/agora.xtec.cat\/ceip-lasardana\/wp-json\/wp\/v2\/posts\/8619","targetHints":{"allow":["GET"]}}],"collection":[{"href":"https:\/\/agora.xtec.cat\/ceip-lasardana\/wp-json\/wp\/v2\/posts"}],"about":[{"href":"https:\/\/agora.xtec.cat\/ceip-lasardana\/wp-json\/wp\/v2\/types\/post"}],"author":[{"embeddable":true,"href":"https:\/\/agora.xtec.cat\/ceip-lasardana\/wp-json\/wp\/v2\/users\/14"}],"replies":[{"embeddable":true,"href":"https:\/\/agora.xtec.cat\/ceip-lasardana\/wp-json\/wp\/v2\/comments?post=8619"}],"version-history":[{"count":3,"href":"https:\/\/agora.xtec.cat\/ceip-lasardana\/wp-json\/wp\/v2\/posts\/8619\/revisions"}],"predecessor-version":[{"id":8649,"href":"https:\/\/agora.xtec.cat\/ceip-lasardana\/wp-json\/wp\/v2\/posts\/8619\/revisions\/8649"}],"wp:featuredmedia":[{"embeddable":true,"href":"https:\/\/agora.xtec.cat\/ceip-lasardana\/wp-json\/wp\/v2\/media\/8646"}],"wp:attachment":[{"href":"https:\/\/agora.xtec.cat\/ceip-lasardana\/wp-json\/wp\/v2\/media?parent=8619"}],"wp:term":[{"taxonomy":"category","embeddable":true,"href":"https:\/\/agora.xtec.cat\/ceip-lasardana\/wp-json\/wp\/v2\/categories?post=8619"},{"taxonomy":"post_tag","embeddable":true,"href":"https:\/\/agora.xtec.cat\/ceip-lasardana\/wp-json\/wp\/v2\/tags?post=8619"}],"curies":[{"name":"wp","href":"https:\/\/api.w.org\/{rel}","templated":true}]}}