{"id":8559,"date":"2021-02-12T20:08:02","date_gmt":"2021-02-12T19:08:02","guid":{"rendered":"http:\/\/agora.xtec.cat\/ceip-lasardana\/?p=8559"},"modified":"2021-02-12T20:22:39","modified_gmt":"2021-02-12T19:22:39","slug":"carnestoltes-2021-a-cicle-superior","status":"publish","type":"post","link":"https:\/\/agora.xtec.cat\/ceip-lasardana\/general\/carnestoltes-2021-a-cicle-superior\/","title":{"rendered":"Carnestoltes a Cicle Superior!"},"content":{"rendered":"<p><span style=\"font-weight: 400\">Avui divendres hem posat punt i final a la setmana de carnestoltes de l&#8217;escola. Despr\u00e9s d&#8217;haver seguit les consignes de Sa Majestat el Rei Carnestoltes al peu de la lletra, avui, els nens i nenes de l&#8217;escola hem vingut disfressats de superherois i superhero\u00efnes, pirates, Joker, policies, futbolistes, membres de &#8220;La casa de papel&#8221;, bruixes, etc.<\/span><\/p>\n<p><span style=\"font-weight: 400\">Aquest any, seguint les mesures COVID-19 no hem pogut fer la rua pels carrers de Badia i ens hem quedat a l&#8217;escola duent a terme diferents activitats: desfilada de disfresses, teatre (hist\u00f2ries amb els seus personatges), mural art\u00edstic i taller de m\u00e0scares. A m\u00e9s, a l&#8217;hora del pati hem fet entrega del &#8220;Premi a la classe m\u00e9s poca-solta&#8221;. Enguany, la classe premiada amb la copa ha sigut 5\u00e8 A!<\/span><\/p>\n<p><a href=\"https:\/\/agora.xtec.cat\/ceip-lasardana\/wp-content\/uploads\/usu659\/2021\/02\/254aee21-c4a1-44a5-96ff-8ab6ed29f454.jpg\"><img loading=\"lazy\" decoding=\"async\" class=\"alignnone size-large wp-image-8567\" src=\"https:\/\/agora.xtec.cat\/ceip-lasardana\/wp-content\/uploads\/usu659\/2021\/02\/254aee21-c4a1-44a5-96ff-8ab6ed29f454-1024x768.jpg\" alt=\"\" width=\"1024\" height=\"768\" srcset=\"https:\/\/agora.xtec.cat\/ceip-lasardana\/wp-content\/uploads\/usu659\/2021\/02\/254aee21-c4a1-44a5-96ff-8ab6ed29f454.jpg 1024w, https:\/\/agora.xtec.cat\/ceip-lasardana\/wp-content\/uploads\/usu659\/2021\/02\/254aee21-c4a1-44a5-96ff-8ab6ed29f454-300x225.jpg 300w, https:\/\/agora.xtec.cat\/ceip-lasardana\/wp-content\/uploads\/usu659\/2021\/02\/254aee21-c4a1-44a5-96ff-8ab6ed29f454-768x576.jpg 768w, https:\/\/agora.xtec.cat\/ceip-lasardana\/wp-content\/uploads\/usu659\/2021\/02\/254aee21-c4a1-44a5-96ff-8ab6ed29f454-200x150.jpg 200w\" sizes=\"auto, (max-width: 1024px) 100vw, 1024px\" \/><\/a> <a href=\"https:\/\/agora.xtec.cat\/ceip-lasardana\/wp-content\/uploads\/usu659\/2021\/02\/51e7da4c-dae2-43b6-a4c3-6bb09b01cf8a.jpg\"><img loading=\"lazy\" decoding=\"async\" class=\"alignnone size-large wp-image-8566\" src=\"https:\/\/agora.xtec.cat\/ceip-lasardana\/wp-content\/uploads\/usu659\/2021\/02\/51e7da4c-dae2-43b6-a4c3-6bb09b01cf8a-1024x768.jpg\" alt=\"\" width=\"1024\" height=\"768\" srcset=\"https:\/\/agora.xtec.cat\/ceip-lasardana\/wp-content\/uploads\/usu659\/2021\/02\/51e7da4c-dae2-43b6-a4c3-6bb09b01cf8a-1024x768.jpg 1024w, https:\/\/agora.xtec.cat\/ceip-lasardana\/wp-content\/uploads\/usu659\/2021\/02\/51e7da4c-dae2-43b6-a4c3-6bb09b01cf8a-300x225.jpg 300w, https:\/\/agora.xtec.cat\/ceip-lasardana\/wp-content\/uploads\/usu659\/2021\/02\/51e7da4c-dae2-43b6-a4c3-6bb09b01cf8a-768x576.jpg 768w, https:\/\/agora.xtec.cat\/ceip-lasardana\/wp-content\/uploads\/usu659\/2021\/02\/51e7da4c-dae2-43b6-a4c3-6bb09b01cf8a-200x150.jpg 200w, https:\/\/agora.xtec.cat\/ceip-lasardana\/wp-content\/uploads\/usu659\/2021\/02\/51e7da4c-dae2-43b6-a4c3-6bb09b01cf8a.jpg 2048w\" sizes=\"auto, (max-width: 1024px) 100vw, 1024px\" \/><\/a> <a href=\"https:\/\/agora.xtec.cat\/ceip-lasardana\/wp-content\/uploads\/usu659\/2021\/02\/af7a14c4-10bd-421f-89e7-e061f2e321ae.jpg\"><img loading=\"lazy\" decoding=\"async\" class=\"alignnone size-large wp-image-8565\" src=\"https:\/\/agora.xtec.cat\/ceip-lasardana\/wp-content\/uploads\/usu659\/2021\/02\/af7a14c4-10bd-421f-89e7-e061f2e321ae-1024x768.jpg\" alt=\"\" width=\"1024\" height=\"768\" srcset=\"https:\/\/agora.xtec.cat\/ceip-lasardana\/wp-content\/uploads\/usu659\/2021\/02\/af7a14c4-10bd-421f-89e7-e061f2e321ae.jpg 1024w, https:\/\/agora.xtec.cat\/ceip-lasardana\/wp-content\/uploads\/usu659\/2021\/02\/af7a14c4-10bd-421f-89e7-e061f2e321ae-300x225.jpg 300w, https:\/\/agora.xtec.cat\/ceip-lasardana\/wp-content\/uploads\/usu659\/2021\/02\/af7a14c4-10bd-421f-89e7-e061f2e321ae-768x576.jpg 768w, https:\/\/agora.xtec.cat\/ceip-lasardana\/wp-content\/uploads\/usu659\/2021\/02\/af7a14c4-10bd-421f-89e7-e061f2e321ae-200x150.jpg 200w\" sizes=\"auto, (max-width: 1024px) 100vw, 1024px\" \/><\/a> <a href=\"https:\/\/agora.xtec.cat\/ceip-lasardana\/wp-content\/uploads\/usu659\/2021\/02\/cc340dee-97e9-4291-a9e2-ae8c1ca1fb74.jpg\"><img loading=\"lazy\" decoding=\"async\" class=\"alignnone size-large wp-image-8564\" src=\"https:\/\/agora.xtec.cat\/ceip-lasardana\/wp-content\/uploads\/usu659\/2021\/02\/cc340dee-97e9-4291-a9e2-ae8c1ca1fb74-1024x768.jpg\" alt=\"\" width=\"1024\" height=\"768\" srcset=\"https:\/\/agora.xtec.cat\/ceip-lasardana\/wp-content\/uploads\/usu659\/2021\/02\/cc340dee-97e9-4291-a9e2-ae8c1ca1fb74-1024x768.jpg 1024w, https:\/\/agora.xtec.cat\/ceip-lasardana\/wp-content\/uploads\/usu659\/2021\/02\/cc340dee-97e9-4291-a9e2-ae8c1ca1fb74-300x225.jpg 300w, https:\/\/agora.xtec.cat\/ceip-lasardana\/wp-content\/uploads\/usu659\/2021\/02\/cc340dee-97e9-4291-a9e2-ae8c1ca1fb74-768x576.jpg 768w, https:\/\/agora.xtec.cat\/ceip-lasardana\/wp-content\/uploads\/usu659\/2021\/02\/cc340dee-97e9-4291-a9e2-ae8c1ca1fb74-200x150.jpg 200w, https:\/\/agora.xtec.cat\/ceip-lasardana\/wp-content\/uploads\/usu659\/2021\/02\/cc340dee-97e9-4291-a9e2-ae8c1ca1fb74.jpg 2048w\" sizes=\"auto, (max-width: 1024px) 100vw, 1024px\" \/><\/a><\/p>\n<p><span style=\"font-weight: 400\">Aqu\u00ed podeu veure les activitats que hem fet al Cicle Superior.<\/span><\/p>\n<p><span style=\"font-weight: 400\">Tot i ser un carnestoltes at\u00edpic ens ho hem passat genial!<\/span><\/p>\n<p><a href=\"https:\/\/agora.xtec.cat\/ceip-lasardana\/wp-content\/uploads\/usu659\/2021\/02\/ca0aa6c3-a31c-423e-a326-7792752ed721.jpg\"><img loading=\"lazy\" decoding=\"async\" class=\"alignnone size-large wp-image-8562\" src=\"https:\/\/agora.xtec.cat\/ceip-lasardana\/wp-content\/uploads\/usu659\/2021\/02\/ca0aa6c3-a31c-423e-a326-7792752ed721-1024x768.jpg\" alt=\"\" width=\"1024\" height=\"768\" srcset=\"https:\/\/agora.xtec.cat\/ceip-lasardana\/wp-content\/uploads\/usu659\/2021\/02\/ca0aa6c3-a31c-423e-a326-7792752ed721.jpg 1024w, https:\/\/agora.xtec.cat\/ceip-lasardana\/wp-content\/uploads\/usu659\/2021\/02\/ca0aa6c3-a31c-423e-a326-7792752ed721-300x225.jpg 300w, https:\/\/agora.xtec.cat\/ceip-lasardana\/wp-content\/uploads\/usu659\/2021\/02\/ca0aa6c3-a31c-423e-a326-7792752ed721-768x576.jpg 768w, https:\/\/agora.xtec.cat\/ceip-lasardana\/wp-content\/uploads\/usu659\/2021\/02\/ca0aa6c3-a31c-423e-a326-7792752ed721-200x150.jpg 200w\" sizes=\"auto, (max-width: 1024px) 100vw, 1024px\" \/><\/a> <a href=\"https:\/\/agora.xtec.cat\/ceip-lasardana\/wp-content\/uploads\/usu659\/2021\/02\/c5f22fe2-8cf6-4039-a600-0a17397fb462.jpg\"><img loading=\"lazy\" decoding=\"async\" class=\"alignnone size-large wp-image-8561\" src=\"https:\/\/agora.xtec.cat\/ceip-lasardana\/wp-content\/uploads\/usu659\/2021\/02\/c5f22fe2-8cf6-4039-a600-0a17397fb462-1024x768.jpg\" alt=\"\" width=\"1024\" height=\"768\" srcset=\"https:\/\/agora.xtec.cat\/ceip-lasardana\/wp-content\/uploads\/usu659\/2021\/02\/c5f22fe2-8cf6-4039-a600-0a17397fb462.jpg 1024w, https:\/\/agora.xtec.cat\/ceip-lasardana\/wp-content\/uploads\/usu659\/2021\/02\/c5f22fe2-8cf6-4039-a600-0a17397fb462-300x225.jpg 300w, https:\/\/agora.xtec.cat\/ceip-lasardana\/wp-content\/uploads\/usu659\/2021\/02\/c5f22fe2-8cf6-4039-a600-0a17397fb462-768x576.jpg 768w, https:\/\/agora.xtec.cat\/ceip-lasardana\/wp-content\/uploads\/usu659\/2021\/02\/c5f22fe2-8cf6-4039-a600-0a17397fb462-200x150.jpg 200w\" sizes=\"auto, (max-width: 1024px) 100vw, 1024px\" \/><\/a> <a href=\"https:\/\/agora.xtec.cat\/ceip-lasardana\/wp-content\/uploads\/usu659\/2021\/02\/b0df4f81-4f79-4d6a-97ad-37e428ae5005.jpg\"><img loading=\"lazy\" decoding=\"async\" class=\"alignnone size-large wp-image-8560\" src=\"https:\/\/agora.xtec.cat\/ceip-lasardana\/wp-content\/uploads\/usu659\/2021\/02\/b0df4f81-4f79-4d6a-97ad-37e428ae5005-1024x768.jpg\" alt=\"\" width=\"1024\" height=\"768\" srcset=\"https:\/\/agora.xtec.cat\/ceip-lasardana\/wp-content\/uploads\/usu659\/2021\/02\/b0df4f81-4f79-4d6a-97ad-37e428ae5005-1024x768.jpg 1024w, https:\/\/agora.xtec.cat\/ceip-lasardana\/wp-content\/uploads\/usu659\/2021\/02\/b0df4f81-4f79-4d6a-97ad-37e428ae5005-300x225.jpg 300w, https:\/\/agora.xtec.cat\/ceip-lasardana\/wp-content\/uploads\/usu659\/2021\/02\/b0df4f81-4f79-4d6a-97ad-37e428ae5005-768x576.jpg 768w, https:\/\/agora.xtec.cat\/ceip-lasardana\/wp-content\/uploads\/usu659\/2021\/02\/b0df4f81-4f79-4d6a-97ad-37e428ae5005-200x150.jpg 200w, https:\/\/agora.xtec.cat\/ceip-lasardana\/wp-content\/uploads\/usu659\/2021\/02\/b0df4f81-4f79-4d6a-97ad-37e428ae5005.jpg 2000w\" sizes=\"auto, (max-width: 1024px) 100vw, 1024px\" \/><\/a><\/p>\n<p><a href=\"https:\/\/agora.xtec.cat\/ceip-lasardana\/wp-content\/uploads\/usu659\/2021\/02\/b7647d14-2844-4909-9a55-0246d8c539d8.jpg\"><img loading=\"lazy\" decoding=\"async\" class=\"alignnone size-large wp-image-8563\" src=\"https:\/\/agora.xtec.cat\/ceip-lasardana\/wp-content\/uploads\/usu659\/2021\/02\/b7647d14-2844-4909-9a55-0246d8c539d8-1024x768.jpg\" alt=\"\" width=\"1024\" height=\"768\" srcset=\"https:\/\/agora.xtec.cat\/ceip-lasardana\/wp-content\/uploads\/usu659\/2021\/02\/b7647d14-2844-4909-9a55-0246d8c539d8-1024x768.jpg 1024w, https:\/\/agora.xtec.cat\/ceip-lasardana\/wp-content\/uploads\/usu659\/2021\/02\/b7647d14-2844-4909-9a55-0246d8c539d8-300x225.jpg 300w, https:\/\/agora.xtec.cat\/ceip-lasardana\/wp-content\/uploads\/usu659\/2021\/02\/b7647d14-2844-4909-9a55-0246d8c539d8-768x576.jpg 768w, https:\/\/agora.xtec.cat\/ceip-lasardana\/wp-content\/uploads\/usu659\/2021\/02\/b7647d14-2844-4909-9a55-0246d8c539d8-200x150.jpg 200w, https:\/\/agora.xtec.cat\/ceip-lasardana\/wp-content\/uploads\/usu659\/2021\/02\/b7647d14-2844-4909-9a55-0246d8c539d8.jpg 1600w\" sizes=\"auto, (max-width: 1024px) 100vw, 1024px\" \/><\/a><\/p>\n","protected":false},"excerpt":{"rendered":"<p>Avui divendres hem posat punt i final a la setmana de carnestoltes de l&#8217;escola. Despr\u00e9s d&#8217;haver seguit les consignes de Sa Majestat el Rei Carnestoltes al peu de la lletra, avui, els nens i nenes de l&#8217;escola hem vingut disfressats de superherois i superhero\u00efnes, pirates,&hellip;  <a href=\"https:\/\/agora.xtec.cat\/ceip-lasardana\/general\/carnestoltes-2021-a-cicle-superior\/\" title=\"Read Carnestoltes a Cicle Superior!\">Llegeix m\u00e9s\u00bb<\/a><\/p>\n","protected":false},"author":1,"featured_media":0,"comment_status":"open","ping_status":"closed","sticky":false,"template":"","format":"standard","meta":{"_bbp_topic_count":0,"_bbp_reply_count":0,"_bbp_total_topic_count":0,"_bbp_total_reply_count":0,"_bbp_voice_count":0,"_bbp_anonymous_reply_count":0,"_bbp_topic_count_hidden":0,"_bbp_reply_count_hidden":0,"_bbp_forum_subforum_count":0,"footnotes":""},"categories":[14,15,170,39,1,4,5],"tags":[],"class_list":["post-8559","post","type-post","status-publish","format-standard","hentry","category-5e","category-6e","category-curs20-21","category-festes","category-general","category-portada","category-primaria"],"post_mailing_queue_ids":[],"_links":{"self":[{"href":"https:\/\/agora.xtec.cat\/ceip-lasardana\/wp-json\/wp\/v2\/posts\/8559","targetHints":{"allow":["GET"]}}],"collection":[{"href":"https:\/\/agora.xtec.cat\/ceip-lasardana\/wp-json\/wp\/v2\/posts"}],"about":[{"href":"https:\/\/agora.xtec.cat\/ceip-lasardana\/wp-json\/wp\/v2\/types\/post"}],"author":[{"embeddable":true,"href":"https:\/\/agora.xtec.cat\/ceip-lasardana\/wp-json\/wp\/v2\/users\/1"}],"replies":[{"embeddable":true,"href":"https:\/\/agora.xtec.cat\/ceip-lasardana\/wp-json\/wp\/v2\/comments?post=8559"}],"version-history":[{"count":2,"href":"https:\/\/agora.xtec.cat\/ceip-lasardana\/wp-json\/wp\/v2\/posts\/8559\/revisions"}],"predecessor-version":[{"id":8570,"href":"https:\/\/agora.xtec.cat\/ceip-lasardana\/wp-json\/wp\/v2\/posts\/8559\/revisions\/8570"}],"wp:attachment":[{"href":"https:\/\/agora.xtec.cat\/ceip-lasardana\/wp-json\/wp\/v2\/media?parent=8559"}],"wp:term":[{"taxonomy":"category","embeddable":true,"href":"https:\/\/agora.xtec.cat\/ceip-lasardana\/wp-json\/wp\/v2\/categories?post=8559"},{"taxonomy":"post_tag","embeddable":true,"href":"https:\/\/agora.xtec.cat\/ceip-lasardana\/wp-json\/wp\/v2\/tags?post=8559"}],"curies":[{"name":"wp","href":"https:\/\/api.w.org\/{rel}","templated":true}]}}