{"id":8469,"date":"2021-02-12T18:56:46","date_gmt":"2021-02-12T17:56:46","guid":{"rendered":"http:\/\/agora.xtec.cat\/ceip-lasardana\/?p=8469"},"modified":"2021-02-12T18:56:46","modified_gmt":"2021-02-12T17:56:46","slug":"carnaval-a-infantil","status":"publish","type":"post","link":"https:\/\/agora.xtec.cat\/ceip-lasardana\/general\/carnaval-a-infantil\/","title":{"rendered":"Carnaval a infantil!!"},"content":{"rendered":"<p><strong><img loading=\"lazy\" decoding=\"async\" class=\"aligncenter\" src=\"https:\/\/media.istockphoto.com\/vectors\/carnival-banner-vector-id1132049591?k=6&amp;m=1132049591&amp;s=170667a&amp;w=0&amp;h=0IOfRJfN-8ddYEYzlbfQNyvJ-80UaEtMNUvVSXGzCjY=\" alt=\"Resultat d'imatges per a &quot;banner carnaval&quot;\" width=\"604\" height=\"341\" \/><\/strong><span style=\"font-size: medium\">La<\/span><span style=\"font-size: medium\"> fe<\/span><span style=\"font-size: medium\">sta<\/span><span style=\"font-size: medium\"> de Carnaval \u00e9s una de les m\u00e9s arrelades a casa nostra.\u00a0<\/span><span style=\"font-size: medium\">Una festa darrera de la qual hi ha grans dosis d\u2019il\u00b7lusi\u00f3, imaginaci\u00f3, complicitat, organitzaci\u00f3 conjunta i treball.\u00a0<\/span><span style=\"font-size: medium\"> I, malgrat que la dimensi\u00f3 l\u00fadica sigui la m\u00e9s visible, com passa amb totes les festes populars, el Carnaval ofereix una ocasi\u00f3 excel\u00b7lent per barrejar la rauxa amb el seny, el vessant festiu amb el formatiu. Des del treball manual de retallar i enganxar fins\u00a0 a l&#8217;expressi\u00f3 psicomotriu i la musicalitat.<\/span><\/p>\n<p><span style=\"font-size: medium\">Aquest any malgrat la Covid no ens ha perm\u00e8s celebrar aquesta festa de la forma que estem acostumats, el nostre parvulari s&#8217;ha vestit de festa durant tota la setmana. A les classes hem fet diferents tallers per confegir disfresses, hem ballat, rigut i gaudit molt amb les diferents consignes que ens ha donat sa Majestat el Rei Carnestoltes. El passat dijous els nens i les nens d&#8217;educaci\u00f3 infantil vam celebrar el dia de la truita. <\/span> <span style=\"font-size: medium\">\u00a0Tot seguit, aquest divendres hem pogut gaudir de les disfresses de tots els nens i nenes d&#8217;infantil fent una desfilada al pati i hem acabat el mat\u00ed ballant al ritme de la m\u00fasica.<\/span><\/p>\n<p><strong><span style=\"font-size: medium\"><a href=\"https:\/\/photos.app.goo.gl\/rXFtC8JNb7yi7qri9\">Aqu\u00ed <\/a><\/span><\/strong><span style=\"font-size: medium\">t<\/span><span style=\"font-size: medium\">eniu les imatges de tota la setmana, que ha estat molt animada!\u00a0 <\/span><span style=\"font-size: medium\">LLARGA VIDA AL CARNAVAL!<\/span><\/p>\n","protected":false},"excerpt":{"rendered":"<p>La festa de Carnaval \u00e9s una de les m\u00e9s arrelades a casa nostra.\u00a0Una festa darrera de la qual hi ha grans dosis d\u2019il\u00b7lusi\u00f3, imaginaci\u00f3, complicitat, organitzaci\u00f3 conjunta i treball.\u00a0 I, malgrat que la dimensi\u00f3 l\u00fadica sigui la m\u00e9s visible, com passa amb totes les festes&hellip;  <a href=\"https:\/\/agora.xtec.cat\/ceip-lasardana\/general\/carnaval-a-infantil\/\" title=\"Read Carnaval a infantil!!\">Llegeix m\u00e9s\u00bb<\/a><\/p>\n","protected":false},"author":29,"featured_media":0,"comment_status":"open","ping_status":"closed","sticky":false,"template":"","format":"standard","meta":{"_bbp_topic_count":0,"_bbp_reply_count":0,"_bbp_total_topic_count":0,"_bbp_total_reply_count":0,"_bbp_voice_count":0,"_bbp_anonymous_reply_count":0,"_bbp_topic_count_hidden":0,"_bbp_reply_count_hidden":0,"_bbp_forum_subforum_count":0,"footnotes":""},"categories":[170,39,1,2,3,8,9,4],"tags":[],"class_list":["post-8469","post","type-post","status-publish","format-standard","hentry","category-curs20-21","category-festes","category-general","category-infantil","category-p3","category-p4","category-p5","category-portada"],"post_mailing_queue_ids":[],"_links":{"self":[{"href":"https:\/\/agora.xtec.cat\/ceip-lasardana\/wp-json\/wp\/v2\/posts\/8469","targetHints":{"allow":["GET"]}}],"collection":[{"href":"https:\/\/agora.xtec.cat\/ceip-lasardana\/wp-json\/wp\/v2\/posts"}],"about":[{"href":"https:\/\/agora.xtec.cat\/ceip-lasardana\/wp-json\/wp\/v2\/types\/post"}],"author":[{"embeddable":true,"href":"https:\/\/agora.xtec.cat\/ceip-lasardana\/wp-json\/wp\/v2\/users\/29"}],"replies":[{"embeddable":true,"href":"https:\/\/agora.xtec.cat\/ceip-lasardana\/wp-json\/wp\/v2\/comments?post=8469"}],"version-history":[{"count":3,"href":"https:\/\/agora.xtec.cat\/ceip-lasardana\/wp-json\/wp\/v2\/posts\/8469\/revisions"}],"predecessor-version":[{"id":8553,"href":"https:\/\/agora.xtec.cat\/ceip-lasardana\/wp-json\/wp\/v2\/posts\/8469\/revisions\/8553"}],"wp:attachment":[{"href":"https:\/\/agora.xtec.cat\/ceip-lasardana\/wp-json\/wp\/v2\/media?parent=8469"}],"wp:term":[{"taxonomy":"category","embeddable":true,"href":"https:\/\/agora.xtec.cat\/ceip-lasardana\/wp-json\/wp\/v2\/categories?post=8469"},{"taxonomy":"post_tag","embeddable":true,"href":"https:\/\/agora.xtec.cat\/ceip-lasardana\/wp-json\/wp\/v2\/tags?post=8469"}],"curies":[{"name":"wp","href":"https:\/\/api.w.org\/{rel}","templated":true}]}}