{"id":8366,"date":"2021-02-02T18:22:59","date_gmt":"2021-02-02T17:22:59","guid":{"rendered":"http:\/\/agora.xtec.cat\/ceip-lasardana\/?p=8366"},"modified":"2021-02-02T18:23:22","modified_gmt":"2021-02-02T17:23:22","slug":"colors-dhivern-pinzellades-de-creativitat","status":"publish","type":"post","link":"https:\/\/agora.xtec.cat\/ceip-lasardana\/general\/colors-dhivern-pinzellades-de-creativitat\/","title":{"rendered":"Colors d&#8217;hivern, pinzellades de creativitat"},"content":{"rendered":"<p>Fa setmanes que els colors de l\u2019hivern comencen a guarnir els nostres espais. Lila, blau, gris&#8230; entre tonalitats i pintures deixem anar la nostra creativitat. Com una forma d\u2019expressi\u00f3 \u00fanica, les nostres mans ballen pel paper deixant tra\u00e7os i empremtes singulars.<\/p>\n<p style=\"text-align: right\"><em>\u00a0 \u00a0 \u00a0 \u00a0 \u00a0 \u00a0 \u00a0 \u00a0 \u00a0 \u00a0 \u00a0 \u00a0 \u00a0 \u00a0 \u201cLa creativitat no \u00e9s una qualitat de la qual estiguin dotats particularment els artistes i altres individus, sin\u00f3 una actitud pr\u00f2pia de cada persona\u201d<\/em><\/p>\n<p style=\"text-align: right\"><em>Fromm (1959)<\/em><\/p>\n<p style=\"text-align: justify\"><em>\u00a0<\/em>Avui, hem decorat els murals de l\u2019hivern sobre paper d\u2019embalar i unes estovalles transparents. Pinzells sucats en pintura, barreja de colors&#8230;.. i tamb\u00e9 textures, densitats, propietats&#8230;. \u00c9s interessant veure com qualsevol forma d\u2019art d\u00f3na lloc a tants aprenentatges&#8230; ci\u00e8ncies, llenguatge, interacci\u00f3&#8230; I \u00e9s que les persones, molt especialment els infants, aprenen, descobreixen, estimen, gaudeixen, es vinculen&#8230; de dins a fora i, nom\u00e9s aix\u00ed, el recorregut del creixement personal pren sentit.<\/p>\n<p>&nbsp;<\/p>\n<p><a href=\"https:\/\/agora.xtec.cat\/ceip-lasardana\/wp-content\/uploads\/usu659\/2021\/02\/WhatsApp-Image-2021-02-02-at-18.04.01.jpeg\"><img loading=\"lazy\" decoding=\"async\" class=\"alignnone wp-image-8371\" src=\"https:\/\/agora.xtec.cat\/ceip-lasardana\/wp-content\/uploads\/usu659\/2021\/02\/WhatsApp-Image-2021-02-02-at-18.04.01-1024x800.jpeg\" alt=\"\" width=\"450\" height=\"351\" srcset=\"https:\/\/agora.xtec.cat\/ceip-lasardana\/wp-content\/uploads\/usu659\/2021\/02\/WhatsApp-Image-2021-02-02-at-18.04.01-1024x800.jpeg 1024w, https:\/\/agora.xtec.cat\/ceip-lasardana\/wp-content\/uploads\/usu659\/2021\/02\/WhatsApp-Image-2021-02-02-at-18.04.01-300x234.jpeg 300w, https:\/\/agora.xtec.cat\/ceip-lasardana\/wp-content\/uploads\/usu659\/2021\/02\/WhatsApp-Image-2021-02-02-at-18.04.01-768x600.jpeg 768w, https:\/\/agora.xtec.cat\/ceip-lasardana\/wp-content\/uploads\/usu659\/2021\/02\/WhatsApp-Image-2021-02-02-at-18.04.01.jpeg 1600w\" sizes=\"auto, (max-width: 450px) 100vw, 450px\" \/><\/a> \u00a0\u00a0 \u00a0\u00a0 <a href=\"https:\/\/agora.xtec.cat\/ceip-lasardana\/wp-content\/uploads\/usu659\/2021\/02\/WhatsApp-Image-2021-02-02-at-18.03.34.jpeg\"><img loading=\"lazy\" decoding=\"async\" class=\"alignnone wp-image-8372\" src=\"https:\/\/agora.xtec.cat\/ceip-lasardana\/wp-content\/uploads\/usu659\/2021\/02\/WhatsApp-Image-2021-02-02-at-18.03.34-1024x855.jpeg\" alt=\"\" width=\"420\" height=\"351\" srcset=\"https:\/\/agora.xtec.cat\/ceip-lasardana\/wp-content\/uploads\/usu659\/2021\/02\/WhatsApp-Image-2021-02-02-at-18.03.34-1024x855.jpeg 1024w, https:\/\/agora.xtec.cat\/ceip-lasardana\/wp-content\/uploads\/usu659\/2021\/02\/WhatsApp-Image-2021-02-02-at-18.03.34-300x250.jpeg 300w, https:\/\/agora.xtec.cat\/ceip-lasardana\/wp-content\/uploads\/usu659\/2021\/02\/WhatsApp-Image-2021-02-02-at-18.03.34-768x641.jpeg 768w, https:\/\/agora.xtec.cat\/ceip-lasardana\/wp-content\/uploads\/usu659\/2021\/02\/WhatsApp-Image-2021-02-02-at-18.03.34.jpeg 1419w\" sizes=\"auto, (max-width: 420px) 100vw, 420px\" \/><\/a><\/p>\n<p><a href=\"https:\/\/agora.xtec.cat\/ceip-lasardana\/wp-content\/uploads\/usu659\/2021\/02\/WhatsApp-Image-2021-02-02-at-17.59.00.jpeg\"><img loading=\"lazy\" decoding=\"async\" class=\"alignnone wp-image-8373\" src=\"https:\/\/agora.xtec.cat\/ceip-lasardana\/wp-content\/uploads\/usu659\/2021\/02\/WhatsApp-Image-2021-02-02-at-17.59.00-1024x716.jpeg\" alt=\"\" width=\"457\" height=\"320\" srcset=\"https:\/\/agora.xtec.cat\/ceip-lasardana\/wp-content\/uploads\/usu659\/2021\/02\/WhatsApp-Image-2021-02-02-at-17.59.00-1024x716.jpeg 1024w, https:\/\/agora.xtec.cat\/ceip-lasardana\/wp-content\/uploads\/usu659\/2021\/02\/WhatsApp-Image-2021-02-02-at-17.59.00-300x210.jpeg 300w, https:\/\/agora.xtec.cat\/ceip-lasardana\/wp-content\/uploads\/usu659\/2021\/02\/WhatsApp-Image-2021-02-02-at-17.59.00-768x537.jpeg 768w, https:\/\/agora.xtec.cat\/ceip-lasardana\/wp-content\/uploads\/usu659\/2021\/02\/WhatsApp-Image-2021-02-02-at-17.59.00.jpeg 1600w\" sizes=\"auto, (max-width: 457px) 100vw, 457px\" \/>\u00a0\u00a0\u00a0\u00a0\u00a0\u00a0<\/a> <a href=\"https:\/\/agora.xtec.cat\/ceip-lasardana\/wp-content\/uploads\/usu659\/2021\/02\/WhatsApp-Image-2021-02-02-at-17.57.32.jpeg\"><img loading=\"lazy\" decoding=\"async\" class=\"alignnone wp-image-8374\" src=\"https:\/\/agora.xtec.cat\/ceip-lasardana\/wp-content\/uploads\/usu659\/2021\/02\/WhatsApp-Image-2021-02-02-at-17.57.32-1024x768.jpeg\" alt=\"\" width=\"421\" height=\"315\" srcset=\"https:\/\/agora.xtec.cat\/ceip-lasardana\/wp-content\/uploads\/usu659\/2021\/02\/WhatsApp-Image-2021-02-02-at-17.57.32-1024x768.jpeg 1024w, https:\/\/agora.xtec.cat\/ceip-lasardana\/wp-content\/uploads\/usu659\/2021\/02\/WhatsApp-Image-2021-02-02-at-17.57.32-300x225.jpeg 300w, https:\/\/agora.xtec.cat\/ceip-lasardana\/wp-content\/uploads\/usu659\/2021\/02\/WhatsApp-Image-2021-02-02-at-17.57.32-768x576.jpeg 768w, https:\/\/agora.xtec.cat\/ceip-lasardana\/wp-content\/uploads\/usu659\/2021\/02\/WhatsApp-Image-2021-02-02-at-17.57.32-200x150.jpeg 200w, https:\/\/agora.xtec.cat\/ceip-lasardana\/wp-content\/uploads\/usu659\/2021\/02\/WhatsApp-Image-2021-02-02-at-17.57.32.jpeg 1600w\" sizes=\"auto, (max-width: 421px) 100vw, 421px\" \/><\/a><\/p>\n","protected":false},"excerpt":{"rendered":"<p>Fa setmanes que els colors de l\u2019hivern comencen a guarnir els nostres espais. Lila, blau, gris&#8230; entre tonalitats i pintures deixem anar la nostra creativitat. Com una forma d\u2019expressi\u00f3 \u00fanica, les nostres mans ballen pel paper deixant tra\u00e7os i empremtes singulars.<br \/>\n\u00a0 \u00a0 \u00a0 \u00a0 \u00a0&hellip;  <a href=\"https:\/\/agora.xtec.cat\/ceip-lasardana\/general\/colors-dhivern-pinzellades-de-creativitat\/\" title=\"Read Colors d&#8217;hivern, pinzellades de creativitat\">Llegeix m\u00e9s\u00bb<\/a><\/p>\n","protected":false},"author":27,"featured_media":8373,"comment_status":"open","ping_status":"closed","sticky":false,"template":"","format":"standard","meta":{"_bbp_topic_count":0,"_bbp_reply_count":0,"_bbp_total_topic_count":0,"_bbp_total_reply_count":0,"_bbp_voice_count":0,"_bbp_anonymous_reply_count":0,"_bbp_topic_count_hidden":0,"_bbp_reply_count_hidden":0,"_bbp_forum_subforum_count":0,"footnotes":""},"categories":[1,2,8,4],"tags":[],"class_list":["post-8366","post","type-post","status-publish","format-standard","has-post-thumbnail","hentry","category-general","category-infantil","category-p4","category-portada"],"post_mailing_queue_ids":[],"_links":{"self":[{"href":"https:\/\/agora.xtec.cat\/ceip-lasardana\/wp-json\/wp\/v2\/posts\/8366","targetHints":{"allow":["GET"]}}],"collection":[{"href":"https:\/\/agora.xtec.cat\/ceip-lasardana\/wp-json\/wp\/v2\/posts"}],"about":[{"href":"https:\/\/agora.xtec.cat\/ceip-lasardana\/wp-json\/wp\/v2\/types\/post"}],"author":[{"embeddable":true,"href":"https:\/\/agora.xtec.cat\/ceip-lasardana\/wp-json\/wp\/v2\/users\/27"}],"replies":[{"embeddable":true,"href":"https:\/\/agora.xtec.cat\/ceip-lasardana\/wp-json\/wp\/v2\/comments?post=8366"}],"version-history":[{"count":3,"href":"https:\/\/agora.xtec.cat\/ceip-lasardana\/wp-json\/wp\/v2\/posts\/8366\/revisions"}],"predecessor-version":[{"id":8380,"href":"https:\/\/agora.xtec.cat\/ceip-lasardana\/wp-json\/wp\/v2\/posts\/8366\/revisions\/8380"}],"wp:featuredmedia":[{"embeddable":true,"href":"https:\/\/agora.xtec.cat\/ceip-lasardana\/wp-json\/wp\/v2\/media\/8373"}],"wp:attachment":[{"href":"https:\/\/agora.xtec.cat\/ceip-lasardana\/wp-json\/wp\/v2\/media?parent=8366"}],"wp:term":[{"taxonomy":"category","embeddable":true,"href":"https:\/\/agora.xtec.cat\/ceip-lasardana\/wp-json\/wp\/v2\/categories?post=8366"},{"taxonomy":"post_tag","embeddable":true,"href":"https:\/\/agora.xtec.cat\/ceip-lasardana\/wp-json\/wp\/v2\/tags?post=8366"}],"curies":[{"name":"wp","href":"https:\/\/api.w.org\/{rel}","templated":true}]}}