{"id":7977,"date":"2020-12-04T17:00:44","date_gmt":"2020-12-04T16:00:44","guid":{"rendered":"http:\/\/agora.xtec.cat\/ceip-lasardana\/?p=7977"},"modified":"2020-11-30T10:23:09","modified_gmt":"2020-11-30T09:23:09","slug":"llegir-a-cegues-i-tu-tanimes","status":"publish","type":"post","link":"https:\/\/agora.xtec.cat\/ceip-lasardana\/portada\/llegir-a-cegues-i-tu-tanimes\/","title":{"rendered":"LLegir a cegues! I tu, t&#8217;atreveixes?"},"content":{"rendered":"<p style=\"text-align: justify;\"><a href=\"https:\/\/agora.xtec.cat\/ceip-lasardana\/wp-content\/uploads\/usu659\/2020\/11\/llegir-a-cegues.png\"><img loading=\"lazy\" decoding=\"async\" class=\" wp-image-7978 alignleft\" src=\"https:\/\/agora.xtec.cat\/ceip-lasardana\/wp-content\/uploads\/usu659\/2020\/11\/llegir-a-cegues.png\" alt=\"\" width=\"307\" height=\"314\" srcset=\"https:\/\/agora.xtec.cat\/ceip-lasardana\/wp-content\/uploads\/usu659\/2020\/11\/llegir-a-cegues.png 571w, https:\/\/agora.xtec.cat\/ceip-lasardana\/wp-content\/uploads\/usu659\/2020\/11\/llegir-a-cegues-293x300.png 293w\" sizes=\"auto, (max-width: 307px) 100vw, 307px\" \/><\/a>La <strong>biblioteca Vicente Aleixandre<\/strong> ens fa una proposta molt interessant! Voleu que us preparin un lot &#8220;sorpresa&#8221; de lectura?<\/p>\n<p style=\"text-align: justify;\">Si la resposta \u00e9s s\u00ed, \u00e9s molt f\u00e0cil. Podeu fer-lis arribar les vostres peticions a trav\u00e9s d&#8217;aquest <a href=\"https:\/\/docs.google.com\/forms\/d\/e\/1FAIpQLSeeKW9GSvWit2nLiE7ah-WU8UFCc698uHWaF2gesefy-AA2Xg\/viewform?gxids=7628\">formulari.<\/a><\/p>\n<p style=\"text-align: justify;\">Amb les pistes que els hi faciliteu us prepararan un\u00a0 <strong><em>LOT SORPRESA I PERSONAL<\/em> <\/strong>adaptat als teus gustos i prefer\u00e8ncies.\u00a0 Quan estiguin enllestits\u00a0 per a la recollida, us trucaran per fixar dia i hora de lliurament.<\/p>\n<p style=\"text-align: justify;\">Per promoure la implicaci\u00f3 de l&#8217;alumnat en la lectura i facilitar l&#8217;adquisici\u00f3 de l&#8217;h\u00e0bit lector, aquestes s\u00f3n algunes de les activitats que s\u2019aconsella dur a terme cada dia:<\/p>\n<ul style=\"list-style-type: circle;\">\n<li>Portar un llibre a la motxilla o a la bossa.<\/li>\n<li>Llegir abans de dormir.<\/li>\n<li>Parlar de llibres i de lectures amb els amics.<\/li>\n<li>Tenir el carnet de la biblioteca.<\/li>\n<li>Buscar estones i moments per llegir al llarg del dia i llegir amb persones grans de casa: pares i avis.<\/li>\n<\/ul>\n","protected":false},"excerpt":{"rendered":"<p><a href=\"https:\/\/agora.xtec.cat\/ceip-lasardana\/wp-content\/uploads\/usu659\/2020\/11\/llegir-a-cegues.png\"><\/a>La biblioteca Vicente Aleixandre ens fa una proposta molt interessant! Voleu que us preparin un lot &#8220;sorpresa&#8221; de lectura?<br \/>\nSi la resposta \u00e9s s\u00ed, \u00e9s molt f\u00e0cil. Podeu fer-lis arribar les vostres peticions a trav\u00e9s d&#8217;aquest <a href=\"https:\/\/docs.google.com\/forms\/d\/e\/1FAIpQLSeeKW9GSvWit2nLiE7ah-WU8UFCc698uHWaF2gesefy-AA2Xg\/viewform?gxids=7628\">formulari.<\/a><br \/>\nAmb les pistes que els hi faciliteu us&hellip;  <a href=\"https:\/\/agora.xtec.cat\/ceip-lasardana\/portada\/llegir-a-cegues-i-tu-tanimes\/\" title=\"Read LLegir a cegues! I tu, t&#8217;atreveixes?\">Llegeix m\u00e9s\u00bb<\/a><\/p>\n","protected":false},"author":8,"featured_media":7981,"comment_status":"open","ping_status":"closed","sticky":false,"template":"","format":"standard","meta":{"_bbp_topic_count":0,"_bbp_reply_count":0,"_bbp_total_topic_count":0,"_bbp_total_reply_count":0,"_bbp_voice_count":0,"_bbp_anonymous_reply_count":0,"_bbp_topic_count_hidden":0,"_bbp_reply_count_hidden":0,"_bbp_forum_subforum_count":0,"footnotes":""},"categories":[122,4],"tags":[],"class_list":["post-7977","post","type-post","status-publish","format-standard","has-post-thumbnail","hentry","category-biblioteca","category-portada"],"post_mailing_queue_ids":[],"_links":{"self":[{"href":"https:\/\/agora.xtec.cat\/ceip-lasardana\/wp-json\/wp\/v2\/posts\/7977","targetHints":{"allow":["GET"]}}],"collection":[{"href":"https:\/\/agora.xtec.cat\/ceip-lasardana\/wp-json\/wp\/v2\/posts"}],"about":[{"href":"https:\/\/agora.xtec.cat\/ceip-lasardana\/wp-json\/wp\/v2\/types\/post"}],"author":[{"embeddable":true,"href":"https:\/\/agora.xtec.cat\/ceip-lasardana\/wp-json\/wp\/v2\/users\/8"}],"replies":[{"embeddable":true,"href":"https:\/\/agora.xtec.cat\/ceip-lasardana\/wp-json\/wp\/v2\/comments?post=7977"}],"version-history":[{"count":3,"href":"https:\/\/agora.xtec.cat\/ceip-lasardana\/wp-json\/wp\/v2\/posts\/7977\/revisions"}],"predecessor-version":[{"id":7983,"href":"https:\/\/agora.xtec.cat\/ceip-lasardana\/wp-json\/wp\/v2\/posts\/7977\/revisions\/7983"}],"wp:featuredmedia":[{"embeddable":true,"href":"https:\/\/agora.xtec.cat\/ceip-lasardana\/wp-json\/wp\/v2\/media\/7981"}],"wp:attachment":[{"href":"https:\/\/agora.xtec.cat\/ceip-lasardana\/wp-json\/wp\/v2\/media?parent=7977"}],"wp:term":[{"taxonomy":"category","embeddable":true,"href":"https:\/\/agora.xtec.cat\/ceip-lasardana\/wp-json\/wp\/v2\/categories?post=7977"},{"taxonomy":"post_tag","embeddable":true,"href":"https:\/\/agora.xtec.cat\/ceip-lasardana\/wp-json\/wp\/v2\/tags?post=7977"}],"curies":[{"name":"wp","href":"https:\/\/api.w.org\/{rel}","templated":true}]}}