{"id":7785,"date":"2020-11-02T09:49:52","date_gmt":"2020-11-02T08:49:52","guid":{"rendered":"http:\/\/agora.xtec.cat\/ceip-lasardana\/?p=7785"},"modified":"2021-02-07T11:41:51","modified_gmt":"2021-02-07T10:41:51","slug":"els-taurons-i-els-anecs-celebren-la-castanyada","status":"publish","type":"post","link":"https:\/\/agora.xtec.cat\/ceip-lasardana\/general\/els-taurons-i-els-anecs-celebren-la-castanyada\/","title":{"rendered":"Els Taurons i els \u00c0necs celebren la Castanyada"},"content":{"rendered":"<p style=\"text-align: center;\"><em>M\u2019agrada la tardor, perqu\u00e8 els arbres es despullen,<\/em><\/p>\n<p style=\"text-align: center;\"><em>M\u2019agrada la tardor, virondeta, virond\u00f3.<\/em><\/p>\n<p style=\"text-align: center;\"><em>Groc, groc, groc, groc, groc, groc,<\/em><\/p>\n<p style=\"text-align: center;\"><em>grogues i seques s\u00f3n les fulles.<\/em><\/p>\n<p style=\"text-align: center;\"><em>Groc, groc, groc, groc, groc, groc,<\/em><\/p>\n<p style=\"text-align: center;\"><em>grogues, vermelles i marrons.\u00a0<\/em><\/p>\n<p>&nbsp;<\/p>\n<p>Entre can\u00e7ons, colors de tardor, manualitats, danses&#8230; van passant els dies a l\u2019escola. Aquesta estaci\u00f3 de l\u2019any amaga moltes coses sorprenents\u2026 Qu\u00e8 meravell\u00f3s poder viure-ho a trav\u00e9s de\u00a0la mirada dels vostres petits! Els seus ulls s\u2019obren encuriosits amb cada sorpresa que arriba a la classe.. tenen tantes coses a dir!\u00a0<em>He anat a la muntanya!, la mama ha comprat castanyes!, a mi m\u2019agraden les pinyes! com als esquirols!&#8230;<\/em><\/p>\n<p>I, com es tradici\u00f3, divendres passat la Castanyera ens va visitar a l\u2019escola. Per\u00f2&#8230; a que no sabeu qu\u00e8? Doncs, va venir acompanyada del Joan Castanyer! Quina sorpresa m\u00e9s especial! Ens van explicar moltes coses interessant i alguna que altra hist\u00f2ria ben divertida!<\/p>\n<p>A la tarda, <strong>els Taurons <\/strong>i <strong>els \u00c0necs<\/strong>, com que est\u00e0vem molt engrescats, vam celebrar a la classe la festa de la Castanyada&#8230; vam ballar i fer xerinola!\u00a0 Aix\u00f2 ens encanta!<\/p>\n<p>Voleu mirar algunes fotos? (cliqueu <a href=\"https:\/\/photos.app.goo.gl\/UA5xt5ydNJeFpPPL9\">aqu\u00ed<\/a>)<\/p>\n<p>Fins a la propera Maria Castanyera i Joan Castanyer! L\u2019any vinent us tornarem a rebre amb la mateixa il\u00b7lusi\u00f3 de sempre!<\/p>\n<p>&nbsp;<\/p>\n<p>&nbsp;<\/p>\n","protected":false},"excerpt":{"rendered":"<p>M\u2019agrada la tardor, perqu\u00e8 els arbres es despullen,<br \/>\nM\u2019agrada la tardor, virondeta, virond\u00f3.<br \/>\nGroc, groc, groc, groc, groc, groc,<br \/>\ngrogues i seques s\u00f3n les fulles.<br \/>\nGroc, groc, groc, groc, groc, groc,<br \/>\ngrogues, vermelles i marrons.\u00a0<br \/>\n&nbsp;<br \/>\nEntre can\u00e7ons, colors de tardor, manualitats, danses&#8230; van passant els dies a l\u2019escola. Aquesta estaci\u00f3 de&hellip;  <a href=\"https:\/\/agora.xtec.cat\/ceip-lasardana\/general\/els-taurons-i-els-anecs-celebren-la-castanyada\/\" title=\"Read Els Taurons i els \u00c0necs celebren la Castanyada\">Llegeix m\u00e9s\u00bb<\/a><\/p>\n","protected":false},"author":27,"featured_media":7787,"comment_status":"open","ping_status":"closed","sticky":false,"template":"","format":"standard","meta":{"_bbp_topic_count":0,"_bbp_reply_count":0,"_bbp_total_topic_count":0,"_bbp_total_reply_count":0,"_bbp_voice_count":0,"_bbp_anonymous_reply_count":0,"_bbp_topic_count_hidden":0,"_bbp_reply_count_hidden":0,"_bbp_forum_subforum_count":0,"footnotes":""},"categories":[39,1,8,4],"tags":[],"class_list":["post-7785","post","type-post","status-publish","format-standard","has-post-thumbnail","hentry","category-festes","category-general","category-p4","category-portada"],"post_mailing_queue_ids":[],"_links":{"self":[{"href":"https:\/\/agora.xtec.cat\/ceip-lasardana\/wp-json\/wp\/v2\/posts\/7785","targetHints":{"allow":["GET"]}}],"collection":[{"href":"https:\/\/agora.xtec.cat\/ceip-lasardana\/wp-json\/wp\/v2\/posts"}],"about":[{"href":"https:\/\/agora.xtec.cat\/ceip-lasardana\/wp-json\/wp\/v2\/types\/post"}],"author":[{"embeddable":true,"href":"https:\/\/agora.xtec.cat\/ceip-lasardana\/wp-json\/wp\/v2\/users\/27"}],"replies":[{"embeddable":true,"href":"https:\/\/agora.xtec.cat\/ceip-lasardana\/wp-json\/wp\/v2\/comments?post=7785"}],"version-history":[{"count":3,"href":"https:\/\/agora.xtec.cat\/ceip-lasardana\/wp-json\/wp\/v2\/posts\/7785\/revisions"}],"predecessor-version":[{"id":8450,"href":"https:\/\/agora.xtec.cat\/ceip-lasardana\/wp-json\/wp\/v2\/posts\/7785\/revisions\/8450"}],"wp:featuredmedia":[{"embeddable":true,"href":"https:\/\/agora.xtec.cat\/ceip-lasardana\/wp-json\/wp\/v2\/media\/7787"}],"wp:attachment":[{"href":"https:\/\/agora.xtec.cat\/ceip-lasardana\/wp-json\/wp\/v2\/media?parent=7785"}],"wp:term":[{"taxonomy":"category","embeddable":true,"href":"https:\/\/agora.xtec.cat\/ceip-lasardana\/wp-json\/wp\/v2\/categories?post=7785"},{"taxonomy":"post_tag","embeddable":true,"href":"https:\/\/agora.xtec.cat\/ceip-lasardana\/wp-json\/wp\/v2\/tags?post=7785"}],"curies":[{"name":"wp","href":"https:\/\/api.w.org\/{rel}","templated":true}]}}