{"id":7504,"date":"2020-06-22T17:30:15","date_gmt":"2020-06-22T15:30:15","guid":{"rendered":"http:\/\/agora.xtec.cat\/ceip-lasardana\/?p=7504"},"modified":"2020-06-22T20:38:48","modified_gmt":"2020-06-22T18:38:48","slug":"reflexions-dels-trevols-i-les-savies","status":"publish","type":"post","link":"https:\/\/agora.xtec.cat\/ceip-lasardana\/general\/reflexions-dels-trevols-i-les-savies\/","title":{"rendered":"Reflexions dels Tr\u00e8vols i les &#8220;S\u00e0vies&#8221;"},"content":{"rendered":"<p>Ha acabat el curs i comencem les vacances d&#8217;estiu, per aix\u00f2, els Tr\u00e8vols i les S\u00e0vies ens expliquen les seves reflexions del curs: Quin \u00e9s el millor record d&#8217;aquest curs? Quin desig tens pel curs que ve? Ens dius una frase de comiat?<\/p>\n<h3 style=\"text-align: left\"><strong>BONES VACANCES!\u00a0<\/strong><\/h3>\n<p><a href=\"https:\/\/drive.google.com\/file\/d\/1-ps_6mM0oOxs_8xEgbAVoEG8SVrgsT34\/view?usp=sharing\" target=\"_blank\" rel=\"noopener noreferrer\"><img loading=\"lazy\" decoding=\"async\" class=\"wp-image-7505 alignleft\" src=\"https:\/\/agora.xtec.cat\/ceip-lasardana\/wp-content\/uploads\/usu659\/2020\/06\/Presentaci\u00f3-sense-t\u00edtol-2.jpg\" alt=\"\" width=\"546\" height=\"386\" srcset=\"https:\/\/agora.xtec.cat\/ceip-lasardana\/wp-content\/uploads\/usu659\/2020\/06\/Presentaci\u00f3-sense-t\u00edtol-2.jpg 764w, https:\/\/agora.xtec.cat\/ceip-lasardana\/wp-content\/uploads\/usu659\/2020\/06\/Presentaci\u00f3-sense-t\u00edtol-2-300x212.jpg 300w\" sizes=\"auto, (max-width: 546px) 100vw, 546px\" \/><\/a><\/p>\n","protected":false},"excerpt":{"rendered":"<p>Ha acabat el curs i comencem les vacances d&#8217;estiu, per aix\u00f2, els Tr\u00e8vols i les S\u00e0vies ens expliquen les seves reflexions del curs: Quin \u00e9s el millor record d&#8217;aquest curs? Quin desig tens pel curs que ve? Ens dius una frase de comiat?<br \/>\nBONES VACANCES!\u00a0<br \/>\n<a href=\"https:\/\/drive.google.com\/file\/d\/1-ps_6mM0oOxs_8xEgbAVoEG8SVrgsT34\/view?usp=sharing\"&hellip;  <a href=\"https:\/\/agora.xtec.cat\/ceip-lasardana\/general\/reflexions-dels-trevols-i-les-savies\/\" title=\"Read Reflexions dels Tr\u00e8vols i les &#8220;S\u00e0vies&#8221;\">Llegeix m\u00e9s\u00bb<\/a><\/p>\n","protected":false},"author":64,"featured_media":7505,"comment_status":"open","ping_status":"closed","sticky":false,"template":"","format":"standard","meta":{"_bbp_topic_count":0,"_bbp_reply_count":0,"_bbp_total_topic_count":0,"_bbp_total_reply_count":0,"_bbp_voice_count":0,"_bbp_anonymous_reply_count":0,"_bbp_topic_count_hidden":0,"_bbp_reply_count_hidden":0,"_bbp_forum_subforum_count":0,"footnotes":""},"categories":[10,1,4],"tags":[],"class_list":["post-7504","post","type-post","status-publish","format-standard","has-post-thumbnail","hentry","category-1r","category-general","category-portada"],"post_mailing_queue_ids":[],"_links":{"self":[{"href":"https:\/\/agora.xtec.cat\/ceip-lasardana\/wp-json\/wp\/v2\/posts\/7504","targetHints":{"allow":["GET"]}}],"collection":[{"href":"https:\/\/agora.xtec.cat\/ceip-lasardana\/wp-json\/wp\/v2\/posts"}],"about":[{"href":"https:\/\/agora.xtec.cat\/ceip-lasardana\/wp-json\/wp\/v2\/types\/post"}],"author":[{"embeddable":true,"href":"https:\/\/agora.xtec.cat\/ceip-lasardana\/wp-json\/wp\/v2\/users\/64"}],"replies":[{"embeddable":true,"href":"https:\/\/agora.xtec.cat\/ceip-lasardana\/wp-json\/wp\/v2\/comments?post=7504"}],"version-history":[{"count":3,"href":"https:\/\/agora.xtec.cat\/ceip-lasardana\/wp-json\/wp\/v2\/posts\/7504\/revisions"}],"predecessor-version":[{"id":7508,"href":"https:\/\/agora.xtec.cat\/ceip-lasardana\/wp-json\/wp\/v2\/posts\/7504\/revisions\/7508"}],"wp:featuredmedia":[{"embeddable":true,"href":"https:\/\/agora.xtec.cat\/ceip-lasardana\/wp-json\/wp\/v2\/media\/7505"}],"wp:attachment":[{"href":"https:\/\/agora.xtec.cat\/ceip-lasardana\/wp-json\/wp\/v2\/media?parent=7504"}],"wp:term":[{"taxonomy":"category","embeddable":true,"href":"https:\/\/agora.xtec.cat\/ceip-lasardana\/wp-json\/wp\/v2\/categories?post=7504"},{"taxonomy":"post_tag","embeddable":true,"href":"https:\/\/agora.xtec.cat\/ceip-lasardana\/wp-json\/wp\/v2\/tags?post=7504"}],"curies":[{"name":"wp","href":"https:\/\/api.w.org\/{rel}","templated":true}]}}