{"id":7107,"date":"2020-05-10T15:24:26","date_gmt":"2020-05-10T13:24:26","guid":{"rendered":"http:\/\/agora.xtec.cat\/ceip-lasardana\/?p=7107"},"modified":"2020-05-10T15:24:26","modified_gmt":"2020-05-10T13:24:26","slug":"dia-mundial-del-reciclatge","status":"publish","type":"post","link":"https:\/\/agora.xtec.cat\/ceip-lasardana\/portada\/dia-mundial-del-reciclatge\/","title":{"rendered":"Dia mundial del reciclatge"},"content":{"rendered":"<p><a href=\"https:\/\/agora.xtec.cat\/ceip-lasardana\/wp-content\/uploads\/usu659\/2020\/05\/img_reciclaje-datos-ecoembes-art.jpg\"><img loading=\"lazy\" decoding=\"async\" class=\" wp-image-7108 alignleft\" src=\"https:\/\/agora.xtec.cat\/ceip-lasardana\/wp-content\/uploads\/usu659\/2020\/05\/img_reciclaje-datos-ecoembes-art.jpg\" alt=\"\" width=\"255\" height=\"317\" srcset=\"https:\/\/agora.xtec.cat\/ceip-lasardana\/wp-content\/uploads\/usu659\/2020\/05\/img_reciclaje-datos-ecoembes-art.jpg 750w, https:\/\/agora.xtec.cat\/ceip-lasardana\/wp-content\/uploads\/usu659\/2020\/05\/img_reciclaje-datos-ecoembes-art-242x300.jpg 242w\" sizes=\"auto, (max-width: 255px) 100vw, 255px\" \/><\/a>El 17 de maig es commemora el Dia\u00a0 mundial del reciclatge. L\u2019objectiu \u00e9s recordar l\u2019estrat\u00e8gia de <strong>Reduir, Reutilitzar i Reciclar<\/strong>, que busca reorientar el comportament de tots els ciutadans per millorar el medi ambient, ja que cada cop que reciclem evitem l\u2019acumulaci\u00f3 de recursos naturals i allargant la vida \u00fatil dels materials. Alhora, estalviem recursos naturals, mat\u00e8ries primeres i energia. A trav\u00e9s del reciclatge, els residus esdevenen recursos si els recuperem mitjan\u00e7ant el sistema de recollida selectiva.<\/p>\n<p>Si en voleu saber m\u00e9s! <a class=\"orange light\" title=\"Projecte: Residu on vas? (Generalitat de Catalunya)\" href=\"https:\/\/www.residuonvas.cat\/\">Projecte: Residu on vas? (Generalitat de Catalunya)<\/a><\/p>\n<p><a href=\"https:\/\/agora.xtec.cat\/ceip-lasardana\/wp-content\/uploads\/usu659\/2020\/05\/residuonvas.jpg_1781486060.jpg\"><img loading=\"lazy\" decoding=\"async\" class=\"wp-image-7110 alignright\" src=\"https:\/\/agora.xtec.cat\/ceip-lasardana\/wp-content\/uploads\/usu659\/2020\/05\/residuonvas.jpg_1781486060.jpg\" alt=\"\" width=\"103\" height=\"183\" srcset=\"https:\/\/agora.xtec.cat\/ceip-lasardana\/wp-content\/uploads\/usu659\/2020\/05\/residuonvas.jpg_1781486060.jpg 299w, https:\/\/agora.xtec.cat\/ceip-lasardana\/wp-content\/uploads\/usu659\/2020\/05\/residuonvas.jpg_1781486060-169x300.jpg 169w\" sizes=\"auto, (max-width: 103px) 100vw, 103px\" \/><\/a>Aquesta aplicaci\u00f3 permet con\u00e8ixer de manera visual on s&#8217;ha de llen\u00e7ar cada residu per a reciclar-lo correctament o si s&#8217;ha de dur a una deixalleria, quin proc\u00e9s de reciclatge segueix i en que es transforma.<\/p>\n<p>Fent-ho aix\u00ed, s&#8217;optimitza el proc\u00e9s de reciclatge i es millora el medi ambient!<\/p>\n","protected":false},"excerpt":{"rendered":"<p><a href=\"https:\/\/agora.xtec.cat\/ceip-lasardana\/wp-content\/uploads\/usu659\/2020\/05\/img_reciclaje-datos-ecoembes-art.jpg\"><\/a>El 17 de maig es commemora el Dia\u00a0 mundial del reciclatge. L\u2019objectiu \u00e9s recordar l\u2019estrat\u00e8gia de Reduir, Reutilitzar i Reciclar, que busca reorientar el comportament de tots els ciutadans per millorar el medi ambient, ja que cada cop que reciclem evitem l\u2019acumulaci\u00f3 de recursos&hellip;  <a href=\"https:\/\/agora.xtec.cat\/ceip-lasardana\/portada\/dia-mundial-del-reciclatge\/\" title=\"Read Dia mundial del reciclatge\">Llegeix m\u00e9s\u00bb<\/a><\/p>\n","protected":false},"author":8,"featured_media":7110,"comment_status":"open","ping_status":"closed","sticky":false,"template":"","format":"standard","meta":{"_bbp_topic_count":0,"_bbp_reply_count":0,"_bbp_total_topic_count":0,"_bbp_total_reply_count":0,"_bbp_voice_count":0,"_bbp_anonymous_reply_count":0,"_bbp_topic_count_hidden":0,"_bbp_reply_count_hidden":0,"_bbp_forum_subforum_count":0,"footnotes":""},"categories":[98,22,4],"tags":[],"class_list":["post-7107","post","type-post","status-publish","format-standard","has-post-thumbnail","hentry","category-aula-de-ciencies","category-escola-verda","category-portada"],"post_mailing_queue_ids":[],"_links":{"self":[{"href":"https:\/\/agora.xtec.cat\/ceip-lasardana\/wp-json\/wp\/v2\/posts\/7107","targetHints":{"allow":["GET"]}}],"collection":[{"href":"https:\/\/agora.xtec.cat\/ceip-lasardana\/wp-json\/wp\/v2\/posts"}],"about":[{"href":"https:\/\/agora.xtec.cat\/ceip-lasardana\/wp-json\/wp\/v2\/types\/post"}],"author":[{"embeddable":true,"href":"https:\/\/agora.xtec.cat\/ceip-lasardana\/wp-json\/wp\/v2\/users\/8"}],"replies":[{"embeddable":true,"href":"https:\/\/agora.xtec.cat\/ceip-lasardana\/wp-json\/wp\/v2\/comments?post=7107"}],"version-history":[{"count":3,"href":"https:\/\/agora.xtec.cat\/ceip-lasardana\/wp-json\/wp\/v2\/posts\/7107\/revisions"}],"predecessor-version":[{"id":7112,"href":"https:\/\/agora.xtec.cat\/ceip-lasardana\/wp-json\/wp\/v2\/posts\/7107\/revisions\/7112"}],"wp:featuredmedia":[{"embeddable":true,"href":"https:\/\/agora.xtec.cat\/ceip-lasardana\/wp-json\/wp\/v2\/media\/7110"}],"wp:attachment":[{"href":"https:\/\/agora.xtec.cat\/ceip-lasardana\/wp-json\/wp\/v2\/media?parent=7107"}],"wp:term":[{"taxonomy":"category","embeddable":true,"href":"https:\/\/agora.xtec.cat\/ceip-lasardana\/wp-json\/wp\/v2\/categories?post=7107"},{"taxonomy":"post_tag","embeddable":true,"href":"https:\/\/agora.xtec.cat\/ceip-lasardana\/wp-json\/wp\/v2\/tags?post=7107"}],"curies":[{"name":"wp","href":"https:\/\/api.w.org\/{rel}","templated":true}]}}