{"id":6614,"date":"2020-02-14T15:51:25","date_gmt":"2020-02-14T14:51:25","guid":{"rendered":"http:\/\/agora.xtec.cat\/ceip-lasardana\/?p=6614"},"modified":"2021-02-07T11:46:02","modified_gmt":"2021-02-07T10:46:02","slug":"estimat-lhort-ja-te-la-caseta","status":"publish","type":"post","link":"https:\/\/agora.xtec.cat\/ceip-lasardana\/portada\/estimat-lhort-ja-te-la-caseta\/","title":{"rendered":"Estima&#8217;t l&#8217;hort ja t\u00e9 la Caseta!"},"content":{"rendered":"<p><iframe loading=\"lazy\" src=\"https:\/\/drive.google.com\/file\/d\/1g7_YKrQhZJIJ3qXhx3lKE1icYiv9URZN\/preview\" width=\"640\" height=\"480\"><\/iframe><br \/>\nLa setmana passada ja vam inaugurar la nostra jugateca ambiental situada a l&#8217;espai de l&#8217;hort. Aquest projecte \u00e9s el s\u00edmbol d&#8217;un gran treball en equip, de la import\u00e0ncia de la perseveran\u00e7a , la capacitat d&#8217;esfor\u00e7 i de com l&#8217;entusiasme i la la motivaci\u00f3 s\u00f3n motor de canvi.<\/p>\n<p>Tot un exemple de corresponsabilitat educativa on fam\u00edlia i escola han treballat de valent per fer-ho possible. Aprofitem per agrair enormement a les fam\u00edlies que han col\u00b7laborat perqu\u00e8 elles han fet gran part de la feina bruta i sense elles no s&#8217;hagu\u00e9s fet realitat.<\/p>\n<p>Estima&#8217;t l&#8217;hort, es consolida i creix!\u00a0 Sent un espai m\u00e0gic on gaudeixen i aprenen els nostres alumnes en contacte amb la natura.<\/p>\n<p>&nbsp;<\/p>\n","protected":false},"excerpt":{"rendered":"<p>La setmana passada ja vam inaugurar la nostra jugateca ambiental situada a l&#8217;espai de l&#8217;hort. Aquest projecte \u00e9s el s\u00edmbol d&#8217;un gran treball en equip, de la import\u00e0ncia de la perseveran\u00e7a , la capacitat d&#8217;esfor\u00e7 i de com l&#8217;entusiasme i la la motivaci\u00f3 s\u00f3n motor&hellip;  <a href=\"https:\/\/agora.xtec.cat\/ceip-lasardana\/portada\/estimat-lhort-ja-te-la-caseta\/\" title=\"Read Estima&#8217;t l&#8217;hort ja t\u00e9 la Caseta!\">Llegeix m\u00e9s\u00bb<\/a><\/p>\n","protected":false},"author":8,"featured_media":0,"comment_status":"open","ping_status":"closed","sticky":false,"template":"","format":"standard","meta":{"_bbp_topic_count":0,"_bbp_reply_count":0,"_bbp_total_topic_count":0,"_bbp_total_reply_count":0,"_bbp_voice_count":0,"_bbp_anonymous_reply_count":0,"_bbp_topic_count_hidden":0,"_bbp_reply_count_hidden":0,"_bbp_forum_subforum_count":0,"footnotes":""},"categories":[98,22,45,4],"tags":[],"class_list":["post-6614","post","type-post","status-publish","format-standard","hentry","category-aula-de-ciencies","category-escola-verda","category-pla-de-patis","category-portada"],"post_mailing_queue_ids":[],"_links":{"self":[{"href":"https:\/\/agora.xtec.cat\/ceip-lasardana\/wp-json\/wp\/v2\/posts\/6614","targetHints":{"allow":["GET"]}}],"collection":[{"href":"https:\/\/agora.xtec.cat\/ceip-lasardana\/wp-json\/wp\/v2\/posts"}],"about":[{"href":"https:\/\/agora.xtec.cat\/ceip-lasardana\/wp-json\/wp\/v2\/types\/post"}],"author":[{"embeddable":true,"href":"https:\/\/agora.xtec.cat\/ceip-lasardana\/wp-json\/wp\/v2\/users\/8"}],"replies":[{"embeddable":true,"href":"https:\/\/agora.xtec.cat\/ceip-lasardana\/wp-json\/wp\/v2\/comments?post=6614"}],"version-history":[{"count":3,"href":"https:\/\/agora.xtec.cat\/ceip-lasardana\/wp-json\/wp\/v2\/posts\/6614\/revisions"}],"predecessor-version":[{"id":6620,"href":"https:\/\/agora.xtec.cat\/ceip-lasardana\/wp-json\/wp\/v2\/posts\/6614\/revisions\/6620"}],"wp:attachment":[{"href":"https:\/\/agora.xtec.cat\/ceip-lasardana\/wp-json\/wp\/v2\/media?parent=6614"}],"wp:term":[{"taxonomy":"category","embeddable":true,"href":"https:\/\/agora.xtec.cat\/ceip-lasardana\/wp-json\/wp\/v2\/categories?post=6614"},{"taxonomy":"post_tag","embeddable":true,"href":"https:\/\/agora.xtec.cat\/ceip-lasardana\/wp-json\/wp\/v2\/tags?post=6614"}],"curies":[{"name":"wp","href":"https:\/\/api.w.org\/{rel}","templated":true}]}}