{"id":6286,"date":"2019-10-13T19:49:24","date_gmt":"2019-10-13T17:49:24","guid":{"rendered":"http:\/\/agora.xtec.cat\/ceip-lasardana\/?p=6286"},"modified":"2019-10-13T19:52:06","modified_gmt":"2019-10-13T17:52:06","slug":"un-dia-molt-especial-al-laboratori","status":"publish","type":"post","link":"https:\/\/agora.xtec.cat\/ceip-lasardana\/portada\/un-dia-molt-especial-al-laboratori\/","title":{"rendered":"Un dia molt especial al laboratori!"},"content":{"rendered":"<p>Per als alumnes de 5\u00e8 aquesta setmana anar al laboratori ha estat ben especial.<\/p>\n<p>Aquesta aula \u00e9s sens dubte un dels espais m\u00e9s valorat i estimat per tots els alumnes. Anar all\u00e0 a fer classe \u00e9s un regal per ells, per tot el que poden veure, tocar i experimentar. Sovint una sessi\u00f3 al laboratori es torna ben m\u00e0gica perqu\u00e8 permet entendre tot all\u00f2 que un dia abans hav\u00edem parlat o observat en un llibre o a la PDI.<\/p>\n<p>A 5\u00e8 estem aprenent com \u00e9s i funciona el nostre cos i concretament, el nostre aparell respiratori. Hem apr\u00e8s les seves parts i les seves funcions per\u00f2 poder veure i tocar un pulm\u00f3, fer una dissecci\u00f3 per descobrir les seves parts ha estat una de les experi\u00e8ncies m\u00e9s gratificants, tot i el repte que aix\u00f2 suposava.<\/p>\n<p><a href=\"https:\/\/agora.xtec.cat\/ceip-lasardana\/wp-content\/uploads\/usu659\/2019\/10\/3-1.jpg\"><img loading=\"lazy\" decoding=\"async\" class=\"alignnone wp-image-6289\" src=\"https:\/\/agora.xtec.cat\/ceip-lasardana\/wp-content\/uploads\/usu659\/2019\/10\/3-1-1024x768.jpg\" alt=\"\" width=\"267\" height=\"201\" srcset=\"https:\/\/agora.xtec.cat\/ceip-lasardana\/wp-content\/uploads\/usu659\/2019\/10\/3-1-1024x768.jpg 1024w, https:\/\/agora.xtec.cat\/ceip-lasardana\/wp-content\/uploads\/usu659\/2019\/10\/3-1-300x225.jpg 300w, https:\/\/agora.xtec.cat\/ceip-lasardana\/wp-content\/uploads\/usu659\/2019\/10\/3-1-768x576.jpg 768w, https:\/\/agora.xtec.cat\/ceip-lasardana\/wp-content\/uploads\/usu659\/2019\/10\/3-1-200x150.jpg 200w\" sizes=\"auto, (max-width: 267px) 100vw, 267px\" \/><\/a> \u00a0<a href=\"https:\/\/agora.xtec.cat\/ceip-lasardana\/wp-content\/uploads\/usu659\/2019\/10\/2-1.jpg\"><img loading=\"lazy\" decoding=\"async\" class=\"alignnone wp-image-6288\" src=\"https:\/\/agora.xtec.cat\/ceip-lasardana\/wp-content\/uploads\/usu659\/2019\/10\/2-1-1024x768.jpg\" alt=\"\" width=\"265\" height=\"199\" srcset=\"https:\/\/agora.xtec.cat\/ceip-lasardana\/wp-content\/uploads\/usu659\/2019\/10\/2-1-1024x768.jpg 1024w, https:\/\/agora.xtec.cat\/ceip-lasardana\/wp-content\/uploads\/usu659\/2019\/10\/2-1-300x225.jpg 300w, https:\/\/agora.xtec.cat\/ceip-lasardana\/wp-content\/uploads\/usu659\/2019\/10\/2-1-768x576.jpg 768w, https:\/\/agora.xtec.cat\/ceip-lasardana\/wp-content\/uploads\/usu659\/2019\/10\/2-1-200x150.jpg 200w\" sizes=\"auto, (max-width: 265px) 100vw, 265px\" \/>\u00a0<\/a> <a href=\"https:\/\/agora.xtec.cat\/ceip-lasardana\/wp-content\/uploads\/usu659\/2019\/10\/1-1.jpg\"><img loading=\"lazy\" decoding=\"async\" class=\"alignnone wp-image-6287\" src=\"https:\/\/agora.xtec.cat\/ceip-lasardana\/wp-content\/uploads\/usu659\/2019\/10\/1-1-1024x768.jpg\" alt=\"\" width=\"260\" height=\"195\" srcset=\"https:\/\/agora.xtec.cat\/ceip-lasardana\/wp-content\/uploads\/usu659\/2019\/10\/1-1-1024x768.jpg 1024w, https:\/\/agora.xtec.cat\/ceip-lasardana\/wp-content\/uploads\/usu659\/2019\/10\/1-1-300x225.jpg 300w, https:\/\/agora.xtec.cat\/ceip-lasardana\/wp-content\/uploads\/usu659\/2019\/10\/1-1-768x576.jpg 768w, https:\/\/agora.xtec.cat\/ceip-lasardana\/wp-content\/uploads\/usu659\/2019\/10\/1-1-200x150.jpg 200w\" sizes=\"auto, (max-width: 260px) 100vw, 260px\" \/><\/a><\/p>\n","protected":false},"excerpt":{"rendered":"<p>Per als alumnes de 5\u00e8 aquesta setmana anar al laboratori ha estat ben especial.<br \/>\nAquesta aula \u00e9s sens dubte un dels espais m\u00e9s valorat i estimat per tots els alumnes. Anar all\u00e0 a fer classe \u00e9s un regal per ells, per tot el que poden veure,&hellip;  <a href=\"https:\/\/agora.xtec.cat\/ceip-lasardana\/portada\/un-dia-molt-especial-al-laboratori\/\" title=\"Read Un dia molt especial al laboratori!\">Llegeix m\u00e9s\u00bb<\/a><\/p>\n","protected":false},"author":8,"featured_media":6290,"comment_status":"open","ping_status":"closed","sticky":false,"template":"","format":"standard","meta":{"_bbp_topic_count":0,"_bbp_reply_count":0,"_bbp_total_topic_count":0,"_bbp_total_reply_count":0,"_bbp_voice_count":0,"_bbp_anonymous_reply_count":0,"_bbp_topic_count_hidden":0,"_bbp_reply_count_hidden":0,"_bbp_forum_subforum_count":0,"footnotes":""},"categories":[14,98,4],"tags":[],"class_list":["post-6286","post","type-post","status-publish","format-standard","has-post-thumbnail","hentry","category-5e","category-aula-de-ciencies","category-portada"],"post_mailing_queue_ids":[],"_links":{"self":[{"href":"https:\/\/agora.xtec.cat\/ceip-lasardana\/wp-json\/wp\/v2\/posts\/6286","targetHints":{"allow":["GET"]}}],"collection":[{"href":"https:\/\/agora.xtec.cat\/ceip-lasardana\/wp-json\/wp\/v2\/posts"}],"about":[{"href":"https:\/\/agora.xtec.cat\/ceip-lasardana\/wp-json\/wp\/v2\/types\/post"}],"author":[{"embeddable":true,"href":"https:\/\/agora.xtec.cat\/ceip-lasardana\/wp-json\/wp\/v2\/users\/8"}],"replies":[{"embeddable":true,"href":"https:\/\/agora.xtec.cat\/ceip-lasardana\/wp-json\/wp\/v2\/comments?post=6286"}],"version-history":[{"count":2,"href":"https:\/\/agora.xtec.cat\/ceip-lasardana\/wp-json\/wp\/v2\/posts\/6286\/revisions"}],"predecessor-version":[{"id":6292,"href":"https:\/\/agora.xtec.cat\/ceip-lasardana\/wp-json\/wp\/v2\/posts\/6286\/revisions\/6292"}],"wp:featuredmedia":[{"embeddable":true,"href":"https:\/\/agora.xtec.cat\/ceip-lasardana\/wp-json\/wp\/v2\/media\/6290"}],"wp:attachment":[{"href":"https:\/\/agora.xtec.cat\/ceip-lasardana\/wp-json\/wp\/v2\/media?parent=6286"}],"wp:term":[{"taxonomy":"category","embeddable":true,"href":"https:\/\/agora.xtec.cat\/ceip-lasardana\/wp-json\/wp\/v2\/categories?post=6286"},{"taxonomy":"post_tag","embeddable":true,"href":"https:\/\/agora.xtec.cat\/ceip-lasardana\/wp-json\/wp\/v2\/tags?post=6286"}],"curies":[{"name":"wp","href":"https:\/\/api.w.org\/{rel}","templated":true}]}}